{"id":187008,"date":"2025-06-18T23:16:09","date_gmt":"2025-06-18T23:16:09","guid":{"rendered":"https:\/\/www.europesays.com\/fr\/187008\/"},"modified":"2025-06-18T23:16:09","modified_gmt":"2025-06-18T23:16:09","slug":"previsions-du-jeudi-19-juin-2025-3","status":"publish","type":"post","link":"https:\/\/www.europesays.com\/fr\/187008\/","title":{"rendered":"pr\u00e9visions du jeudi 19 juin 2025"},"content":{"rendered":"<p>Aujourd&rsquo;hui, les Marseillais vont pouvoir profiter d&rsquo;un soleil radieux. Les valeurs s&rsquo;\u00e9chelonneront entre 23 et 27\u00b0C. Un petit vent de sud-ouest soufflera. Il fera en moyenne 26\u00b0C, le matin. Les maximales atteindront les 27\u00b0C dans l&rsquo;apr\u00e8s-midi et les minimales seront de 26\u00b0C. Dans la soir\u00e9e, les temp\u00e9ratures tourneront autour des 25\u00b0C. On pr\u00e9voit une nuit claire entre jeudi et vendredi.<\/p>\n<p>C&rsquo;est un soleil magnifique qui va briller demain sur Marseille. La m\u00e9t\u00e9o va se r\u00e9chauffer avec une hausse de quelques degr\u00e9s. Le thermom\u00e8tre affichera 26\u00b0C en moyenne. Les temp\u00e9ratures seront comprises entre 24 et 28\u00b0C le matin. Un vent de sud-ouest rafra\u00eechira quelque peu l&rsquo;atmosph\u00e8re. Les valeurs s&rsquo;\u00e9chelonneront de 27 \u00e0 28\u00b0C sur l&rsquo;ensemble de l&rsquo;apr\u00e8s-midi. Il va faire 26\u00b0C en moyenne demain soir. Une modeste brise de sud-ouest sera ressentie par les habitants.<\/p>\n<p>Pour les jours \u00e0 venir, le temps ne changera pas. Des temp\u00e9ratures dans les 25\u00b0C iront de pair avec un ciel ensoleill\u00e9.<\/p>\n<p>Le solstice d&rsquo;\u00e9t\u00e9 c&rsquo;est demain, profitez du jour le plus long de l&rsquo;ann\u00e9e pour c\u00e9l\u00e9brer le d\u00e9but de l&rsquo;\u00e9t\u00e9 en musique !<\/p>\n","protected":false},"excerpt":{"rendered":"Aujourd&rsquo;hui, les Marseillais vont pouvoir profiter d&rsquo;un soleil radieux. Les valeurs s&rsquo;\u00e9chelonneront entre 23 et 27\u00b0C. Un petit&hellip;\n","protected":false},"author":2,"featured_media":187009,"comment_status":"","ping_status":"","sticky":false,"template":"","format":"standard","meta":{"footnotes":""},"categories":[2814],"tags":[1111,11,885,1777,674,1011,27,884,12,883,2119,882,25],"class_list":{"0":"post-187008","1":"post","2":"type-post","3":"status-publish","4":"format-standard","5":"has-post-thumbnail","7":"category-marseille","8":"tag-actu","9":"tag-actualites","10":"tag-bouches-du-rhone","11":"tag-eu","12":"tag-europe","13":"tag-fr","14":"tag-france","15":"tag-marseille","16":"tag-news","17":"tag-paca","18":"tag-previsions-meteo","19":"tag-provence-alpes-cote-dazur","20":"tag-republique-francaise"},"share_on_mastodon":{"url":"https:\/\/pubeurope.com\/@fr\/114706919177432756","error":""},"_links":{"self":[{"href":"https:\/\/www.europesays.com\/fr\/wp-json\/wp\/v2\/posts\/187008","targetHints":{"allow":["GET"]}}],"collection":[{"href":"https:\/\/www.europesays.com\/fr\/wp-json\/wp\/v2\/posts"}],"about":[{"href":"https:\/\/www.europesays.com\/fr\/wp-json\/wp\/v2\/types\/post"}],"author":[{"embeddable":true,"href":"https:\/\/www.europesays.com\/fr\/wp-json\/wp\/v2\/users\/2"}],"replies":[{"embeddable":true,"href":"https:\/\/www.europesays.com\/fr\/wp-json\/wp\/v2\/comments?post=187008"}],"version-history":[{"count":0,"href":"https:\/\/www.europesays.com\/fr\/wp-json\/wp\/v2\/posts\/187008\/revisions"}],"wp:featuredmedia":[{"embeddable":true,"href":"https:\/\/www.europesays.com\/fr\/wp-json\/wp\/v2\/media\/187009"}],"wp:attachment":[{"href":"https:\/\/www.europesays.com\/fr\/wp-json\/wp\/v2\/media?parent=187008"}],"wp:term":[{"taxonomy":"category","embeddable":true,"href":"https:\/\/www.europesays.com\/fr\/wp-json\/wp\/v2\/categories?post=187008"},{"taxonomy":"post_tag","embeddable":true,"href":"https:\/\/www.europesays.com\/fr\/wp-json\/wp\/v2\/tags?post=187008"}],"curies":[{"name":"wp","href":"https:\/\/api.w.org\/{rel}","templated":true}]}}