{"id":187012,"date":"2025-06-18T23:18:21","date_gmt":"2025-06-18T23:18:21","guid":{"rendered":"https:\/\/www.europesays.com\/fr\/187012\/"},"modified":"2025-06-18T23:18:21","modified_gmt":"2025-06-18T23:18:21","slug":"faire-du-neuf","status":"publish","type":"post","link":"https:\/\/www.europesays.com\/fr\/187012\/","title":{"rendered":"Faire du neuf"},"content":{"rendered":"<p>\u00c0 lire <a href=\"https:\/\/www.lyonmag.com\/article\/144749\/lyon-9e-le-vaise-a-moitie-vide\" target=\"_blank\" rel=\"noopener\">cette tribune dramatique<\/a> venue de Farid Ben Moussa, \u00e9lu d\u2019opposition d\u2019une commune voisine dirig\u00e9e par la gauche et une maire communiste (merci pour la s\u00e9cu camarades communistes et respect \u00e0 Ambroise Croizat), on croirait Lyon 9e au bord de la capitulation en rase campagne.\u00a0<\/p>\n<p>Ins\u00e9curit\u00e9 galopante, m\u00e9decins en fuite, f\u00eates de quartier pr\u00e9tendument r\u00e9serv\u00e9es aux porteuses et porteurs de Patek et Rolex, tacos sauce fromag\u00e8res invasifs, pluie de sauterelles et de quinoa (c\u00e9r\u00e9ale sur laquelle l\u2019auteur semble faire un vrai blocage)\u2026<\/p>\n<p>Le tableau dress\u00e9, s&rsquo;il contient aussi une poign\u00e9e de v\u00e9rit\u00e9s, est absurdement trop sombre. Habitant et militant du 9e, ancr\u00e9 \u00e0 gauche et pris sous le feu des attaques r\u00e9guli\u00e8res des exc\u00e8s de mon coll\u00e8gue chroniqueur Farid, je vais au moins r\u00e9pondre sur le 9e.<\/p>\n<p>Oui, le d\u00e9part des maisons m\u00e9dicales de garde du 9e est un vrai souci. La v\u00e9ritable capitulation serait de ne rien tenter. La Mairie du 9e a d\u2019ailleurs \u00e9t\u00e9 active, c\u2019est \u00e0 saluer, pour proposer des solutions afin de garder celle de Valmy. Ils n\u2019ont h\u00e9las pas \u00e9t\u00e9 entendus malgr\u00e9 leurs efforts car l\u2019ARS et la CPAM restent les seuls d\u00e9cisionnaires. Les mairies d\u2019arrondissement ont fort peu de pouvoir tout en \u00e9tant pourtant tr\u00e8s souvent le premier interlocuteur des habitantes et habitants.<\/p>\n<p>Du coup quand Farid me croise, comme il le mentionne dans son article, nous sommes avec mes camarades socialistes en train de tracter, \u00e0 demander \u00e0 ce que toutes les actrices et acteurs se bougent, se r\u00e9unissent pour trouver une solution afin de trouver le retour d\u2019une maison m\u00e9dicale de garde dans le 9e puisque nous avons perdue celles de Valmy et celle, voisine, de Champvert, <a href=\"https:\/\/form.jotform.com\/251133325416346\" target=\"_blank\" rel=\"noopener\">Vous pouvez la signer<\/a>.<\/p>\n<p><strong>La Duch\u00e8re et nos quartiers populaires : moins d\u2019oubli\u00e9s, pas de condescendance<\/strong><\/p>\n<p>Nos quartiers populaires ne doivent pas \u00eatre oubli\u00e9s. Il n\u2019y a \u00e0 La Duch\u00e8re aucun vrai bar alors que la M\u00e9tropole dispose de nombreux fonciers commerciaux notamment Place Gis\u00e8le Halimi (ex-Place Abb\u00e9 Pierre) et le march\u00e9 m\u00e9riterait d\u2019\u00eatre diversifi\u00e9 \u00a0pour attirer les nouvelles arrivantes et nouveaux arrivants.\u00a0<\/p>\n<p>Son club de foot local, par exemple (en tant que dirigeant, j\u2019en parle souvent) Lyon La Duch\u00e8re, dirig\u00e9 par Jean-Christophe Vincent, effectue un travail social et sportif remarquable qui f\u00e9d\u00e8re le quartier et ins\u00e8re les jeunes.<\/p>\n<p>Il y a d\u2019ailleurs un vrai probl\u00e8me : les nouveaux habitants de La Duch\u00e8re r\u00e9sident plus qu\u2019ils ne vivent leur quartier, faute d\u2019offres adapt\u00e9es. Pourtant il existe aussi un cin\u00e9ma comme le Cineduchere, qui m\u00e9rite davantage de spectateurs et dans lequel il m\u2019arrive d\u2019organiser, avec le club, les conf\u00e9rences de <a href=\"https:\/\/www.lyonladuchere.fr\/projets\/uod\/\" target=\"_blank\" rel=\"noopener\">l\u2019Universit\u00e9 Ouverte de la Duch\u00e8re<\/a> .Et des acteurs associatifs et sociaux-\u00e9ducatifs vivants et actifs.<\/p>\n<p>Face \u00e0 un m\u00e9tro qui s\u2019arr\u00eate \u00e0 Gare de Vaise-G\u00e9rard Collomb, des associations de la Duch\u00e8re puis des partis politiques comme le PS ont soutenu depuis un certains temps la pr\u00e9sence d\u2019un tramway pour desservir et d\u00e9senclaver La Duch\u00e8re. J\u2019esp\u00e8re que pourra s\u2019y installer aussi l\u2019OL f\u00e9minin qui cherche un stade.<\/p>\n<p><strong>Vaise et la gentrification : r\u00e9guler pour pr\u00e9server la mixit\u00e9<\/strong><\/p>\n<p>La pression immobili\u00e8re s\u2019est accrue et Vaise est devenu un des quartiers de France (oui de France !) o\u00f9 il est devenu le plus difficile de trouver un logement en locatif. Rappelons que deux tiers des Lyonnais sont locataires pendant que la majorit\u00e9 des logements \u00e0 Lyon appartiennent \u00e0 des gens qui poss\u00e8dent au moins 5 appartements.\u00a0<\/p>\n<p>Agissons pour mieux encadrer les loyers et freiner la sp\u00e9culation \u00e0 Vaise aussi. Lyon b\u00e9n\u00e9ficie d\u2019un encadrement des loyers face aux mont\u00e9es d\u00e9lirantes depuis 2021 : appliquons-le strictement et \u00e9tendons-le si n\u00e9cessaire. Il faut aussi mobiliser le foncier public pour du logement abordable, pr\u00e9empter des immeubles entiers s\u2019il le faut, afin d\u2019\u00e9viter l\u2019\u00e9jection des plus pr\u00e9caires du quartier.<\/p>\n<p>Mais aussi par un \u00e9tat d\u2019esprit : les nouveaux habitants et les anciens se rencontrent, se connaissent, cohabitent dans l\u2019espace public. C\u2019est ce que font par exemple des structures comme Pop 9, La Halte, les Petites Cantines, le Trait d\u2019Union cr\u00e9\u00e9 par les habitantes et habitants de Saint-Rambert sans compter le travail des centres sociaux\u2026<\/p>\n<p><strong>Espaces publics et mobilit\u00e9s : reconnecter le 9e au lieu de l\u2019isoler<\/strong><\/p>\n<p>On ne va pas nier que la circulation \u00e0 Vaise est devenue un casse-t\u00eate ces derniers mois et balance du gaz d\u2019\u00e9chappement partout tant la circulation des automobilistes est devenue trop ralentie. Des travaux mal coordonn\u00e9s, un plan de circulation perfectible, et voil\u00e0 des axes vitaux engorg\u00e9s ou ferm\u00e9s, au grand dam des habitants et commer\u00e7ants. La municipalit\u00e9 dirig\u00e9e par Gr\u00e9gory Doucet a voulu apaiser la circulation dans le 9e sans doute et c\u2019est absolument n\u00e9cessaire face au changement climatique, mais apaiser ne doit pas rimer avec asphyxier.<\/p>\n<p>Cependant, le gros du trafic quotidien vient de l\u2019ouest lyonnais qui traverse Vaise. Pour vraiment d\u00e9sengorger Vaise, il faudra des solutions d\u2019envergure : on ne peut ignorer la question du transit. C\u2019est pourquoi il serait bon d\u2019\u00e9tudier une jonction intelligente entre le p\u00e9riph\u00e9rique nord (TEO) et le tunnel de Fourvi\u00e8re, afin que les flux de transit contournent Vaise au lieu de l\u2019emplir. En clair, finir ce qui doit l\u2019\u00eatre pour que les voitures puissent \u00e9viter l\u2019hypercentre du 9e o\u00f9 ils \u00e9touffent nos rues de gaz d\u2019\u00e9chappement.<\/p>\n<p>Sur le long terme il faut enfin un v\u00e9ritable projet d\u2019am\u00e9nagement des berges de Sa\u00f4ne dans le 9e. Pourquoi serions-nous le seul secteur de Lyon sans vision claire pour nos quais alors qu\u2019en face l\u2019autre rive aurait droit \u00e0 de beaux projets et r\u00e9alisations ?<\/p>\n<p>De l\u2019\u00cele Barbe jusqu\u2019au bas de Vaise, en passant par Saint-Rambert et l\u2019Industrie, il y a un potentiel \u00e9norme pour cr\u00e9er des promenades agr\u00e9ables. Et aussi des pistes cyclables, des lieux de d\u00e9tente au fil de la Sa\u00f4ne alors que le 9e poss\u00e8de de nombreux \u00e9tablissements, et des lieux de vie culturelle (coucou le Rock n\u2019Eat, coucou l\u2019Acte 2 !) \u00a0en bord de fleuve. Au lieu de quelques bancs \u00e9pars, visons grand : un parc lin\u00e9aire fluvial, des jardins partag\u00e9s sur berge, des acc\u00e8s facilit\u00e9s \u00e0 la rivi\u00e8re. Redonnons le fleuve aux habitants du 9e ! Reconnecter les gens \u00e0 la Sa\u00f4ne, c\u2019est recr\u00e9er du lien.<\/p>\n<p>C\u00f4t\u00e9 fleuve mais cette fois sur le transport, saluons avec une r\u00e9serve importante: la navette fluviale Navig\u00f4ne. Un bateau-bus TCL sur la Sa\u00f4ne toutes les 15 minutes en heure de pointe, reliant Vaise \u00e0 la Presqu\u2019\u00eele et \u00e0 Confluence.Cette navette fluviale, qui \u00e9tait attendue depuis longtemps, est d\u00e9sormais r\u00e9alis\u00e9e. Elle offre une alternative \u00e9cologique et agr\u00e9able pour d\u00e9sengorger nos routes, en reconnectant le quartier de l\u2019Industrie \u00e0 la Presqu\u2019\u00eele par l\u2019eau.<\/p>\n<p>C\u2019est un bon d\u00e9but gr\u00e2ce \u00e0 la M\u00e9tropole pr\u00e9sid\u00e9e par Bruno Bernard et aux TCL\u2013 que nous avions d\u00e9fendu&#8230;<\/p>\n<p>Mais il y a un gros mais illustr\u00e9e par une p\u00e9tition du conseil de quartier pour l\u2019instant ignor\u00e9e par le Grand Lyon: il n\u2019y pas d\u2019arr\u00eat \u00e0 Pont Mouton, ce qui prive de desserte une bonne partie des habitantes et habitants du quartier. Vous pouvez d\u2019ailleurs l\u00e0 aussi <a href=\"https:\/\/form.jotform.com\/242185092946362\" target=\"_blank\" rel=\"noopener\">signer la p\u00e9tition<\/a> des conseils de quartier pour un arr\u00eat fluvial desservant le centre de Vaise.<\/p>\n<p>Retrouvez tous les billets de <a href=\"https:\/\/www.instagram.com\/romainblachier\/\" target=\"_blank\" rel=\"noopener\">Romain Blachier<\/a> sur son site.<\/p>\n<p><strong>Romain Blachier<\/strong><\/p>\n<p>  \t\t\t\t\t<script async src=\"\/\/www.instagram.com\/embed.js\"><\/script><\/p>\n","protected":false},"excerpt":{"rendered":"\u00c0 lire cette tribune dramatique venue de Farid Ben Moussa, \u00e9lu d\u2019opposition d\u2019une commune voisine dirig\u00e9e par la&hellip;\n","protected":false},"author":2,"featured_media":187013,"comment_status":"","ping_status":"","sticky":false,"template":"","format":"standard","meta":{"footnotes":""},"categories":[1889],"tags":[1111,11,2813,2190,2430,1109,251,1112,2811,1777,674,118,1011,27,1922,1110,1114,2428,2810,12,241,316,25,2812,517,800],"class_list":{"0":"post-187012","1":"post","2":"type-post","3":"status-publish","4":"format-standard","5":"has-post-thumbnail","7":"category-lyon","8":"tag-actu","9":"tag-actualites","10":"tag-article","11":"tag-asvel","12":"tag-auvergne-rhone-alpes","13":"tag-breves","14":"tag-culture","15":"tag-depeches","16":"tag-economique","17":"tag-eu","18":"tag-europe","19":"tag-faits-divers","20":"tag-fr","21":"tag-france","22":"tag-info","23":"tag-informations","24":"tag-infos","25":"tag-lyon","26":"tag-lyonmag","27":"tag-news","28":"tag-ol","29":"tag-politique","30":"tag-republique-francaise","31":"tag-sociale","32":"tag-sport","33":"tag-transports"},"share_on_mastodon":{"url":"https:\/\/pubeurope.com\/@fr\/114706927155305073","error":""},"_links":{"self":[{"href":"https:\/\/www.europesays.com\/fr\/wp-json\/wp\/v2\/posts\/187012","targetHints":{"allow":["GET"]}}],"collection":[{"href":"https:\/\/www.europesays.com\/fr\/wp-json\/wp\/v2\/posts"}],"about":[{"href":"https:\/\/www.europesays.com\/fr\/wp-json\/wp\/v2\/types\/post"}],"author":[{"embeddable":true,"href":"https:\/\/www.europesays.com\/fr\/wp-json\/wp\/v2\/users\/2"}],"replies":[{"embeddable":true,"href":"https:\/\/www.europesays.com\/fr\/wp-json\/wp\/v2\/comments?post=187012"}],"version-history":[{"count":0,"href":"https:\/\/www.europesays.com\/fr\/wp-json\/wp\/v2\/posts\/187012\/revisions"}],"wp:featuredmedia":[{"embeddable":true,"href":"https:\/\/www.europesays.com\/fr\/wp-json\/wp\/v2\/media\/187013"}],"wp:attachment":[{"href":"https:\/\/www.europesays.com\/fr\/wp-json\/wp\/v2\/media?parent=187012"}],"wp:term":[{"taxonomy":"category","embeddable":true,"href":"https:\/\/www.europesays.com\/fr\/wp-json\/wp\/v2\/categories?post=187012"},{"taxonomy":"post_tag","embeddable":true,"href":"https:\/\/www.europesays.com\/fr\/wp-json\/wp\/v2\/tags?post=187012"}],"curies":[{"name":"wp","href":"https:\/\/api.w.org\/{rel}","templated":true}]}}