{"id":187024,"date":"2025-06-18T23:24:10","date_gmt":"2025-06-18T23:24:10","guid":{"rendered":"https:\/\/www.europesays.com\/fr\/187024\/"},"modified":"2025-06-18T23:24:10","modified_gmt":"2025-06-18T23:24:10","slug":"previsions-du-jeudi-19-juin-2025-4","status":"publish","type":"post","link":"https:\/\/www.europesays.com\/fr\/187024\/","title":{"rendered":"pr\u00e9visions du jeudi 19 juin 2025"},"content":{"rendered":"<p>Cette journ\u00e9e sera synonyme de grand soleil pour Paris. Les temp\u00e9ratures seront de 16\u00b0C au plus bas et de 30\u00b0C au plus haut. Une brise de nord-est soufflera l\u00e9g\u00e8rement. Il va faire en moyenne 24\u00b0C, le matin. Les temp\u00e9ratures vont monter pendant l&rsquo;apr\u00e8s-midi de plusieurs degr\u00e9s. Les fortes chaleurs sont pr\u00e9sentes. Avec des valeurs comprises entre 29 et 30\u00b0C. Les maximales iront jusqu&rsquo;\u00e0 30\u00b0C et les minimales seront de 29\u00b0C. Dans la soir\u00e9e, les temp\u00e9ratures tourneront autour des 26\u00b0C. Durant la nuit de jeudi \u00e0 vendredi, le ciel sera clair.<\/p>\n<p>C&rsquo;est un soleil splendide qui va se montrer demain sur Paris. L&rsquo;air ambiant va se r\u00e9chauffer avec une augmentation de quelques degr\u00e9s. La ville va ressentir des grosses chaleurs avec des temp\u00e9ratures qui pourraient grimper \u00e0 31\u00b0C. Les valeurs afficheront entre 18 et 31\u00b0C. Un vent de nord-est rafra\u00eechira l\u00e9g\u00e8rement l&rsquo;atmosph\u00e8re. Les temp\u00e9ratures vont enregistrer une hausse de plusieurs degr\u00e9s dans l&rsquo;apr\u00e8s-midi. La p\u00e9riode d&rsquo;importantes chaleurs est bien l\u00e0, avec des temp\u00e9ratures qui risqueront d&rsquo;aller jusqu&rsquo;\u00e0 31\u00b0C. Les valeurs seront comprises entre 29 et 31\u00b0C. Les temp\u00e9ratures tourneront autour des 26\u00b0C dans la soir\u00e9e.<\/p>\n<p>Peu de changements pour la suite. Comptez sur 27\u00b0C en moyenne qui accompagneront des journ\u00e9es ensoleill\u00e9es.<\/p>\n<p>Demain, on f\u00eate le d\u00e9but de l&rsquo;\u00e9t\u00e9 en profitant de la journ\u00e9e la plus longue de l&rsquo;ann\u00e9e.<\/p>\n","protected":false},"excerpt":{"rendered":"Cette journ\u00e9e sera synonyme de grand soleil pour Paris. Les temp\u00e9ratures seront de 16\u00b0C au plus bas et&hellip;\n","protected":false},"author":2,"featured_media":187025,"comment_status":"","ping_status":"","sticky":false,"template":"","format":"standard","meta":{"footnotes":""},"categories":[1888],"tags":[11,1777,674,1011,27,662,12,626,2119,25],"class_list":{"0":"post-187024","1":"post","2":"type-post","3":"status-publish","4":"format-standard","5":"has-post-thumbnail","7":"category-paris","8":"tag-actualites","9":"tag-eu","10":"tag-europe","11":"tag-fr","12":"tag-france","13":"tag-ile-de-france","14":"tag-news","15":"tag-paris","16":"tag-previsions-meteo","17":"tag-republique-francaise"},"share_on_mastodon":{"url":"https:\/\/pubeurope.com\/@fr\/114706950918475237","error":""},"_links":{"self":[{"href":"https:\/\/www.europesays.com\/fr\/wp-json\/wp\/v2\/posts\/187024","targetHints":{"allow":["GET"]}}],"collection":[{"href":"https:\/\/www.europesays.com\/fr\/wp-json\/wp\/v2\/posts"}],"about":[{"href":"https:\/\/www.europesays.com\/fr\/wp-json\/wp\/v2\/types\/post"}],"author":[{"embeddable":true,"href":"https:\/\/www.europesays.com\/fr\/wp-json\/wp\/v2\/users\/2"}],"replies":[{"embeddable":true,"href":"https:\/\/www.europesays.com\/fr\/wp-json\/wp\/v2\/comments?post=187024"}],"version-history":[{"count":0,"href":"https:\/\/www.europesays.com\/fr\/wp-json\/wp\/v2\/posts\/187024\/revisions"}],"wp:featuredmedia":[{"embeddable":true,"href":"https:\/\/www.europesays.com\/fr\/wp-json\/wp\/v2\/media\/187025"}],"wp:attachment":[{"href":"https:\/\/www.europesays.com\/fr\/wp-json\/wp\/v2\/media?parent=187024"}],"wp:term":[{"taxonomy":"category","embeddable":true,"href":"https:\/\/www.europesays.com\/fr\/wp-json\/wp\/v2\/categories?post=187024"},{"taxonomy":"post_tag","embeddable":true,"href":"https:\/\/www.europesays.com\/fr\/wp-json\/wp\/v2\/tags?post=187024"}],"curies":[{"name":"wp","href":"https:\/\/api.w.org\/{rel}","templated":true}]}}