{"id":187026,"date":"2025-06-18T23:25:14","date_gmt":"2025-06-18T23:25:14","guid":{"rendered":"https:\/\/www.europesays.com\/fr\/187026\/"},"modified":"2025-06-18T23:25:14","modified_gmt":"2025-06-18T23:25:14","slug":"psg-botafogo-la-composition-probable-de-paris-avec-hernandez-et-warren-zaire-emery-barcola-sur-le-banc","status":"publish","type":"post","link":"https:\/\/www.europesays.com\/fr\/187026\/","title":{"rendered":"PSG-Botafogo\u00a0: la composition probable de Paris avec Hernandez et Warren Za\u00efre-Emery, Barcola sur le banc"},"content":{"rendered":"<p class=\"paragraph text_align_left\">Apr\u00e8s avoir terrass\u00e9 l\u2019Atl\u00e9tico de Madrid (4-0), le Paris Saint-Germain s\u2019appr\u00eate \u00e0 disputer sa seconde rencontre de Coupe du monde des clubs face \u00e0 Botafogo. Seulement deux changements devraient \u00eatre \u00e0 signaler dans le <a href=\"https:\/\/www.leparisien.fr\/sports\/football\/coupe-du-monde-des-clubs\/coupe-du-monde-des-clubs-barcola-a-lentrainement-dembele-a-part-le-psg-prepare-deja-son-match-contre-botafogo-16-06-2025-YN2LQDXU3VD3FFQW6LV3YNDYU4.php\" target=\"_blank\" rel=\"noreferrer nofollow noopener\">onze de d\u00e9part<\/a> de Luis Enrique, \u00e0 savoir la titularisation de Lucas Hernandez \u00e0 la place de Nuno Mendes et celle de Warren Za\u00efre-Emery pour remplacer Jo\u00e3o Neves.<\/p>\n<p class=\"paragraph text_align_left\">Si <a href=\"https:\/\/www.leparisien.fr\/sports\/football\/coupe-du-monde-des-clubs\/psg-atletico-madrid-ramos-doue-kang-in-lee-comment-gerer-labsence-de-dembele-a-la-coupe-du-monde-des-clubs-14-06-2025-O4ZODJE5QNEIRCJQARZVYVYXZI.php\" target=\"_self\" rel=\"nofollow noopener\">Ousmane Demb\u00e9l\u00e9 est toujours pr\u00e9serv\u00e9<\/a> en raison d\u2019une l\u00e9sion au quadriceps gauche survenu lors du rassemblement de l\u2019\u00e9quipe de France d\u00e9but juin, Bradley Barcola, lui, est bien de retour dans le groupe parisien et devrait d\u00e9buter sur le banc. Sur la pointe de l\u2019attaque <a href=\"https:\/\/www.leparisien.fr\/sports\/football\/coupe-du-monde-des-clubs\/psg-comment-luis-enrique-dorlote-ses-joueurs-pendant-la-coupe-du-monde-des-clubs-13-06-2025-QRZ7RSZ5SRH7JD2MB7RSVFMTAM.php\" target=\"_self\" rel=\"nofollow noopener\">Luis Enrique<\/a> devrait redonner sa chance \u00e0 <a href=\"https:\/\/www.leparisien.fr\/sports\/football\/coupe-du-monde-des-clubs\/psg-atletico-de-madrid-4-0-les-notes-des-joueurs-parisiens-avec-vitinha-et-fabian-ruiz-rouages-essentiels-15-06-2025-2WQQLOPB5ZERNO3AYLIT3JZVC4.php\" target=\"_blank\" rel=\"noreferrer nofollow noopener\">Gon\u00e7alo Ramos, relativement discret<\/a> lors de la premi\u00e8re rencontre des Parisiens face \u00e0 l\u2019Atletico de Madrid.<\/p>\n<p class=\"paragraph text_align_left\"><a href=\"https:\/\/www.leparisien.fr\/sports\/football\/psg\/mercato-psg-le-prolongation-de-donnarumma-au-point-mort-paris-continue-davancer-sur-lucas-chevalier-08-06-2025-A7NO5RCHIRCBLFQEBZBSNSL77M.php\" target=\"_self\" rel=\"nofollow noopener\">Gianluigi Donnarumma<\/a> occupera les buts parisiens, devant sa d\u00e9fense compos\u00e9e par Achraf Hakimi, Marquinhos, Pacho et Lucas Hernandez. Warren Za\u00efre-Emery, Vitinha et Fabi\u00e1n Ruiz devraient occuper l\u2019entrejeu pour servir le trio offensif form\u00e9 par D\u00e9sir\u00e9 Dou\u00e9, Gon\u00e7alo Ramos et Khvicha Kvaratskhelia.<\/p>\n<p class=\"paragraph text_align_left\"><b>La composition probable du PSG\u00a0:<\/b> Donnarumma &#8211; Hakimi, Marquinhos, Pacho, Hernandez &#8211; Za\u00efre-Emery, Vitinha, Ruiz &#8211; Dou\u00e9, Ramos, Kvaratskhelia.<\/p>\n","protected":false},"excerpt":{"rendered":"Apr\u00e8s avoir terrass\u00e9 l\u2019Atl\u00e9tico de Madrid (4-0), le Paris Saint-Germain s\u2019appr\u00eate \u00e0 disputer sa seconde rencontre de Coupe&hellip;\n","protected":false},"author":2,"featured_media":187027,"comment_status":"","ping_status":"","sticky":false,"template":"","format":"standard","meta":{"footnotes":""},"categories":[1888],"tags":[11,7151,1777,674,63,1011,27,12,626,25,60],"class_list":{"0":"post-187026","1":"post","2":"type-post","3":"status-publish","4":"format-standard","5":"has-post-thumbnail","7":"category-paris","8":"tag-actualites","9":"tag-coupe-du-monde-des-clubs","10":"tag-eu","11":"tag-europe","12":"tag-football","13":"tag-fr","14":"tag-france","15":"tag-news","16":"tag-paris","17":"tag-republique-francaise","18":"tag-sports"},"share_on_mastodon":{"url":"https:\/\/pubeurope.com\/@fr\/114706954637095388","error":""},"_links":{"self":[{"href":"https:\/\/www.europesays.com\/fr\/wp-json\/wp\/v2\/posts\/187026","targetHints":{"allow":["GET"]}}],"collection":[{"href":"https:\/\/www.europesays.com\/fr\/wp-json\/wp\/v2\/posts"}],"about":[{"href":"https:\/\/www.europesays.com\/fr\/wp-json\/wp\/v2\/types\/post"}],"author":[{"embeddable":true,"href":"https:\/\/www.europesays.com\/fr\/wp-json\/wp\/v2\/users\/2"}],"replies":[{"embeddable":true,"href":"https:\/\/www.europesays.com\/fr\/wp-json\/wp\/v2\/comments?post=187026"}],"version-history":[{"count":0,"href":"https:\/\/www.europesays.com\/fr\/wp-json\/wp\/v2\/posts\/187026\/revisions"}],"wp:featuredmedia":[{"embeddable":true,"href":"https:\/\/www.europesays.com\/fr\/wp-json\/wp\/v2\/media\/187027"}],"wp:attachment":[{"href":"https:\/\/www.europesays.com\/fr\/wp-json\/wp\/v2\/media?parent=187026"}],"wp:term":[{"taxonomy":"category","embeddable":true,"href":"https:\/\/www.europesays.com\/fr\/wp-json\/wp\/v2\/categories?post=187026"},{"taxonomy":"post_tag","embeddable":true,"href":"https:\/\/www.europesays.com\/fr\/wp-json\/wp\/v2\/tags?post=187026"}],"curies":[{"name":"wp","href":"https:\/\/api.w.org\/{rel}","templated":true}]}}