{"id":187034,"date":"2025-06-18T23:29:15","date_gmt":"2025-06-18T23:29:15","guid":{"rendered":"https:\/\/www.europesays.com\/fr\/187034\/"},"modified":"2025-06-18T23:29:15","modified_gmt":"2025-06-18T23:29:15","slug":"le-royaume-uni-reaffirme-son-engagement-en-faveur-dun-partenariat-renforce-avec-le-maroc","status":"publish","type":"post","link":"https:\/\/www.europesays.com\/fr\/187034\/","title":{"rendered":"Le Royaume-Uni r\u00e9affirme son engagement en faveur d&rsquo;un partenariat renforc\u00e9 avec le Maroc"},"content":{"rendered":"<p>Londres &#8211; Le gouvernement britannique a r\u00e9affirm\u00e9, mardi par la voix du ministre charg\u00e9 de la Politique commerciale Douglas Alexander, son engagement en faveur d&rsquo;un partenariat renforc\u00e9 avec le Maroc.<\/p>\n<p>\u00a0\u00ab Dans ce cadre, le d\u00e9partement des Affaires et du Commerce et l\u2019Envoy\u00e9 commercial du Royaume-Uni pour le Maroc et l\u2019Afrique de l\u2019Ouest, travailleront \u00e9troitement avec le Maroc pour approfondir les relations \u00bb \u00e9conomiques, a indiqu\u00e9 M. Alexander dans une intervention \u00e0 la chambre des Communes, chambre basse du parlement britannique.<\/p>\n<p>Le responsable a tenu \u00e0 souligner l\u2019importance que le gouvernement de son pays attache au d\u00e9veloppement du partenariat avec le Maroc, y compris dans le cadre du programme de d\u00e9veloppement des infrastructures mis en \u0153uvre par le Royaume dans la perspective de la Coupe du Monde 2030.<\/p>\n","protected":false},"excerpt":{"rendered":"Londres &#8211; Le gouvernement britannique a r\u00e9affirm\u00e9, mardi par la voix du ministre charg\u00e9 de la Politique commerciale&hellip;\n","protected":false},"author":2,"featured_media":187035,"comment_status":"","ping_status":"","sticky":false,"template":"","format":"standard","meta":{"footnotes":""},"categories":[1588],"tags":[11,24794,1777,674,2223,12,2766,473,1853,1851,1850,1852],"class_list":{"0":"post-187034","1":"post","2":"type-post","3":"status-publish","4":"format-standard","5":"has-post-thumbnail","7":"category-royaume-uni","8":"tag-actualites","9":"tag-engagement","10":"tag-eu","11":"tag-europe","12":"tag-maroc","13":"tag-news","14":"tag-partenariat","15":"tag-royaume-uni","16":"tag-royaume-uni-de-grande-bretagne-et-dirlande-du-nord","17":"tag-uk","18":"tag-united-kingdom","19":"tag-united-kingdom-of-great-britain-and-northern-ireland"},"share_on_mastodon":{"url":"https:\/\/pubeurope.com\/@fr\/114706970448375410","error":""},"_links":{"self":[{"href":"https:\/\/www.europesays.com\/fr\/wp-json\/wp\/v2\/posts\/187034","targetHints":{"allow":["GET"]}}],"collection":[{"href":"https:\/\/www.europesays.com\/fr\/wp-json\/wp\/v2\/posts"}],"about":[{"href":"https:\/\/www.europesays.com\/fr\/wp-json\/wp\/v2\/types\/post"}],"author":[{"embeddable":true,"href":"https:\/\/www.europesays.com\/fr\/wp-json\/wp\/v2\/users\/2"}],"replies":[{"embeddable":true,"href":"https:\/\/www.europesays.com\/fr\/wp-json\/wp\/v2\/comments?post=187034"}],"version-history":[{"count":0,"href":"https:\/\/www.europesays.com\/fr\/wp-json\/wp\/v2\/posts\/187034\/revisions"}],"wp:featuredmedia":[{"embeddable":true,"href":"https:\/\/www.europesays.com\/fr\/wp-json\/wp\/v2\/media\/187035"}],"wp:attachment":[{"href":"https:\/\/www.europesays.com\/fr\/wp-json\/wp\/v2\/media?parent=187034"}],"wp:term":[{"taxonomy":"category","embeddable":true,"href":"https:\/\/www.europesays.com\/fr\/wp-json\/wp\/v2\/categories?post=187034"},{"taxonomy":"post_tag","embeddable":true,"href":"https:\/\/www.europesays.com\/fr\/wp-json\/wp\/v2\/tags?post=187034"}],"curies":[{"name":"wp","href":"https:\/\/api.w.org\/{rel}","templated":true}]}}