{"id":187044,"date":"2025-06-18T23:34:15","date_gmt":"2025-06-18T23:34:15","guid":{"rendered":"https:\/\/www.europesays.com\/fr\/187044\/"},"modified":"2025-06-18T23:34:15","modified_gmt":"2025-06-18T23:34:15","slug":"jacqueline-jacob-va-etre-entendue-pour-une-eventuelle-mise-en-examen","status":"publish","type":"post","link":"https:\/\/www.europesays.com\/fr\/187044\/","title":{"rendered":"Jacqueline Jacob va \u00eatre entendue pour une \u00e9ventuelle mise en examen"},"content":{"rendered":"<p>Vertigineux, une nouvelle fois. Alors que tout le monde pensait que le dossier Gr\u00e9gory allait se refermer une troisi\u00e8me fois, apr\u00e8s 1993 et 2001, il pourrait bien rebondir. Et de quelle fa\u00e7on ! Ce mercredi, la chambre de l\u2019instruction de Dijon, en charge du dossier depuis 1987, a rendu un arr\u00eat au terme duquel elle envisage une nouvelle mise en examen de <a href=\"https:\/\/www.vosgesmatin.fr\/p\/jacqueline-jacob\" target=\"_blank\" rel=\"noopener\">Jacqueline Jacob<\/a>, grand-tante de Gr\u00e9gory, \u00e2g\u00e9e aujourd\u2019hui de 80 ans. Pour \u00eatre pr\u00e9cis, la chambre de l\u2019instruction de Dijon ordonne un suppl\u00e9ment d\u2019information \u00ab au fin d\u2019interrogatoire de premi\u00e8re comparution \u00bb de l\u2019octog\u00e9naire. Et cela en vue d\u2019une \u00e9ventuelle mise en examen de celle qui est d\u00e9sign\u00e9e par une experte en \u00e9criture comme \u00e9tant l\u2019autrice possible de plusieurs courriers anonymes du corbeau, myst\u00e9rieux personnage au centre de l\u2019affaire.<\/p>\n<p>Le 16 octobre 1984, \u00e0 21h15, le corps sans vie du petit <a href=\"https:\/\/www.vosgesmatin.fr\/p\/gregory-villemin\" target=\"_blank\" rel=\"noopener\">Gr\u00e9gory Villemin<\/a>, pieds et poings li\u00e9s, \u00e9tait retrouv\u00e9 dans les eaux glac\u00e9es de la Vologne, \u00e0&#8230;<\/p>\n","protected":false},"excerpt":{"rendered":"Vertigineux, une nouvelle fois. Alors que tout le monde pensait que le dossier Gr\u00e9gory allait se refermer une&hellip;\n","protected":false},"author":2,"featured_media":187045,"comment_status":"","ping_status":"","sticky":false,"template":"","format":"standard","meta":{"footnotes":""},"categories":[2],"tags":[11,32477,271,272,1796,1798,1799,274,107,1011,27,329,12,3456,25,273,774],"class_list":{"0":"post-187044","1":"post","2":"type-post","3":"status-publish","4":"format-standard","5":"has-post-thumbnail","7":"category-actualites","8":"tag-actualites","9":"tag-affaire-gregory","10":"tag-crime","11":"tag-delit-et-contravention","12":"tag-edition-epinal","13":"tag-edition-remiremont-gerardmer","14":"tag-edition-saint-die","15":"tag-faits-divers-justice","16":"tag-fil-info","17":"tag-fr","18":"tag-france","19":"tag-france-monde","20":"tag-news","21":"tag-region-lorraine","22":"tag-republique-francaise","23":"tag-selection-de-la-redaction","24":"tag-vosges"},"share_on_mastodon":{"url":"https:\/\/pubeurope.com\/@fr\/114706990025418954","error":""},"_links":{"self":[{"href":"https:\/\/www.europesays.com\/fr\/wp-json\/wp\/v2\/posts\/187044","targetHints":{"allow":["GET"]}}],"collection":[{"href":"https:\/\/www.europesays.com\/fr\/wp-json\/wp\/v2\/posts"}],"about":[{"href":"https:\/\/www.europesays.com\/fr\/wp-json\/wp\/v2\/types\/post"}],"author":[{"embeddable":true,"href":"https:\/\/www.europesays.com\/fr\/wp-json\/wp\/v2\/users\/2"}],"replies":[{"embeddable":true,"href":"https:\/\/www.europesays.com\/fr\/wp-json\/wp\/v2\/comments?post=187044"}],"version-history":[{"count":0,"href":"https:\/\/www.europesays.com\/fr\/wp-json\/wp\/v2\/posts\/187044\/revisions"}],"wp:featuredmedia":[{"embeddable":true,"href":"https:\/\/www.europesays.com\/fr\/wp-json\/wp\/v2\/media\/187045"}],"wp:attachment":[{"href":"https:\/\/www.europesays.com\/fr\/wp-json\/wp\/v2\/media?parent=187044"}],"wp:term":[{"taxonomy":"category","embeddable":true,"href":"https:\/\/www.europesays.com\/fr\/wp-json\/wp\/v2\/categories?post=187044"},{"taxonomy":"post_tag","embeddable":true,"href":"https:\/\/www.europesays.com\/fr\/wp-json\/wp\/v2\/tags?post=187044"}],"curies":[{"name":"wp","href":"https:\/\/api.w.org\/{rel}","templated":true}]}}