{"id":187048,"date":"2025-06-18T23:38:19","date_gmt":"2025-06-18T23:38:19","guid":{"rendered":"https:\/\/www.europesays.com\/fr\/187048\/"},"modified":"2025-06-18T23:38:19","modified_gmt":"2025-06-18T23:38:19","slug":"on-sait-sur-quelle-chaine-sera-diffuse-le-match-ca-ne-sera-pas-habituel","status":"publish","type":"post","link":"https:\/\/www.europesays.com\/fr\/187048\/","title":{"rendered":"on sait sur quelle cha\u00eene sera diffus\u00e9 le match, \u00e7a ne sera pas habituel\u00a0!"},"content":{"rendered":"<p>            Par<br \/>\n        <strong><br \/>\n            <a href=\"https:\/\/actu.fr\/auteur\/clement-mazella\" title=\"Consulter tous les articles de Cl\u00e9ment Mazella\" rel=\"nofollow noopener\" target=\"_blank\">Cl\u00e9ment Mazella<\/a><br \/>\n        <\/strong><\/p>\n<p>        Publi\u00e9 le<\/p>\n<p>            18 juin 2025 \u00e0 16h13        <\/p>\n<p>Que les supporters tricolores soient rassur\u00e9s : <strong>Angleterre XV-France A<\/strong>, premier match de la tourn\u00e9e d\u2019\u00e9t\u00e9 des Bleus ce samedi 21 juin \u00e0 Twickenham (16h15) sera bien retransmis.\u00a0<\/p>\n<p class=\" wall-content\">Un diffuseur vient d\u2019acqu\u00e9rir les droits pour cette rencontre, qui se jouera sans les demi-finalistes du Top 14. Fabien Galthi\u00e9 a notamment retenu <a href=\"https:\/\/actu.fr\/sports\/rugby\/xv-de-france\/xv-de-france-duguid-mallez-et-duguivalu-parmi-les-nombreux-novices-appeles-pour-la-tournee_62774932.html\" rel=\"nofollow noopener\" target=\"_blank\">13 novices pour cette rencontre<\/a> qui ne fait pas office de cape internationale.<\/p>\n<p>Angleterre XV-France A diffus\u00e9 par L\u2019Equipe<\/p>\n<p class=\" wall-content\">C\u2019est le groupe L\u2019\u00c9quipe qui a rafl\u00e9 la mise de l\u2019\u00e9v\u00e9nement, pr\u00e9paratoire au voyage en Nouvelle-Z\u00e9lande o\u00f9 les Bleus affronteront \u00e0 3 reprises les All Blacks (5, 12 et 19 juillet).<\/p>\n<p class=\" wall-content\"><strong>Angleterre XV-France A sera disponible en direct sur L\u2019Equipe Live 1<\/strong> (accessible sur le site et l\u2019application L\u2019\u00c9quipe). Le match sera accessible en diff\u00e9r\u00e9 sur la cha\u00eene L\u2019\u00c9quipe, \u00e0 partir de 17h45.\u00a0<\/p>\n<p>Vid\u00e9os : en ce moment sur Actu<\/p>\n<p class=\" wall-content\">Suivez toute l\u2019actualit\u00e9 de vos villes et m\u00e9dias favoris en vous inscrivant \u00e0 <a href=\"https:\/\/moncompte.actu.fr\" title=\"D\u00e9couvez Mon Actu\" rel=\"nofollow noopener\" data-trk=\"{&quot;cta&quot;:{&quot;action&quot;:&quot;https:\\\/\\\/moncompte.actu.fr&quot;,&quot;category&quot;:&quot;mon compte&quot;,&quot;from&quot;:&quot;article footer&quot;,&quot;name&quot;:&quot;Mon actu&quot;,&quot;type&quot;:&quot;cta&quot;}}\" target=\"_blank\">Mon Actu<\/a>.<\/p>\n","protected":false},"excerpt":{"rendered":"Par Cl\u00e9ment Mazella Publi\u00e9 le 18 juin 2025 \u00e0 16h13 Que les supporters tricolores soient rassur\u00e9s : Angleterre&hellip;\n","protected":false},"author":2,"featured_media":187049,"comment_status":"","ping_status":"","sticky":false,"template":"","format":"standard","meta":{"footnotes":""},"categories":[1416],"tags":[1011,27,479,1468,60,513],"class_list":{"0":"post-187048","1":"post","2":"type-post","3":"status-publish","4":"format-standard","5":"has-post-thumbnail","7":"category-rugby","8":"tag-fr","9":"tag-france","10":"tag-rugby","11":"tag-rugby-football","12":"tag-sports","13":"tag-xv-de-france"},"share_on_mastodon":{"url":"https:\/\/pubeurope.com\/@fr\/114707005830290705","error":""},"_links":{"self":[{"href":"https:\/\/www.europesays.com\/fr\/wp-json\/wp\/v2\/posts\/187048","targetHints":{"allow":["GET"]}}],"collection":[{"href":"https:\/\/www.europesays.com\/fr\/wp-json\/wp\/v2\/posts"}],"about":[{"href":"https:\/\/www.europesays.com\/fr\/wp-json\/wp\/v2\/types\/post"}],"author":[{"embeddable":true,"href":"https:\/\/www.europesays.com\/fr\/wp-json\/wp\/v2\/users\/2"}],"replies":[{"embeddable":true,"href":"https:\/\/www.europesays.com\/fr\/wp-json\/wp\/v2\/comments?post=187048"}],"version-history":[{"count":0,"href":"https:\/\/www.europesays.com\/fr\/wp-json\/wp\/v2\/posts\/187048\/revisions"}],"wp:featuredmedia":[{"embeddable":true,"href":"https:\/\/www.europesays.com\/fr\/wp-json\/wp\/v2\/media\/187049"}],"wp:attachment":[{"href":"https:\/\/www.europesays.com\/fr\/wp-json\/wp\/v2\/media?parent=187048"}],"wp:term":[{"taxonomy":"category","embeddable":true,"href":"https:\/\/www.europesays.com\/fr\/wp-json\/wp\/v2\/categories?post=187048"},{"taxonomy":"post_tag","embeddable":true,"href":"https:\/\/www.europesays.com\/fr\/wp-json\/wp\/v2\/tags?post=187048"}],"curies":[{"name":"wp","href":"https:\/\/api.w.org\/{rel}","templated":true}]}}