{"id":187056,"date":"2025-06-18T23:43:16","date_gmt":"2025-06-18T23:43:16","guid":{"rendered":"https:\/\/www.europesays.com\/fr\/187056\/"},"modified":"2025-06-18T23:43:16","modified_gmt":"2025-06-18T23:43:16","slug":"cyclisme-tour-de-belgique-tim-merlier-jai-lance-le-sprint-un-peu-trop-tot-mais","status":"publish","type":"post","link":"https:\/\/www.europesays.com\/fr\/187056\/","title":{"rendered":"Cyclisme. Tour de Belgique &#8211; Tim Merlier : \u00abJ&rsquo;ai lanc\u00e9 le sprint un peu trop t\u00f4t, mais&#8230;\u00bb"},"content":{"rendered":"<p>Le\u00a0<strong><a href=\"https:\/\/www.cyclismactu.net\/..\/news-cyclisme-route-tour-de-belgique-tim-merlier-surpuissant-sur-1re-etape-frayeur-pour-philipsen-88431.html\" target=\"_blank\" rel=\"nofollow noopener\">Tour de Belgique<\/a><\/strong>\u00a0&#8211; ou\u00a0<strong>Baloise Belgium Tour<\/strong>\u00a0&#8211; s&rsquo;est \u00e9lanc\u00e9 ce mercredi \u00e0 l&rsquo;occasion de la 1\u00e8re \u00e9tape entre Merelbeke-Melle et Knokke-Heist (197.6km). Et comme attendu, la victoire s&rsquo;est jou\u00e9e au sprint, avec le succ\u00e8s de\u00a0<strong>Tim Merlier<\/strong>. Surpuissant, le Belge de la\u00a0<strong>Soudal Quick-Step<\/strong>\u00a0n&rsquo;a souffert d&rsquo;aucune concurrence, puisqu&rsquo;il s&rsquo;est impos\u00e9 avace deux v\u00e9los d&rsquo;avance sur\u00a0<strong>Juan Sebastian Molano<\/strong>\u00a0(2e, UAE Team Emirates XRG) et\u00a0<strong>Ethan Vernon<\/strong>\u00a0(3e, Israel-Premier Tech). 35e succ\u00e8s avec le Wolfpack pour le champion d&rsquo;Europe, et son 9e cette saison.<\/p>\n<p>Vid\u00e9o &#8211; Revivez le dernier kilom\u00e8tre de cette 1\u00e8re \u00e9tape Lire la suite de l&rsquo;article&#13;<\/p>\n<p>\u00a0<\/p>\n<p>&#13;<br \/>\n\u00ab\u00a0Laisser notre empreinte sur la course\u00a0\u00bb&#13;<\/p>\n<p>\u00ab\u00a0J&rsquo;ai lanc\u00e9 le sprint un peu trop t\u00f4t, mais j&rsquo;ai eu la force de tenir jusqu&rsquo;\u00e0 la ligne d&rsquo;arriv\u00e9e\u00a0\u00bb, a-t-il d\u00e9crypt\u00e9 dans le compte-rendu publi\u00e9 par son \u00e9quipe. \u00ab\u00a0C&rsquo;est ma neuvi\u00e8me victoire de la saison et je suis heureux, notamment parce que nous pouvons savourer ce d\u00e9but de Tour de Belgique parfait. C&rsquo;est un bon r\u00e9sultat pour la confiance et nous allons continuer \u00e0 travailler dans le m\u00eame sens lors des prochaines \u00e9tapes, car nous aurons d&rsquo;autres occasions de laisser notre empreinte sur la course et nous avons h\u00e2te d&rsquo;y \u00eatre\u00a0\u00bb, a conclu <strong>Tim Merlier<\/strong>.<\/p>\n<p>Baloise Tour de Belgique &#8211; Classement de la 1\u00e8 \u00e9tape Baloise Tour de Belgique &#8211; Classement g\u00e9n\u00e9ral provisoire apr\u00e8s la 1\u00e8 \u00e9tape<\/p>\n","protected":false},"excerpt":{"rendered":"Le\u00a0Tour de Belgique\u00a0&#8211; ou\u00a0Baloise Belgium Tour\u00a0&#8211; s&rsquo;est \u00e9lanc\u00e9 ce mercredi \u00e0 l&rsquo;occasion de la 1\u00e8re \u00e9tape entre Merelbeke-Melle&hellip;\n","protected":false},"author":2,"featured_media":187057,"comment_status":"","ping_status":"","sticky":false,"template":"","format":"standard","meta":{"footnotes":""},"categories":[1411],"tags":[1154,207,211,1011,27,209,60,32478,210,212,208,213],"class_list":{"0":"post-187056","1":"post","2":"type-post","3":"status-publish","4":"format-standard","5":"has-post-thumbnail","7":"category-cyclisme","8":"tag-cycling","9":"tag-cyclisme","10":"tag-ffc","11":"tag-fr","12":"tag-france","13":"tag-route","14":"tag-sports","15":"tag-tour-de-belgique","16":"tag-tour-de-france","17":"tag-uci","18":"tag-velo","19":"tag-world-tour"},"share_on_mastodon":{"url":"https:\/\/pubeurope.com\/@fr\/114707025301047532","error":""},"_links":{"self":[{"href":"https:\/\/www.europesays.com\/fr\/wp-json\/wp\/v2\/posts\/187056","targetHints":{"allow":["GET"]}}],"collection":[{"href":"https:\/\/www.europesays.com\/fr\/wp-json\/wp\/v2\/posts"}],"about":[{"href":"https:\/\/www.europesays.com\/fr\/wp-json\/wp\/v2\/types\/post"}],"author":[{"embeddable":true,"href":"https:\/\/www.europesays.com\/fr\/wp-json\/wp\/v2\/users\/2"}],"replies":[{"embeddable":true,"href":"https:\/\/www.europesays.com\/fr\/wp-json\/wp\/v2\/comments?post=187056"}],"version-history":[{"count":0,"href":"https:\/\/www.europesays.com\/fr\/wp-json\/wp\/v2\/posts\/187056\/revisions"}],"wp:featuredmedia":[{"embeddable":true,"href":"https:\/\/www.europesays.com\/fr\/wp-json\/wp\/v2\/media\/187057"}],"wp:attachment":[{"href":"https:\/\/www.europesays.com\/fr\/wp-json\/wp\/v2\/media?parent=187056"}],"wp:term":[{"taxonomy":"category","embeddable":true,"href":"https:\/\/www.europesays.com\/fr\/wp-json\/wp\/v2\/categories?post=187056"},{"taxonomy":"post_tag","embeddable":true,"href":"https:\/\/www.europesays.com\/fr\/wp-json\/wp\/v2\/tags?post=187056"}],"curies":[{"name":"wp","href":"https:\/\/api.w.org\/{rel}","templated":true}]}}