{"id":187060,"date":"2025-06-18T23:45:12","date_gmt":"2025-06-18T23:45:12","guid":{"rendered":"https:\/\/www.europesays.com\/fr\/187060\/"},"modified":"2025-06-18T23:45:12","modified_gmt":"2025-06-18T23:45:12","slug":"kate-middleton-absente-de-royal-ascot-ce-quiproquo-bizarre-qui-fait-monter-linquietude","status":"publish","type":"post","link":"https:\/\/www.europesays.com\/fr\/187060\/","title":{"rendered":"Kate Middleton absente de Royal Ascot : ce quiproquo bizarre qui fait monter l\u2019inqui\u00e9tude"},"content":{"rendered":"<p data-start=\"103\" data-end=\"697\">Ce mercredi 18 juin, la<br \/>\n<strong>princesse de Galles<\/strong> \u00e9tait attendue \u00e0 la deuxi\u00e8me<br \/>\njourn\u00e9e du prestigieux <strong>Royal Ascot.<\/strong> L\u2019\u00e9v\u00e9nement<br \/>\ndevait marquer une nouvelle <strong>\u00e9tape<\/strong> du retour de<br \/>\n<a href=\"https:\/\/www.closermag.fr\/royautes\/kate-middleton-encore-touchee-par-le-cancer-on-sen-remet-jamais-completement-3555969\" rel=\"nofollow noopener\" target=\"_blank\"><br \/>\nKate Middleton<\/a> \u00e0 la vie publique apr\u00e8s son<br \/>\n<strong>cancer<\/strong>. Pourtant, \u00e0 la surprise g\u00e9n\u00e9rale, son<br \/>\n<strong>absence<\/strong> a \u00e9t\u00e9 annonc\u00e9e \u00e0 la derni\u00e8re minute\u2026 alors<br \/>\nm\u00eame que <strong>son nom figurait encore dans le programme<br \/>\nofficiel<\/strong> distribu\u00e9 aux invit\u00e9s. Cela n\u2019a pas manqu\u00e9 de<br \/>\n<strong>relancer les inqui\u00e9tudes<\/strong> sur son \u00e9tat de<br \/>\nsant\u00e9.<\/p>\n<p data-start=\"699\" data-end=\"1232\">Selon le Daily Mail et le Mirror, le palais de Kensington a confirm\u00e9 dans<br \/>\nl\u2019apr\u00e8s-midi que la princesse <strong>n\u2019y participerait<br \/>\npas.<\/strong> Elle serait \u201c<strong>d\u00e9\u00e7ue<\/strong>\u2019\u2019 de ne<br \/>\npas s\u2019y rendre, mais doit \u201c<strong>trouver le bon<br \/>\n\u00e9quilibre<\/strong>\u2019\u2019 dans sa reprise d\u2019activit\u00e9s.<\/p>\n<p><img aria-describedby=\"caption-attachment-3556153\" itemprop=\"thumbnailUrl\" decoding=\"async\" loading=\"lazy\" class=\"size-full wp-image-3556153 img-responsive\" src=\"https:\/\/www.europesays.com\/fr\/wp-content\/uploads\/2025\/06\/bestimage_00711522_000003.jpg\" alt=\"Royal Ascot : William serre les dents en l\u2019absence de Kate, Camilla sort du lot avec son look fluo\" width=\"2016\" height=\"2016\"\/><\/p>\n<p id=\"caption-attachment-3556153\" class=\"wp-caption-text\">\u00a9<br \/>\nBESTIMAGE Ce mercredi 18 juin, c\u2019est donc seul que le prince<br \/>\nWilliam a fait son apparition au Royal Ascot. Il est apparu<br \/>\nsouriant mais concentr\u00e9. Il serrait parfois les dents.<\/p>\n<p>Kate Middleton : un retour \u00e0<br \/>\nla vie publique plus fragile que pr\u00e9vu<\/p>\n<p data-start=\"1295\" data-end=\"1712\">Mais le <strong>flou<\/strong><br \/>\nautour de <strong>l\u2019annulation<\/strong> continue de questionner. Un<br \/>\n<strong>quiproquo<\/strong> ? Il est survenu \u00e0 peine <strong>20<br \/>\nminutes<\/strong> apr\u00e8s que <a href=\"https:\/\/www.closermag.fr\/royautes\/kate-middleton-se-retire-du-royal-ascot-elle-laisse-william-sa-mere-en-dentelle-et-sa-belle-soeur-gerer-le-sav-3556085\" rel=\"nofollow noopener\" target=\"_blank\"><br \/>\nRoyal Ascot<\/a> ait confirm\u00e9 sa pr\u00e9sence. \u00a0Depuis<br \/>\n<strong>l\u2019annonce de sa r\u00e9mission<\/strong> en septembre 2024, Kate<br \/>\nMiddleton reprend peu \u00e0 peu ses engagements officiels. La semaine<br \/>\nderni\u00e8re, elle est apparue \u00e0 <strong>trois \u00e9v\u00e9nements<br \/>\nmajeurs<\/strong> : l\u2019ouverture du V&amp;A Museum \u00e0 Londres, le<br \/>\nTrooping the Colour et la c\u00e9r\u00e9monie de la Jarreti\u00e8re \u00e0 Windsor. Des<br \/>\napparitions visiblement <strong>\u00e9puisantes<\/strong>. De plus, le<br \/>\nRoyaume-Uni conna\u00eet une vague de <strong>chaleur<\/strong><br \/>\nexceptionnelle.<\/p>\n<p data-start=\"1714\" data-end=\"2143\">D\u2019apr\u00e8s Russell Myers, expert<br \/>\nroyal au Mirror, cette<br \/>\ns\u00e9quence illustre la <strong>difficult\u00e9<\/strong> de<br \/>\n\u201c<strong>retrouver une normalit\u00e9\u2019<\/strong>\u2019 apr\u00e8s un tel<br \/>\nchoc. Dans sa mise \u00e0 jour de janvier 2025, Kate Middleton rappelait<br \/>\nd\u00e9j\u00e0 que \u201c<strong>comme toute personne ayant re\u00e7u un diagnostic<br \/>\nde cancer le sait, il faut du temps pour s\u2019adapter \u00e0 une nouvelle<br \/>\nnormalit\u00e9<\/strong>.\u2019\u2019 Son choix de renoncer \u00e0 Royal Ascot ? De<br \/>\nla <strong>prudence<\/strong>.<\/p>\n<p>La<br \/>\npriorit\u00e9 de la femme du prince William : sa sant\u00e9 et sa<br \/>\nfamille<\/p>\n<p data-start=\"2192\" data-end=\"2658\">\u00c0 43 ans, m\u00e8re de trois jeunes<br \/>\nenfants, <strong>Kate Middleton doit jongler entre son r\u00f4le de m\u00e8re<br \/>\net celui de future reine<\/strong>. Le prince Louis, son benjamin,<br \/>\nn\u2019a que 7 ans. Son entourage insiste r\u00e9guli\u00e8rement sur sa<br \/>\n<strong>volont\u00e9 de pr\u00e9server sa vie familiale<\/strong>. Son mari,<br \/>\nle <a href=\"https:\/\/www.closermag.fr\/royautes\/royal-ascot-william-serre-les-dents-en-labsence-de-kate-camilla-sort-du-lot-avec-son-look-fluo-3556149\" rel=\"nofollow noopener\" target=\"_blank\"><br \/>\nprince William<\/a>, \u00e9tait bien pr\u00e9sent \u00e0 Royal Ascot aux c\u00f4t\u00e9s du<br \/>\nroi <strong>Charles III<\/strong>, sous traitement, et de<br \/>\n<strong>Camilla<\/strong>. La m\u00e8re de Kate, <strong>Carole<br \/>\nMiddleton<\/strong>, \u00e9tait \u00e9galement au rendez-vous.<\/p>\n<p data-start=\"2660\" data-end=\"3014\" data-is-last-node=\"\" data-is-only-node=\"\">Le message semble clair : la <strong>sant\u00e9 de<br \/>\nla princesse prime sur toute autre consid\u00e9ration.<\/strong> Mais<br \/>\ncette <strong>absence de derni\u00e8re minute est inhabituelle<\/strong><br \/>\ndans le cadre aussi formel du Royal Ascot. Cela a rappel\u00e9 \u00e0<br \/>\nbeaucoup que Kate <strong>Middleton m\u00e8ne une vie loin d\u2019\u00eatre<br \/>\nordinaire.<\/strong> Et sa convalescence est encore <strong>loin<br \/>\nd\u2019\u00eatre totalement achev\u00e9e.<\/strong><\/p>\n","protected":false},"excerpt":{"rendered":"Ce mercredi 18 juin, la princesse de Galles \u00e9tait attendue \u00e0 la deuxi\u00e8me journ\u00e9e du prestigieux Royal Ascot.&hellip;\n","protected":false},"author":2,"featured_media":187061,"comment_status":"","ping_status":"","sticky":false,"template":"","format":"standard","meta":{"footnotes":""},"categories":[1359],"tags":[548,58,59,1011,27,5858,973],"class_list":{"0":"post-187060","1":"post","2":"type-post","3":"status-publish","4":"format-standard","5":"has-post-thumbnail","7":"category-people","8":"tag-article-simple","9":"tag-divertissement","10":"tag-entertainment","11":"tag-fr","12":"tag-france","13":"tag-kate-middleton","14":"tag-people"},"share_on_mastodon":{"url":"https:\/\/pubeurope.com\/@fr\/114707033289201238","error":""},"_links":{"self":[{"href":"https:\/\/www.europesays.com\/fr\/wp-json\/wp\/v2\/posts\/187060","targetHints":{"allow":["GET"]}}],"collection":[{"href":"https:\/\/www.europesays.com\/fr\/wp-json\/wp\/v2\/posts"}],"about":[{"href":"https:\/\/www.europesays.com\/fr\/wp-json\/wp\/v2\/types\/post"}],"author":[{"embeddable":true,"href":"https:\/\/www.europesays.com\/fr\/wp-json\/wp\/v2\/users\/2"}],"replies":[{"embeddable":true,"href":"https:\/\/www.europesays.com\/fr\/wp-json\/wp\/v2\/comments?post=187060"}],"version-history":[{"count":0,"href":"https:\/\/www.europesays.com\/fr\/wp-json\/wp\/v2\/posts\/187060\/revisions"}],"wp:featuredmedia":[{"embeddable":true,"href":"https:\/\/www.europesays.com\/fr\/wp-json\/wp\/v2\/media\/187061"}],"wp:attachment":[{"href":"https:\/\/www.europesays.com\/fr\/wp-json\/wp\/v2\/media?parent=187060"}],"wp:term":[{"taxonomy":"category","embeddable":true,"href":"https:\/\/www.europesays.com\/fr\/wp-json\/wp\/v2\/categories?post=187060"},{"taxonomy":"post_tag","embeddable":true,"href":"https:\/\/www.europesays.com\/fr\/wp-json\/wp\/v2\/tags?post=187060"}],"curies":[{"name":"wp","href":"https:\/\/api.w.org\/{rel}","templated":true}]}}