{"id":187062,"date":"2025-06-18T23:46:12","date_gmt":"2025-06-18T23:46:12","guid":{"rendered":"https:\/\/www.europesays.com\/fr\/187062\/"},"modified":"2025-06-18T23:46:12","modified_gmt":"2025-06-18T23:46:12","slug":"la-peinture-vagabonde-ou-lenregistrement-du-monde-episode-3-5-du-podcast-titouan-lamazou-peintre-nomade","status":"publish","type":"post","link":"https:\/\/www.europesays.com\/fr\/187062\/","title":{"rendered":"La peinture vagabonde ou l\u2019enregistrement du monde : \u00e9pisode 3\/5 du podcast Titouan Lamazou, peintre nomade"},"content":{"rendered":"<p class=\"PopSlotParagraph qg-tx2 qg-xtra-lh svelte-1r0pyek\">Apr\u00e8s les temp\u00eates oc\u00e9aniques, les vagabondages autour du monde. Ses Carnets de voyages deviennent un laboratoire d\u2019images et de r\u00e9cits\u00a0: de l\u2019\u00c9gypte \u00e0 Ha\u00efti, du Mali \u00e0 la Colombie, Lamazou documente ce qu\u2019il voit, ce qu\u2019il ressent, ce qui lui r\u00e9siste.<\/p>\n<p>  <img decoding=\"async\" class=\"Image-preview  svelte-1b9cmvl\" data-testid=\"image-preview\" src=\"data:image\/jpeg;charset=utf-8;base64, \/9j\/2wBDACgcHiMeGSgjISMtKygwPGRBPDc3PHtYXUlkkYCZlo+AjIqgtObDoKrarYqMyP\/L2u71\/\/\/\/m8H\/\/\/\/6\/+b9\/\/j\/2wBDASstLTw1PHZBQXb4pYyl+Pj4+Pj4+Pj4+Pj4+Pj4+Pj4+Pj4+Pj4+Pj4+Pj4+Pj4+Pj4+Pj4+Pj4+Pj4+Pj4+Pj\/wAARCAAqACEDASIAAhEBAxEB\/8QAGQAAAwEBAQAAAAAAAAAAAAAAAAIDAQQF\/8QAGBABAQEBAQAAAAAAAAAAAAAAAAIBERL\/xAAVAQEBAAAAAAAAAAAAAAAAAAAAAf\/EABQRAQAAAAAAAAAAAAAAAAAAAAD\/2gAMAwEAAhEDEQA\/APSrUqo9oUinylJpz4tALdBQqMvEal01hNlFRyVYxuSecAcBuARu4XycAThsxoAcDQo\/\/9k=\" alt=\"\" aria-hidden=\"false\"\/>     <img decoding=\"async\" src=\"https:\/\/www.europesays.com\/fr\/wp-content\/uploads\/2025\/06\/860_sc_hai-ti-1999.jpg\" loading=\"lazy\" fetchpriority=\"low\" width=\"860\" height=\"1085\" class=\"Image-main  svelte-1b9cmvl rounded\" data-testid=\"image-src\" alt=\"Sergine Andre\u0301, Ha\u00efti, 1999. Gouache sur papier.\" aria-hidden=\"false\" onload=\"this.__e=event\" onerror=\"this.__e=event\"\/> Sergine Andre\u0301, Ha\u00efti, 1999. Gouache sur papier.  &#8211; \u00a9 Atelier Titouan Lamazou  <img decoding=\"async\" class=\"Image-preview  svelte-1b9cmvl\" data-testid=\"image-preview\" src=\"data:image\/jpeg;charset=utf-8;base64, \/9j\/2wBDACgcHiMeGSgjISMtKygwPGRBPDc3PHtYXUlkkYCZlo+AjIqgtObDoKrarYqMyP\/L2u71\/\/\/\/m8H\/\/\/\/6\/+b9\/\/j\/2wBDASstLTw1PHZBQXb4pYyl+Pj4+Pj4+Pj4+Pj4+Pj4+Pj4+Pj4+Pj4+Pj4+Pj4+Pj4+Pj4+Pj4+Pj4+Pj4+Pj4+Pj\/wAARCAAaACoDASIAAhEBAxEB\/8QAFwABAQEBAAAAAAAAAAAAAAAAAgMEAf\/EABkQAQEBAQEBAAAAAAAAAAAAAAACAREDEv\/EABYBAQEBAAAAAAAAAAAAAAAAAAABAv\/EABQRAQAAAAAAAAAAAAAAAAAAAAD\/2gAMAwEAAhEDEQA\/AM3HeK\/DnyyoZisOZJzKi\/m0IeeL8Bm3zHYaNDQR+DmCOUCiVeDKij\/\/2Q==\" alt=\"\" aria-hidden=\"false\"\/>     <img decoding=\"async\" src=\"https:\/\/www.europesays.com\/fr\/wp-content\/uploads\/2025\/06\/860_sc_khadija-doudou-et-awa-2011-c-atelier-titouan-lamazou.jpg\" loading=\"lazy\" fetchpriority=\"low\" width=\"860\" height=\"541\" class=\"Image-main  svelte-1b9cmvl rounded\" data-testid=\"image-src\" alt=\"Khadija, Doudou et Awa, 2011, Haut Uele, RDC. Acrylique sur papier. Image extraite de l'album 'T\u00e9n\u00e8bres au paradis' publi\u00e9 aux \u00e9ditions Gallimard en 2011.\" aria-hidden=\"false\" onload=\"this.__e=event\" onerror=\"this.__e=event\"\/> Khadija, Doudou et Awa, 2011, Haut Uele, RDC. Acrylique sur papier. Image extraite de l&rsquo;album &lsquo;T\u00e9n\u00e8bres au paradis&rsquo; publi\u00e9 aux \u00e9ditions Gallimard en 2011.  &#8211; \u00a9 Atelier Titouan Lamazou <\/p>\n<p class=\"PopSlotParagraph qg-tx2 qg-xtra-lh svelte-1r0pyek\">Il peint, photographie, et transforme ses voyages en \u0153uvres hybrides, entre regard ethnographique et artistique.<\/p>\n<p>  <img decoding=\"async\" class=\"Image-preview  svelte-1b9cmvl\" data-testid=\"image-preview\" src=\"data:image\/jpeg;charset=utf-8;base64, \/9j\/2wBDACgcHiMeGSgjISMtKygwPGRBPDc3PHtYXUlkkYCZlo+AjIqgtObDoKrarYqMyP\/L2u71\/\/\/\/m8H\/\/\/\/6\/+b9\/\/j\/2wBDASstLTw1PHZBQXb4pYyl+Pj4+Pj4+Pj4+Pj4+Pj4+Pj4+Pj4+Pj4+Pj4+Pj4+Pj4+Pj4+Pj4+Pj4+Pj4+Pj4+Pj\/wAARCAAbACoDASIAAhEBAxEB\/8QAGAABAQEBAQAAAAAAAAAAAAAAAgEDBAX\/xAAYEAEBAQEBAAAAAAAAAAAAAAAAAQIREv\/EABUBAQEAAAAAAAAAAAAAAAAAAAAB\/8QAFBEBAAAAAAAAAAAAAAAAAAAAAP\/aAAwDAQACEQMRAD8A9gdENQZbY1vqMrBQhpIXAdKVUECwblpUFCZXySg\/\/9k=\" alt=\"\" aria-hidden=\"false\"\/>     <img decoding=\"async\" src=\"https:\/\/www.europesays.com\/fr\/wp-content\/uploads\/2025\/06\/860_sc_alvaro-mutis-colombie-2000.jpg\" loading=\"lazy\" fetchpriority=\"low\" width=\"860\" height=\"559\" class=\"Image-main  svelte-1b9cmvl rounded\" data-testid=\"image-src\" alt=\"Alvaro Mutis, Colombie, 2000. Illustration extraite de &quot;Carnets de voyage 2&quot; publi\u00e9 aux \u00e9ditions Gallimard en 2000.\" aria-hidden=\"false\" onload=\"this.__e=event\" onerror=\"this.__e=event\"\/> Alvaro Mutis, Colombie, 2000. Illustration extraite de \u00ab\u00a0Carnets de voyage 2\u00a0\u00bb publi\u00e9 aux \u00e9ditions Gallimard en 2000.  &#8211; \u00a9 Atelier Titouan Lamazou  <img decoding=\"async\" class=\"Image-preview  svelte-1b9cmvl\" data-testid=\"image-preview\" src=\"data:image\/jpeg;charset=utf-8;base64, \/9j\/2wBDACgcHiMeGSgjISMtKygwPGRBPDc3PHtYXUlkkYCZlo+AjIqgtObDoKrarYqMyP\/L2u71\/\/\/\/m8H\/\/\/\/6\/+b9\/\/j\/2wBDASstLTw1PHZBQXb4pYyl+Pj4+Pj4+Pj4+Pj4+Pj4+Pj4+Pj4+Pj4+Pj4+Pj4+Pj4+Pj4+Pj4+Pj4+Pj4+Pj4+Pj\/wAARCAAeACoDASIAAhEBAxEB\/8QAGQABAQEAAwAAAAAAAAAAAAAAAwIAAQQF\/8QAGBABAQEBAQAAAAAAAAAAAAAAAAIBERL\/xAAVAQEBAAAAAAAAAAAAAAAAAAAAAf\/EABQRAQAAAAAAAAAAAAAAAAAAAAD\/2gAMAwEAAhEDEQA\/APSrR7TXoq1FX7c5QeqnQPOr6KSAisDWOzWD2QB5XMr8qyQacJxpxXAf\/9k=\" alt=\"\" aria-hidden=\"false\"\/>     <img decoding=\"async\" src=\"https:\/\/www.europesays.com\/fr\/wp-content\/uploads\/2025\/06\/860_sc_l-atelier-de-cheri-samba-2001-c-atelier-titouan-lamazou.jpg\" loading=\"lazy\" fetchpriority=\"low\" width=\"860\" height=\"617\" class=\"Image-main  svelte-1b9cmvl rounded\" data-testid=\"image-src\" alt=\"L'atelier de Cheri Samba, 2001, Kinshasa, RDC. Gouache sur papier.\" aria-hidden=\"false\" onload=\"this.__e=event\" onerror=\"this.__e=event\"\/> L&rsquo;atelier de Cheri Samba, 2001, Kinshasa, RDC. Gouache sur papier.  &#8211; \u00a9 Atelier Titouan Lamazou <\/p>\n<p class=\"PopSlotParagraph qg-tx2 qg-xtra-lh svelte-1r0pyek\">\u00c0 Tombouctou ou \u00e0 Cotonou, il prend le temps de regarder, de comprendre, de tisser des liens. Sa peinture se veut alors fid\u00e8le aux visages, aux gestes, aux regards. Elle est autant une trace qu\u2019un t\u00e9moignage.<\/p>\n<p>  <img decoding=\"async\" class=\"Image-preview  svelte-1b9cmvl\" data-testid=\"image-preview\" src=\"data:image\/jpeg;charset=utf-8;base64, \/9j\/2wBDACgcHiMeGSgjISMtKygwPGRBPDc3PHtYXUlkkYCZlo+AjIqgtObDoKrarYqMyP\/L2u71\/\/\/\/m8H\/\/\/\/6\/+b9\/\/j\/2wBDASstLTw1PHZBQXb4pYyl+Pj4+Pj4+Pj4+Pj4+Pj4+Pj4+Pj4+Pj4+Pj4+Pj4+Pj4+Pj4+Pj4+Pj4+Pj4+Pj4+Pj\/wAARCAAgACoDASIAAhEBAxEB\/8QAGAABAQEBAQAAAAAAAAAAAAAAAQIAAwT\/xAAWEAEBAQAAAAAAAAAAAAAAAAAAARH\/xAAWAQEBAQAAAAAAAAAAAAAAAAABAAL\/xAAUEQEAAAAAAAAAAAAAAAAAAAAA\/9oADAMBAAIRAxEAPwDxAsGk4KoVBINBDszANNU01NSFBoLL\/9k=\" alt=\"\" aria-hidden=\"false\"\/>     <img decoding=\"async\" src=\"https:\/\/www.europesays.com\/fr\/wp-content\/uploads\/2025\/06\/860_sc_portrait-a-quatre-mains-2005-papounya-australie-gouache-sur-papier-c-atelier-titouan-lamazou..jpeg\" loading=\"lazy\" fetchpriority=\"low\" width=\"860\" height=\"664\" class=\"Image-main  svelte-1b9cmvl rounded\" data-testid=\"image-src\" alt=\"Portrait \u00ab spirituel \u00bb de Pansy, Atelier d\u2019Alice Spring, Papunya, Australie, \u0152uvre \u00e0 quatre mains, gouache et acrylique sur papier.\" aria-hidden=\"false\" onload=\"this.__e=event\" onerror=\"this.__e=event\"\/> Portrait \u00ab spirituel \u00bb de Pansy, Atelier d\u2019Alice Spring, Papunya, Australie, \u0152uvre \u00e0 quatre mains, gouache et acrylique sur papier.  &#8211; \u00a9 Atelier Titouan Lamazou  <img decoding=\"async\" class=\"Image-preview  svelte-1b9cmvl\" data-testid=\"image-preview\" src=\"data:image\/jpeg;charset=utf-8;base64, \/9j\/2wBDACgcHiMeGSgjISMtKygwPGRBPDc3PHtYXUlkkYCZlo+AjIqgtObDoKrarYqMyP\/L2u71\/\/\/\/m8H\/\/\/\/6\/+b9\/\/j\/2wBDASstLTw1PHZBQXb4pYyl+Pj4+Pj4+Pj4+Pj4+Pj4+Pj4+Pj4+Pj4+Pj4+Pj4+Pj4+Pj4+Pj4+Pj4+Pj4+Pj4+Pj\/wAARCAAqACUDASIAAhEBAxEB\/8QAGAAAAwEBAAAAAAAAAAAAAAAAAAIDBAH\/xAAaEAEBAQEBAQEAAAAAAAAAAAAAAgEhAzES\/8QAFgEBAQEAAAAAAAAAAAAAAAAAAQAC\/8QAFREBAQAAAAAAAAAAAAAAAAAAAAH\/2gAMAwEAAhEDEQA\/ANnoy+jVbNZgqKkE00kNM7wEneBJW0LXpG8ZaR12Xdx2ZLJ5+A8zwFKVidStpNYaS\/Bpgx5KGTwKZ8CT\/9k=\" alt=\"\" aria-hidden=\"false\"\/>     <img decoding=\"async\" src=\"https:\/\/www.europesays.com\/fr\/wp-content\/uploads\/2025\/06\/860_sc_harajuku-1998-japon-c-atelier-titouan-lamazou.jpg\" loading=\"lazy\" fetchpriority=\"low\" width=\"860\" height=\"963\" class=\"Image-main  svelte-1b9cmvl rounded\" data-testid=\"image-src\" alt=\"Harajuku, 1998, Japon. Gouache sur manga. Illustration extraite de l\u2019album \u2018Carnets de voyage, 1998\u2019 publi\u00e9 aux \u00e9ditions Gallimard.\" aria-hidden=\"false\" onload=\"this.__e=event\" onerror=\"this.__e=event\"\/> Harajuku, 1998, Japon. Gouache sur manga. Illustration extraite de l\u2019album \u2018Carnets de voyage, 1998\u2019 publi\u00e9 aux \u00e9ditions Gallimard.  &#8211; \u00a9 Atelier Titouan Lamazou <\/p>\n<p class=\"PopSlotParagraph qg-tx2 qg-xtra-lh svelte-1r0pyek\">S\u2019il est un pays dans lequel il est beaucoup revenu, c\u2019est le Mali, dont il parle en fin d\u2019\u00e9pisode en \u00e9voquant Retour \u00e0 Tombouctou, livre qui marque un tournant de son art vers un engagement plus affirm\u00e9.<\/p>\n<p>  <img decoding=\"async\" class=\"Image-preview  svelte-1b9cmvl\" data-testid=\"image-preview\" src=\"data:image\/jpeg;charset=utf-8;base64, \/9j\/2wBDACgcHiMeGSgjISMtKygwPGRBPDc3PHtYXUlkkYCZlo+AjIqgtObDoKrarYqMyP\/L2u71\/\/\/\/m8H\/\/\/\/6\/+b9\/\/j\/2wBDASstLTw1PHZBQXb4pYyl+Pj4+Pj4+Pj4+Pj4+Pj4+Pj4+Pj4+Pj4+Pj4+Pj4+Pj4+Pj4+Pj4+Pj4+Pj4+Pj4+Pj\/wAARCAAbACoDASIAAhEBAxEB\/8QAGAAAAwEBAAAAAAAAAAAAAAAAAAIDAQX\/xAAXEAEBAQEAAAAAAAAAAAAAAAAAAQIR\/8QAFQEBAQAAAAAAAAAAAAAAAAAAAQD\/xAAWEQEBAQAAAAAAAAAAAAAAAAAAARH\/2gAMAwEAAhEDEQA\/AOjqp60fSOjBRdCaJRCF80\/UcqAt1E9RakoKFy2ZPWxaBmKcZk6L\/9k=\" alt=\"\" aria-hidden=\"false\"\/>     <img decoding=\"async\" src=\"https:\/\/www.europesays.com\/fr\/wp-content\/uploads\/2025\/06\/860_sc_mali-malick-sidibe-1999.jpg\" loading=\"lazy\" fetchpriority=\"low\" width=\"860\" height=\"560\" class=\"Image-main  svelte-1b9cmvl rounded\" data-testid=\"image-src\" alt=\"Malick pose dans son studio, 1999, Mali. Gouache et tirages vintages de Malick Sidib\u00e9. Image extraite de l\u2019album \u2018Carnets de voyage 2\u2019  (Ed. Gallimard, 2000)\" aria-hidden=\"false\" onload=\"this.__e=event\" onerror=\"this.__e=event\"\/> Malick pose dans son studio, 1999, Mali. Gouache et tirages vintages de Malick Sidib\u00e9. Image extraite de l\u2019album \u2018Carnets de voyage 2\u2019  (Ed. Gallimard, 2000)  &#8211; \u00a9 Atelier Titouan Lamazou  <img decoding=\"async\" class=\"Image-preview  svelte-1b9cmvl\" data-testid=\"image-preview\" src=\"data:image\/jpeg;charset=utf-8;base64, \/9j\/2wBDACgcHiMeGSgjISMtKygwPGRBPDc3PHtYXUlkkYCZlo+AjIqgtObDoKrarYqMyP\/L2u71\/\/\/\/m8H\/\/\/\/6\/+b9\/\/j\/2wBDASstLTw1PHZBQXb4pYyl+Pj4+Pj4+Pj4+Pj4+Pj4+Pj4+Pj4+Pj4+Pj4+Pj4+Pj4+Pj4+Pj4+Pj4+Pj4+Pj4+Pj\/wAARCAAqACADASIAAhEBAxEB\/8QAFwABAQEBAAAAAAAAAAAAAAAAAQACBP\/EABcQAQEBAQAAAAAAAAAAAAAAAAABEQL\/xAAWAQEBAQAAAAAAAAAAAAAAAAABAAL\/xAAUEQEAAAAAAAAAAAAAAAAAAAAA\/9oADAMBAAIRAxEAPwDuvQtZ0MtHTAYkyisRUagwoDDhQaUhxRqEP\/\/Z\" alt=\"\" aria-hidden=\"false\"\/>     <img decoding=\"async\" src=\"https:\/\/www.europesays.com\/fr\/wp-content\/uploads\/2025\/06\/860_sc_mohammed-et-ahmeyad-2014-bamako-mali-acrylique-sur-papier-illustration-extraite-de-l-album-re.jpeg\" loading=\"lazy\" fetchpriority=\"low\" width=\"552\" height=\"720\" class=\"Image-main  svelte-1b9cmvl rounded\" data-testid=\"image-src\" alt=\"Mohammed et Ahmeyad, 2014, Bamako, Mali. Acrylique sur papier. Illustration extraite de l\u2019album \u2018Retour \u00e0 Tombouctou\u2019\" aria-hidden=\"false\" onload=\"this.__e=event\" onerror=\"this.__e=event\"\/> Mohammed et Ahmeyad, 2014, Bamako, Mali. Acrylique sur papier. Illustration extraite de l\u2019album \u2018Retour \u00e0 Tombouctou\u2019  &#8211; \u00a9 Atelier Titouan Lamazou G\u00e9n\u00e9rique<\/p>\n<p class=\"PopSlotParagraph qg-tx2 qg-xtra-lh svelte-1r0pyek\"><strong>Une s\u00e9rie d\u2019entretiens propos\u00e9e par Caroline Brou\u00e9. R\u00e9alisation\u00a0: Guillaume Baldy. Prise de son\u00a0: Benjamin Tron\u00e7in et Benjamin Reyes. Charg\u00e9e de programmes\u00a0: Daphn\u00e9 Abgrall.<\/strong><\/p>\n<p> Bibliographie s\u00e9lective<\/p>\n<ul>\n<li>Sous les \u00e9toiles,\u00a0Gallimard, 2024<\/li>\n<li>Escales en Polyn\u00e9sie, avec Zo\u00e9 Lamazou, Au Vent des \u00eeles, 2021<\/li>\n<li>Guide de man\u0153uvre d&rsquo;\u00c9ric\u00a0Tabarly, pr\u00e9face et dessins de Titouan\u00a0Lamazou, Gallimard, r\u00e9\u00e9dition 2017<\/li>\n<li>\u0152uvres vagabondes (1965-2015)\u00a0avec Jean de Loisy, Gallimard, 2016<\/li>\n<li>Retour \u00e0 Tombouctou,\u00a0Gallimard, 2015<\/li>\n<li>Onze Lunes au Maroc,\u00a0avec Karin Huet, Gallimard, 2012<\/li>\n<li>T\u00e9n\u00e8bres au paradis. Africaines des Grands Lacs, Gallimard, 2011<\/li>\n<li>Mauve,\u00a0avec Fatou Diome, Arthaud, 2010<\/li>\n<li>Afghanes, avec\u00a0Bernard Dupaigne, Gallimard, 2009<\/li>\n<li>Zo\u00e9 Zo\u00e9. Femmes du monde,\u00a0Gallimard, 2007<\/li>\n<li>Renaud par Titouan,\u00a0Gallimard, 2002<\/li>\n<li>R\u00eave de d\u00e9serts, avec Raymond\u00a0Depardon, Gallimard, 2000<\/li>\n<\/ul>\n","protected":false},"excerpt":{"rendered":"Apr\u00e8s les temp\u00eates oc\u00e9aniques, les vagabondages autour du monde. Ses Carnets de voyages deviennent un laboratoire d\u2019images et&hellip;\n","protected":false},"author":2,"featured_media":187063,"comment_status":"","ping_status":"","sticky":false,"template":"","format":"standard","meta":{"footnotes":""},"categories":[1358],"tags":[1348,1384,1385,1386,58,59,1011,27],"class_list":{"0":"post-187062","1":"post","2":"type-post","3":"status-publish","4":"format-standard","5":"has-post-thumbnail","7":"category-arts-et-design","8":"tag-arts","9":"tag-arts-and-design","10":"tag-arts-et-design","11":"tag-design","12":"tag-divertissement","13":"tag-entertainment","14":"tag-fr","15":"tag-france"},"share_on_mastodon":{"url":"https:\/\/pubeurope.com\/@fr\/114707037729691356","error":""},"_links":{"self":[{"href":"https:\/\/www.europesays.com\/fr\/wp-json\/wp\/v2\/posts\/187062","targetHints":{"allow":["GET"]}}],"collection":[{"href":"https:\/\/www.europesays.com\/fr\/wp-json\/wp\/v2\/posts"}],"about":[{"href":"https:\/\/www.europesays.com\/fr\/wp-json\/wp\/v2\/types\/post"}],"author":[{"embeddable":true,"href":"https:\/\/www.europesays.com\/fr\/wp-json\/wp\/v2\/users\/2"}],"replies":[{"embeddable":true,"href":"https:\/\/www.europesays.com\/fr\/wp-json\/wp\/v2\/comments?post=187062"}],"version-history":[{"count":0,"href":"https:\/\/www.europesays.com\/fr\/wp-json\/wp\/v2\/posts\/187062\/revisions"}],"wp:featuredmedia":[{"embeddable":true,"href":"https:\/\/www.europesays.com\/fr\/wp-json\/wp\/v2\/media\/187063"}],"wp:attachment":[{"href":"https:\/\/www.europesays.com\/fr\/wp-json\/wp\/v2\/media?parent=187062"}],"wp:term":[{"taxonomy":"category","embeddable":true,"href":"https:\/\/www.europesays.com\/fr\/wp-json\/wp\/v2\/categories?post=187062"},{"taxonomy":"post_tag","embeddable":true,"href":"https:\/\/www.europesays.com\/fr\/wp-json\/wp\/v2\/tags?post=187062"}],"curies":[{"name":"wp","href":"https:\/\/api.w.org\/{rel}","templated":true}]}}