{"id":187076,"date":"2025-06-18T23:53:12","date_gmt":"2025-06-18T23:53:12","guid":{"rendered":"https:\/\/www.europesays.com\/fr\/187076\/"},"modified":"2025-06-18T23:53:12","modified_gmt":"2025-06-18T23:53:12","slug":"secret-story-2025-quotidienne-du-18-juin-2025-secret-story","status":"publish","type":"post","link":"https:\/\/www.europesays.com\/fr\/187076\/","title":{"rendered":"Secret story 2025 &#8211; Quotidienne du 18 juin 2025 &#8211; Secret Story"},"content":{"rendered":"<p id=\"descriptionPanel\" aria-labelledby=\"descriptionArrow\" aria-expanded=\"false\" class=\"mr-2 line-clamp-2 pr-2.5 text-secondary overflow-visible\">Damien se r\u00e9veille de nouveau dans la Maison des Secrets en \u00e9tant tr\u00e8s soulag\u00e9 ! Au contraire, Mayer, qui entame son cinqui\u00e8me jour dans la Maison de Cristal ne voit pas le bout du tunnel. Mais la Voix n&rsquo;a pas encore dit son dernier mot ! Les destins risquent encore d&rsquo;\u00eatre bouscul\u00e9s, \u00e0 l&rsquo;approche des nominations. Elle commence par soumettre une \u00e9nigme \u00e0 Mayer, Ethan, Marianne et Dr\u00e9a avec \u00e0 la cl\u00e9 deux places pour la Maison des Secrets. C&rsquo;est Ethan qui tire son \u00e9pingle du jeu et qui emm\u00e8ne avec lui Mayer. En \u00e9change, il envoie Pimprenelle et Th\u00e9o dans la Maison de Cristal, trop strat\u00e8ges et mena\u00e7ants selon lui. Alors, \u00e0 la fin de la journ\u00e9e, qui se retrouvera sur le banc de touche ? Secret Story 2025 &#8211; Quotidienne du 18 juin 2025<br \/>En savoir plus sur <a class=\"text-white hover:text-blue-500\" href=\"https:\/\/www.tf1.fr\/dossier\/pimprenelle-secret-story-2025-14042527\" rel=\"nofollow noopener\" target=\"_blank\">Pimprenelle <\/a>, <a class=\"text-white hover:text-blue-500\" href=\"https:\/\/www.tf1.fr\/dossier\/anita-secret-story-2025-76856519\" rel=\"nofollow noopener\" target=\"_blank\">Anita<\/a>, <a class=\"text-white hover:text-blue-500\" href=\"https:\/\/www.tf1.fr\/dossier\/theo-secret-story-2025-49804964\" rel=\"nofollow noopener\" target=\"_blank\">Th\u00e9o<\/a>, <a class=\"text-white hover:text-blue-500\" href=\"https:\/\/www.tf1.fr\/dossier\/aimed-secret-story-2025-63413122\" rel=\"nofollow noopener\" target=\"_blank\">A\u00efmed<\/a>, <a class=\"text-white hover:text-blue-500\" href=\"https:\/\/www.tf1.fr\/dossier\/adrien-secret-story-2025-32674291\" rel=\"nofollow noopener\" target=\"_blank\">Adrien<\/a>, <a class=\"text-white hover:text-blue-500\" href=\"https:\/\/www.tf1.fr\/dossier\/marianne-secret-story-2025-37810778\" rel=\"nofollow noopener\" target=\"_blank\">Marianne<\/a>, <a class=\"text-white hover:text-blue-500\" href=\"https:\/\/www.tf1.fr\/dossier\/christophe-beaugrand\" rel=\"nofollow noopener\" target=\"_blank\">Christophe Beaugrand<\/a>, <a class=\"text-white hover:text-blue-500\" href=\"https:\/\/www.tf1.fr\/dossier\/celia-secret-story-2025-18208385\" rel=\"nofollow noopener\" target=\"_blank\">C\u00e9lia<\/a>, <a class=\"text-white hover:text-blue-500\" href=\"https:\/\/www.tf1.fr\/dossier\/romy-secret-story-2025-96898096\" rel=\"nofollow noopener\" target=\"_blank\">Romy<\/a>, <a class=\"text-white hover:text-blue-500\" href=\"https:\/\/www.tf1.fr\/dossier\/constance-secret-story-2025-97345810\" rel=\"nofollow noopener\" target=\"_blank\">Constance<\/a>, <a class=\"text-white hover:text-blue-500\" href=\"https:\/\/www.tf1.fr\/dossier\/damien-secret-story-2025-73891426\" rel=\"nofollow noopener\" target=\"_blank\">Damien<\/a>, <a class=\"text-white hover:text-blue-500\" href=\"https:\/\/www.tf1.fr\/dossier\/ethan-secret-story-2025-86255808\" rel=\"nofollow noopener\" target=\"_blank\">Ethan <\/a>, <a class=\"text-white hover:text-blue-500\" href=\"https:\/\/www.tf1.fr\/dossier\/drea-secret-story-2025-37582035\" rel=\"nofollow noopener\" target=\"_blank\">Dr\u00e9a <\/a>, <a class=\"text-white hover:text-blue-500\" href=\"https:\/\/www.tf1.fr\/dossier\/mayer-secret-story-2025-05398248\" rel=\"nofollow noopener\" target=\"_blank\">Mayer<\/a> ou <a class=\"text-white hover:text-blue-500\" href=\"https:\/\/www.tf1.fr\/dossier\/noah-secret-story-2025-07015147\" rel=\"nofollow noopener\" target=\"_blank\">Noah<\/a><\/p>\n<p><a class=\"shrink-0\" href=\"https:\/\/www.tf1.fr\/tf1\/secret-story\" rel=\"nofollow noopener\" target=\"_blank\"><img decoding=\"async\" src=\"https:\/\/www.europesays.com\/fr\/wp-content\/uploads\/2025\/06\/program-card-portrait-1-secret-story-2024-69eb6a-eddee1-0@1x.jpg\" width=\"138\" height=\"184\" alt=\"\" loading=\"eager\" fetchpriority=\"auto\" class=\"aspect-[3\/4] h-24 w-auto rounded-3px\" aria-hidden=\"true\"\/><\/a><\/p>\n","protected":false},"excerpt":{"rendered":"Damien se r\u00e9veille de nouveau dans la Maison des Secrets en \u00e9tant tr\u00e8s soulag\u00e9 ! Au contraire, Mayer,&hellip;\n","protected":false},"author":2,"featured_media":187077,"comment_status":"","ping_status":"","sticky":false,"template":"","format":"standard","meta":{"footnotes":""},"categories":[8],"tags":[58,59,1365,32484,1011,27,29901,32485,32205,32206,32204],"class_list":{"0":"post-187076","1":"post","2":"type-post","3":"status-publish","4":"format-standard","5":"has-post-thumbnail","7":"category-divertissement","8":"tag-divertissement","9":"tag-entertainment","10":"tag-episode","11":"tag-episode-secret-story","12":"tag-fr","13":"tag-france","14":"tag-secret-story","15":"tag-secret-story-episode","16":"tag-streaming-secret-story","17":"tag-video-en-streaming-secret-story","18":"tag-video-secret-story"},"share_on_mastodon":{"url":"https:\/\/pubeurope.com\/@fr\/114707064663430251","error":""},"_links":{"self":[{"href":"https:\/\/www.europesays.com\/fr\/wp-json\/wp\/v2\/posts\/187076","targetHints":{"allow":["GET"]}}],"collection":[{"href":"https:\/\/www.europesays.com\/fr\/wp-json\/wp\/v2\/posts"}],"about":[{"href":"https:\/\/www.europesays.com\/fr\/wp-json\/wp\/v2\/types\/post"}],"author":[{"embeddable":true,"href":"https:\/\/www.europesays.com\/fr\/wp-json\/wp\/v2\/users\/2"}],"replies":[{"embeddable":true,"href":"https:\/\/www.europesays.com\/fr\/wp-json\/wp\/v2\/comments?post=187076"}],"version-history":[{"count":0,"href":"https:\/\/www.europesays.com\/fr\/wp-json\/wp\/v2\/posts\/187076\/revisions"}],"wp:featuredmedia":[{"embeddable":true,"href":"https:\/\/www.europesays.com\/fr\/wp-json\/wp\/v2\/media\/187077"}],"wp:attachment":[{"href":"https:\/\/www.europesays.com\/fr\/wp-json\/wp\/v2\/media?parent=187076"}],"wp:term":[{"taxonomy":"category","embeddable":true,"href":"https:\/\/www.europesays.com\/fr\/wp-json\/wp\/v2\/categories?post=187076"},{"taxonomy":"post_tag","embeddable":true,"href":"https:\/\/www.europesays.com\/fr\/wp-json\/wp\/v2\/tags?post=187076"}],"curies":[{"name":"wp","href":"https:\/\/api.w.org\/{rel}","templated":true}]}}