{"id":187082,"date":"2025-06-18T23:56:18","date_gmt":"2025-06-18T23:56:18","guid":{"rendered":"https:\/\/www.europesays.com\/fr\/187082\/"},"modified":"2025-06-18T23:56:18","modified_gmt":"2025-06-18T23:56:18","slug":"le-quai-dorsay-deconseille-de-voyager-dans-plusieurs-pays-du-proche-et-moyen-orient","status":"publish","type":"post","link":"https:\/\/www.europesays.com\/fr\/187082\/","title":{"rendered":"le Quai d\u2019Orsay d\u00e9conseille de voyager dans plusieurs pays du Proche et Moyen-Orient"},"content":{"rendered":"<p>Alors que l\u2019escalade militaire se poursuit entre les deux pays et que des espaces a\u00e9riens restent ferm\u00e9s, le minist\u00e8re des Affaires \u00e9trang\u00e8res invite les touristes fran\u00e7ais \u00e0 \u00abfaire preuve de vigilance renforc\u00e9e\u00bb.<\/p>\n<p class=\"fig-paragraph\">L\u2019escalade militaire se poursuit pour le sixi\u00e8me jour cons\u00e9cutif. Apr\u00e8s les frappes a\u00e9riennes men\u00e9es le vendredi 13 par Isra\u00ebl sur la capitale de l\u2019Iran et l\u2019intensification des repr\u00e9sailles entre les deux pays, la situation s\u00e9curitaire est\u00a0<a href=\"https:\/\/www.lefigaro.fr\/international\/en-direct-iran-israel-guerre-tel-aviv-attaque-khamenei-teheran-netanyahou-detroit-ormuz-20250617\" target=\"_blank\" data-fig-type=\"Live\" rel=\"noopener\" data-gtm-custom-categorie=\"navigation\" data-gtm-custom-action=\"crossclick\" data-gtm-custom-label=\"Contextuel\" data-gtm-event=\"customEventSPE\" data-fig-domain=\"LEFIGARO\">toujours aussi tendue au Moyen-Orient<\/a>. Dans ce contexte, le minist\u00e8re fran\u00e7ais des Affaires \u00e9trang\u00e8res a \u00e9mis des avertissements aux touristes et r\u00e9sidents fran\u00e7ais qui seraient en partance vers certains pays de cette r\u00e9gion du monde.<\/p>\n<p class=\"fig-paragraph\">\u00abAu vu de la d\u00e9gradation de la situation s\u00e9curitaire au Proche-Orient, il est recommand\u00e9 aux ressortissants Fran\u00e7ais se trouvant actuellement dans les pays de la r\u00e9gion de faire preuve d\u2019une vigilance renforc\u00e9e, ce qui implique notamment de se tenir \u00e0 l\u2019\u00e9cart des manifestations et des rassemblements. [&#8230;] En cas de riposte iranienne et si les sir\u00e8nes d\u2019alerte sont activ\u00e9es, il est recommand\u00e9 d\u2019\u00e9viter les d\u00e9placements et de se mettre \u00e0 l\u2019abri dans un lieu ferm\u00e9\u00bb, conseille le Quai d\u2019Orsay.<\/p>\n<p class=\"fig-paragraph\">Cette recommandation vaut pour la\u00a0<a href=\"http:\/\/www.lefigaro.fr\/voyages\/dossier\/jordanie\" target=\"_blank\" data-fig-type=\"Topic\" rel=\"noopener\" data-gtm-custom-categorie=\"navigation\" data-gtm-custom-action=\"crossclick\" data-gtm-custom-label=\"Contextuel\" data-gtm-event=\"customEventSPE\" data-fig-domain=\"LEFIGARO\">Jordanie<\/a>, les \u00c9mirats arabes unis, le\u00a0<a href=\"http:\/\/www.lefigaro.fr\/voyages\/dossier\/qatar\" target=\"_blank\" data-fig-type=\"Topic\" rel=\"noopener\" data-gtm-custom-categorie=\"navigation\" data-gtm-custom-action=\"crossclick\" data-gtm-custom-label=\"Contextuel\" data-gtm-event=\"customEventSPE\" data-fig-domain=\"LEFIGARO\">Qatar<\/a>, le Bahre\u00efn,\u00a0<a href=\"http:\/\/www.lefigaro.fr\/voyages\/dossier\/oman\" target=\"_blank\" data-fig-type=\"Topic\" rel=\"noopener\" data-gtm-custom-categorie=\"navigation\" data-gtm-custom-action=\"crossclick\" data-gtm-custom-label=\"Contextuel\" data-gtm-event=\"customEventSPE\" data-fig-domain=\"LEFIGARO\">Oman<\/a>, l\u2019<a href=\"http:\/\/www.lefigaro.fr\/voyages\/selection\/dossier\/arabie-saoudite-le-guide-de-voyage-du-figaro\" target=\"_blank\" data-fig-type=\"Topic\" rel=\"noopener\" data-gtm-custom-categorie=\"navigation\" data-gtm-custom-action=\"crossclick\" data-gtm-custom-label=\"Contextuel\" data-gtm-event=\"customEventSPE\" data-fig-domain=\"LEFIGARO\">Arabie saoudite<\/a>, le\u00a0<a href=\"http:\/\/www.lefigaro.fr\/voyages\/dossier\/liban\" target=\"_blank\" data-fig-type=\"Topic\" rel=\"noopener\" data-gtm-custom-categorie=\"navigation\" data-gtm-custom-action=\"crossclick\" data-gtm-custom-label=\"Contextuel\" data-gtm-event=\"customEventSPE\" data-fig-domain=\"LEFIGARO\">Liban<\/a>, Isra\u00ebl et les Territoires palestiniens, l\u2019Iran et l\u2019<a href=\"http:\/\/www.lefigaro.fr\/voyages\/dossier\/egypte\" target=\"_blank\" data-fig-type=\"Topic\" rel=\"noopener\" data-gtm-custom-categorie=\"navigation\" data-gtm-custom-action=\"crossclick\" data-gtm-custom-label=\"Contextuel\" data-gtm-event=\"customEventSPE\" data-fig-domain=\"LEFIGARO\">\u00c9gypte<\/a>. Dans ces pays, \u00aben cas de riposte iranienne et si les sir\u00e8nes d\u2019alerte sont activ\u00e9es, il est recommand\u00e9 d\u2019\u00e9viter les d\u00e9placements et de se mettre \u00e0 l\u2019abri dans un lieu ferm\u00e9\u00bb. Les voyageurs qui maintiennent leur s\u00e9jour sont invit\u00e9s \u00e0 se tenir inform\u00e9s de la situation aupr\u00e8s des ambassades fran\u00e7aises et de s\u2019inscrire sur le Fil d\u2019Ariane, un outil permettant aux Fran\u00e7ais de recevoir les alertes et consignes de s\u00e9curit\u00e9 relatives \u00e0 leur destination.<\/p>\n<p>Retards, annulations, d\u00e9routements&#8230; Pagaille dans les airs<\/p>\n<p class=\"fig-paragraph\">En \u00c9gypte plus qu\u2019ailleurs, les autorit\u00e9s fran\u00e7aises invitent \u00e0 encore plus de vigilance en cas de manifestation\u00a0: \u00abLes participants s\u2019exposent \u00e0 un risque d\u2019arrestation et de d\u00e9tention. [&#8230;] Le Nord Sina\u00ef fait par ailleurs l\u2019objet de restrictions d\u2019acc\u00e8s particuli\u00e8res. Son acc\u00e8s est interdit par les autorit\u00e9s \u00e9gyptiennes \u00e0 toute personne n\u2019ayant pas obtenu d\u2019autorisation sp\u00e9cifique. Dans ce contexte, des ressortissants fran\u00e7ais ont \u00e9t\u00e9 refoul\u00e9s \u00e0 leur arriv\u00e9e sur le territoire \u00e9gyptien. Certains ont \u00e9t\u00e9 arr\u00eat\u00e9s, plac\u00e9s en d\u00e9tention, ou forc\u00e9s \u00e0 quitter le territoire.\u00bb<\/p>\n<p class=\"fig-paragraph\">Autre point de vigilance\u00a0: les \u00e9ventuelles perturbations qui risquent de toucher le trafic a\u00e9rien, en particulier depuis la\u00a0<a href=\"http:\/\/www.lefigaro.fr\/voyages\/frappes-israeliennes-sur-l-iran-la-jordanie-ferme-son-espace-aerien-20250613\" target=\"_blank\" data-fig-type=\"NewsFlash\" rel=\"noopener\" data-gtm-custom-categorie=\"navigation\" data-gtm-custom-action=\"crossclick\" data-gtm-custom-label=\"Contextuel\" data-gtm-event=\"customEventSPE\" data-fig-domain=\"LEFIGARO\">fermeture des espaces a\u00e9riens<\/a>\u00a0d\u2019Isra\u00ebl, de l\u2019Iran, de l\u2019Irak et de la Jordanie. \u00abDes annulations, des retards et reports de vols peuvent survenir. Il est conseill\u00e9 de se rapprocher de sa compagnie a\u00e9rienne en amont du vol pour v\u00e9rifier le statut de celui-ci et trouver une solution de remplacement le cas \u00e9ch\u00e9ant\u00bb. Pour l\u2019heure, seule la Jordanie a rouvert son espace a\u00e9rien, le 14 juin.<\/p>\n<p class=\"fig-paragraph\">L\u2019interdiction de survol de certains territoires contraint de nombreuses compagnies a\u00e9riennes \u00e0 supprimer ou d\u00e9router leurs vols. Ainsi, Air France et Transavia suspendent leurs vols vers Tel-Aviv jusqu\u2019\u00e0 nouvel ordre, tandis que Transavia maintient sa desserte de Beyrouth.<\/p>\n","protected":false},"excerpt":{"rendered":"Alors que l\u2019escalade militaire se poursuit entre les deux pays et que des espaces a\u00e9riens restent ferm\u00e9s, le&hellip;\n","protected":false},"author":2,"featured_media":187083,"comment_status":"","ping_status":"","sticky":false,"template":"","format":"standard","meta":{"footnotes":""},"categories":[5],"tags":[608,607,609,610,11,604,605,603,606,1011,27,1146,14,12,611,602,28],"class_list":{"0":"post-187082","1":"post","2":"type-post","3":"status-publish","4":"format-standard","5":"has-post-thumbnail","7":"category-international","8":"tag-activite-de-plein-air","9":"tag-activite-loisirs","10":"tag-activite-plein-air-enfant","11":"tag-activites-loisirs","12":"tag-actualites","13":"tag-agenda-brocantes","14":"tag-chasse-et-peche","15":"tag-circuits-randonnees","16":"tag-decouverte-du-patrimoine","17":"tag-fr","18":"tag-france","19":"tag-guerre","20":"tag-international","21":"tag-news","22":"tag-sorties-famille","23":"tag-tourisme","24":"tag-world"},"share_on_mastodon":{"url":"https:\/\/pubeurope.com\/@fr\/114707076545503621","error":""},"_links":{"self":[{"href":"https:\/\/www.europesays.com\/fr\/wp-json\/wp\/v2\/posts\/187082","targetHints":{"allow":["GET"]}}],"collection":[{"href":"https:\/\/www.europesays.com\/fr\/wp-json\/wp\/v2\/posts"}],"about":[{"href":"https:\/\/www.europesays.com\/fr\/wp-json\/wp\/v2\/types\/post"}],"author":[{"embeddable":true,"href":"https:\/\/www.europesays.com\/fr\/wp-json\/wp\/v2\/users\/2"}],"replies":[{"embeddable":true,"href":"https:\/\/www.europesays.com\/fr\/wp-json\/wp\/v2\/comments?post=187082"}],"version-history":[{"count":0,"href":"https:\/\/www.europesays.com\/fr\/wp-json\/wp\/v2\/posts\/187082\/revisions"}],"wp:featuredmedia":[{"embeddable":true,"href":"https:\/\/www.europesays.com\/fr\/wp-json\/wp\/v2\/media\/187083"}],"wp:attachment":[{"href":"https:\/\/www.europesays.com\/fr\/wp-json\/wp\/v2\/media?parent=187082"}],"wp:term":[{"taxonomy":"category","embeddable":true,"href":"https:\/\/www.europesays.com\/fr\/wp-json\/wp\/v2\/categories?post=187082"},{"taxonomy":"post_tag","embeddable":true,"href":"https:\/\/www.europesays.com\/fr\/wp-json\/wp\/v2\/tags?post=187082"}],"curies":[{"name":"wp","href":"https:\/\/api.w.org\/{rel}","templated":true}]}}