{"id":187084,"date":"2025-06-18T23:57:12","date_gmt":"2025-06-18T23:57:12","guid":{"rendered":"https:\/\/www.europesays.com\/fr\/187084\/"},"modified":"2025-06-18T23:57:12","modified_gmt":"2025-06-18T23:57:12","slug":"vous-harcelez-vos-collaborateurs-rachida-dati-sen-prend-a-patrick-cohen-et-anne-elisabeth-lemoine-dans-c-a-vous","status":"publish","type":"post","link":"https:\/\/www.europesays.com\/fr\/187084\/","title":{"rendered":"\u00ab\u00a0Vous harcelez vos collaborateurs\u00a0?\u00a0\u00bb\u00a0: Rachida Dati s\u2019en prend \u00e0 Patrick Cohen et Anne-\u00c9lisabeth Lemoine dans \u00ab\u00a0C \u00e0 vous\u00a0\u00bb"},"content":{"rendered":"<p class=\"paragraph text_align_left\">Le ton est mont\u00e9 entre la ministre de la Culture et le journaliste. Interrog\u00e9e <a href=\"https:\/\/www.leparisien.fr\/culture-loisirs\/tv\/complement-denquete-sur-france-2-ce-que-contient-le-prochain-numero-sur-rachida-dati-04-06-2025-GKN4AYWDRNEEVADISLNPM377XA.php\" target=\"_blank\" rel=\"noreferrer nofollow noopener\">sur ses liens avec GDF-Suez, r\u00e9v\u00e9l\u00e9s par \u00ab Compl\u00e9ment d\u2019enqu\u00eate \u00bb sur France 2<\/a> d\u00e9but juin, <a href=\"https:\/\/www.leparisien.fr\/politique\/rachida-dati\/\" target=\"_blank\" rel=\"noreferrer nofollow noopener\">Rachida Dati<\/a> s\u2019en est prise \u00e0 Patrick Cohen, ce mercredi, sur le plateau de \u00ab C \u00e0 vous \u00bb.<\/p>\n<p class=\"paragraph text_align_left\">Le magazine d\u2019enqu\u00eate, diffus\u00e9 jeudi 5 juin sur France 2, avance notamment que Rachida Dati aurait re\u00e7u 299 000 euros d\u2019honoraires du g\u00e9ant fran\u00e7ais GDF Suez en 2010-2011, quand elle \u00e9tait eurod\u00e9put\u00e9e et avocate.<\/p>\n<p>\u00ab Le harc\u00e8lement, c\u2019est un d\u00e9lit monsieur Cohen \u00bb<\/p>\n<p class=\"paragraph text_align_left\">Interrog\u00e9e par Patrick Cohen sur ces r\u00e9v\u00e9lations, la ministre de la Culture a hauss\u00e9 le ton, s\u2019en prenant directement au journaliste. \u00ab Monsieur Cohen, il y a une enqu\u00eate <a href=\"https:\/\/www.mediapart.fr\/journal\/culture-et-idees\/030225\/france-inter-le-comportement-passe-de-patrick-cohen-fait-surface\" target=\"_self\" rel=\"nofollow noopener\">Mediapart <\/a>qui vous a mis en cause, pour harc\u00e8lement, management toxique \u00bb, a-t-elle r\u00e9torqu\u00e9, avant de poursuivre : \u00ab Il y a une enqu\u00eate Mediapart qui est sortie tr\u00e8s r\u00e9cemment. Est-ce que c\u2019est vrai Monsieur Cohen ? Est-ce que vous harcelez vos collaborateurs ? Est-ce que vous \u00eates d\u00e9sagr\u00e9able avec les gens avec lesquels vous travaillez ? C\u2019est affirm\u00e9 dans une enqu\u00eate Mediapart (\u2026) Est-ce que vous pouvez me r\u00e9pondre ? \u00bb<\/p>\n<p class=\"paragraph text_align_left\">\u00ab Ne d\u00e9tournez pas la question \u00bb, lui a alors r\u00e9pondu Patrick Cohen. \u00ab Je ne d\u00e9tourne pas la question. Il y a une enqu\u00eate vous concernant (\u2026) Le harc\u00e8lement, c\u2019est un d\u00e9lit monsieur Cohen \u00bb, a continu\u00e9 la ministre. \u00ab Je n\u2019ai pas \u00e9t\u00e9 accus\u00e9 de harc\u00e8lement, par personne \u00bb, a r\u00e9torqu\u00e9 l\u2019animateur.<\/p>\n<p class=\"paragraph text_align_left\">Apr\u00e8s quelques secondes, <a href=\"https:\/\/www.leparisien.fr\/culture-loisirs\/tv\/anne-elisabeth-lemoine-de-retour-avec-c-a-vous-leon-marchand-ca-fait-deux-ans-que-je-veux-lavoir-02-09-2024-GYJTY6XWV5AZZDR2MAHZ25D5GQ.php\" target=\"_blank\" rel=\"noreferrer nofollow noopener\">Anne-\u00c9lisabeth Lemoine, l\u2019animatrice<\/a>, a finalement tent\u00e9 de reprendre la parole, mais elle a \u00e9t\u00e9 imm\u00e9diatement coup\u00e9e par Rachida Dati : \u00ab Non madame Lemoine, il y a une enqu\u00eate qui a \u00e9t\u00e9 ouverte. Monsieur Cohen, est-ce que c\u2019est vrai que vous harcelez vos collaborateurs ? Madame Lemoine, j\u2019ai lu que vous pleurez en coulisses ? \u00bb. \u00ab Vous allez vous contenter de mon non. Non, c\u2019est faux \u00bb, lui a r\u00e9pondu la pr\u00e9sentatrice.<\/p>\n<p>\u00ab Il suffirait que je fasse un article 40 \u00bb<\/p>\n<p class=\"paragraph text_align_left\">Rachida Dati s\u2019est ensuite d\u00e9fendue, estimant avoir r\u00e9pondu aux journalistes de \u00ab Compl\u00e9ment d\u2019enqu\u00eate \u00bb : \u00ab Moi, contrairement \u00e0 vous, j\u2019ai \u00e9t\u00e9 entendue, scann\u00e9e, v\u00e9rifi\u00e9e, contr\u00f4l\u00e9e, et pas qu\u2019une fois. Moi, contrairement \u00e0 vous, j\u2019ai donn\u00e9 des r\u00e9ponses. Sur le harc\u00e8lement monsieur Cohen, je n\u2019ai pas de r\u00e9ponse vous concernant \u00bb.<\/p>\n<p class=\"paragraph text_align_left\">\u00ab Moi, j\u2019ai vu Martin Schulz, le pr\u00e9sident du Parlement europ\u00e9en, qui dit que vous lui avez menti les yeux dans les yeux \u00bb, lui a alors r\u00e9torqu\u00e9 Patrick Cohen. Une r\u00e9ponse qui n\u2019a visiblement pas plus \u00e0 la ministre de la Culture : \u00ab J\u2019en ai fait une politique p\u00e9nale la lutte contre le harc\u00e8lement. Vous pourriez tomber sous le coup de ce d\u00e9lit, il suffirait que je fasse un article 40 \u00bb.<\/p>\n<p class=\"paragraph text_align_left\">\u00ab Je vous y invite \u00e0 le faire. En l\u2019occurrence, personne n\u2019a \u00e9t\u00e9 saisi, ni par la justice, ni en interne au sein de Radio France (\u2026) Ce n\u2019est pas tr\u00e8s reluisant ce que vous faites madame Dati, c\u2019est d\u00e9shonorant \u00bb, a simplement conclu l\u2019animateur.<\/p>\n<p class=\"paragraph text_align_left\">Dans un communiqu\u00e9 de presse, France T\u00e9l\u00e9visions a indiqu\u00e9 \u00ab apporter tout son soutien aux \u00e9quipes de C \u00e0 vous ainsi qu\u2019\u00e0 l\u2019ensemble des journalistes qui continueront \u00e0 exercer leur m\u00e9tier en toute libert\u00e9 \u00bb.<\/p>\n<p class=\"paragraph text_align_left\">\u00ab Les mises en cause personnelles \u00e0 l\u2019encontre de journalistes ne sont acceptables \u00bb, a poursuivi France T\u00e9l\u00e9visions.<\/p>\n","protected":false},"excerpt":{"rendered":"Le ton est mont\u00e9 entre la ministre de la Culture et le journaliste. Interrog\u00e9e sur ses liens avec&hellip;\n","protected":false},"author":2,"featured_media":163754,"comment_status":"","ping_status":"","sticky":false,"template":"","format":"standard","meta":{"footnotes":""},"categories":[4],"tags":[11,872,1011,27,12,316,25,2205],"class_list":{"0":"post-187084","1":"post","2":"type-post","3":"status-publish","4":"format-standard","5":"has-post-thumbnail","7":"category-france","8":"tag-actualites","9":"tag-culture-et-loisirs","10":"tag-fr","11":"tag-france","12":"tag-news","13":"tag-politique","14":"tag-republique-francaise","15":"tag-television-medias"},"share_on_mastodon":{"url":"https:\/\/pubeurope.com\/@fr\/114707080407432502","error":""},"_links":{"self":[{"href":"https:\/\/www.europesays.com\/fr\/wp-json\/wp\/v2\/posts\/187084","targetHints":{"allow":["GET"]}}],"collection":[{"href":"https:\/\/www.europesays.com\/fr\/wp-json\/wp\/v2\/posts"}],"about":[{"href":"https:\/\/www.europesays.com\/fr\/wp-json\/wp\/v2\/types\/post"}],"author":[{"embeddable":true,"href":"https:\/\/www.europesays.com\/fr\/wp-json\/wp\/v2\/users\/2"}],"replies":[{"embeddable":true,"href":"https:\/\/www.europesays.com\/fr\/wp-json\/wp\/v2\/comments?post=187084"}],"version-history":[{"count":0,"href":"https:\/\/www.europesays.com\/fr\/wp-json\/wp\/v2\/posts\/187084\/revisions"}],"wp:featuredmedia":[{"embeddable":true,"href":"https:\/\/www.europesays.com\/fr\/wp-json\/wp\/v2\/media\/163754"}],"wp:attachment":[{"href":"https:\/\/www.europesays.com\/fr\/wp-json\/wp\/v2\/media?parent=187084"}],"wp:term":[{"taxonomy":"category","embeddable":true,"href":"https:\/\/www.europesays.com\/fr\/wp-json\/wp\/v2\/categories?post=187084"},{"taxonomy":"post_tag","embeddable":true,"href":"https:\/\/www.europesays.com\/fr\/wp-json\/wp\/v2\/tags?post=187084"}],"curies":[{"name":"wp","href":"https:\/\/api.w.org\/{rel}","templated":true}]}}