{"id":187087,"date":"2025-06-18T23:59:18","date_gmt":"2025-06-18T23:59:18","guid":{"rendered":"https:\/\/www.europesays.com\/fr\/187087\/"},"modified":"2025-06-18T23:59:18","modified_gmt":"2025-06-18T23:59:18","slug":"un-accident-entre-un-bus-scolaire-et-une-moto-fait-un-mort","status":"publish","type":"post","link":"https:\/\/www.europesays.com\/fr\/187087\/","title":{"rendered":"un accident entre un bus scolaire et une moto fait un mort"},"content":{"rendered":"<p>            Par<br \/>\n        <strong><br \/>\n            <a href=\"https:\/\/actu.fr\/auteur\/mathias-souteyrat\" title=\"Consulter tous les articles de Mathias Souteyrat\" target=\"_blank\" rel=\"noopener\">Mathias Souteyrat<\/a><br \/>\n        <\/strong><\/p>\n<p>        Publi\u00e9 le<\/p>\n<p>            18 juin 2025 \u00e0 8h06        <\/p>\n<p>Drame sur les routes de la <a href=\"https:\/\/actu.fr\/auvergne-rhone-alpes\/loire_42\" target=\"_blank\" rel=\"noopener\">Loire<\/a>. Un grave accident de la route s\u2019est produit mardi 17\u00a0juin 2025 vers 17\u00a0heures, entre une moto et un bus scolaire sur la route M23, sur la commune de <a href=\"https:\/\/actu.fr\/auvergne-rhone-alpes\/saint-heand_42234\" target=\"_blank\" rel=\"noopener\">Saint-H\u00e9and<\/a>, \u00e0 12\u00a0km de Saint-Etienne.<\/p>\n<p>Le conducteur du bus choqu\u00e9<\/p>\n<p class=\" wall-content\">\u00c0 l\u2019arriv\u00e9e des secours, le bilan fait \u00e9tat de deux victimes. Une femme \u00e2g\u00e9e de 58 ans, pilote de la moto, est en arr\u00eat cardio-respiratoire. Elle a \u00e9t\u00e9 d\u00e9clar\u00e9e morte sur place.<\/p>\n<p class=\" wall-content\">La deuxi\u00e8me victime est un homme \u00e2g\u00e9 de 33\u00a0ans. Il s\u2019agit du conducteur du car. Choqu\u00e9, il a \u00e9t\u00e9 transport\u00e9 l\u00e9g\u00e8rement bless\u00e9 vers l\u2019h\u00f4pital nord st\u00e9phanois.<\/p>\n<p>Une cellule psychologique ouverte<\/p>\n<p class=\" wall-content\">Le bus transportait environ <strong>40\u00a0\u00e9l\u00e8ves du coll\u00e8ge de Saint-H\u00e9and<\/strong>. Les adolescents ont \u00e9t\u00e9 r\u00e9cup\u00e9r\u00e9s par leurs parents dont certains avant l\u2019arriv\u00e9e des secours.<\/p>\n<p class=\" wall-content\">Une cellule psychologique est mise en place au coll\u00e8ge ce mercredi matin.<\/p>\n<p>Vid\u00e9os : en ce moment sur ActuLa moto et le bus circulaient dans le m\u00eame sens<\/p>\n<p class=\" wall-content\">Selon le capitaine Herv\u00e9 Fournerie, commandant adjoint de compagnie de la compagnie de Saint-\u00c9tienne, interrog\u00e9 par <a href=\"https:\/\/www.leprogres.fr\/faits-divers-justice\/2025\/06\/17\/deux-roues-contre-bus-scolaire-a-saint-heand-la-pilote-de-la-moto-meurt-sur-le-coup\" target=\"_blank\" rel=\"noopener\">Le Progr\u00e8s<\/a>, \u00ab\u2009le bus scolaire et la moto circulaient dans le m\u00eame sens, entre les communes de Saint-H\u00e9and et de Sorbiers\u2009\u00bb.<\/p>\n<p>    <a href=\"https:\/\/www.google.com\/maps\/embed?pb=!1m18!1m12!1m3!1d44756.63436059519!2d4.351465896394734!3d45.48411172238638!2m3!1f0!2f0!3f0!3m2!1i1024!2i768!4f13.1!3m3!1m2!1s0x47f4532665e50b47%3A0x2c647ea6eeea8c78!2s42570%20Saint-H%C3%A9and!5e0!3m2!1sfr!2sfr!4v1750226451639!5m2!1sfr!2sfr\" title=\"Ouvrie le lien\" target=\"_blank\" rel=\"noopener\">Cliquez ici pour visualiser le contenu<\/a><\/p>\n<p class=\" wall-content\">Une enqu\u00eate devra d\u00e9terminer les circonstances du drame.<\/p>\n<p class=\" wall-content\">Suivez toute l\u2019actualit\u00e9 de vos villes et m\u00e9dias favoris en vous inscrivant \u00e0 <a href=\"https:\/\/moncompte.actu.fr\" title=\"D\u00e9couvez Mon Actu\" rel=\"nofollow noopener\" data-trk=\"{&quot;cta&quot;:{&quot;action&quot;:&quot;https:\\\/\\\/moncompte.actu.fr&quot;,&quot;category&quot;:&quot;mon compte&quot;,&quot;from&quot;:&quot;article footer&quot;,&quot;name&quot;:&quot;Mon actu&quot;,&quot;type&quot;:&quot;cta&quot;}}\" target=\"_blank\">Mon Actu<\/a>.<\/p>\n","protected":false},"excerpt":{"rendered":"Par Mathias Souteyrat Publi\u00e9 le 18 juin 2025 \u00e0 8h06 Drame sur les routes de la Loire. Un&hellip;\n","protected":false},"author":2,"featured_media":187088,"comment_status":"","ping_status":"","sticky":false,"template":"","format":"standard","meta":{"footnotes":""},"categories":[9653],"tags":[119,1111,11,2430,4019,1777,674,118,1011,27,12,1311,25,4001],"class_list":{"0":"post-187087","1":"post","2":"type-post","3":"status-publish","4":"format-standard","5":"has-post-thumbnail","7":"category-saint-etienne","8":"tag-accident","9":"tag-actu","10":"tag-actualites","11":"tag-auvergne-rhone-alpes","12":"tag-ecoles","13":"tag-eu","14":"tag-europe","15":"tag-faits-divers","16":"tag-fr","17":"tag-france","18":"tag-news","19":"tag-pompiers","20":"tag-republique-francaise","21":"tag-saint-etienne"},"share_on_mastodon":{"url":"https:\/\/pubeurope.com\/@fr\/114707088252880398","error":""},"_links":{"self":[{"href":"https:\/\/www.europesays.com\/fr\/wp-json\/wp\/v2\/posts\/187087","targetHints":{"allow":["GET"]}}],"collection":[{"href":"https:\/\/www.europesays.com\/fr\/wp-json\/wp\/v2\/posts"}],"about":[{"href":"https:\/\/www.europesays.com\/fr\/wp-json\/wp\/v2\/types\/post"}],"author":[{"embeddable":true,"href":"https:\/\/www.europesays.com\/fr\/wp-json\/wp\/v2\/users\/2"}],"replies":[{"embeddable":true,"href":"https:\/\/www.europesays.com\/fr\/wp-json\/wp\/v2\/comments?post=187087"}],"version-history":[{"count":0,"href":"https:\/\/www.europesays.com\/fr\/wp-json\/wp\/v2\/posts\/187087\/revisions"}],"wp:featuredmedia":[{"embeddable":true,"href":"https:\/\/www.europesays.com\/fr\/wp-json\/wp\/v2\/media\/187088"}],"wp:attachment":[{"href":"https:\/\/www.europesays.com\/fr\/wp-json\/wp\/v2\/media?parent=187087"}],"wp:term":[{"taxonomy":"category","embeddable":true,"href":"https:\/\/www.europesays.com\/fr\/wp-json\/wp\/v2\/categories?post=187087"},{"taxonomy":"post_tag","embeddable":true,"href":"https:\/\/www.europesays.com\/fr\/wp-json\/wp\/v2\/tags?post=187087"}],"curies":[{"name":"wp","href":"https:\/\/api.w.org\/{rel}","templated":true}]}}