{"id":187102,"date":"2025-06-19T00:13:09","date_gmt":"2025-06-19T00:13:09","guid":{"rendered":"https:\/\/www.europesays.com\/fr\/187102\/"},"modified":"2025-06-19T00:13:09","modified_gmt":"2025-06-19T00:13:09","slug":"previsions-du-jeudi-19-juin-2025-5","status":"publish","type":"post","link":"https:\/\/www.europesays.com\/fr\/187102\/","title":{"rendered":"pr\u00e9visions du jeudi 19 juin 2025"},"content":{"rendered":"<p>Aujourd&rsquo;hui, un grand soleil brillera sur Rennes. Les temp\u00e9ratures seront de 14\u00b0C au plus bas et de 33\u00b0C au plus haut. Un vent de nord-est rafra\u00eechira un peu l&rsquo;atmosph\u00e8re. Dans la matin\u00e9e, les temp\u00e9ratures avoisineront les 24\u00b0C. Les valeurs vont conna\u00eetre une augmentation de plusieurs degr\u00e9s dans l&rsquo;apr\u00e8s-midi. La ville va souffrir d&rsquo;importantes chaleurs avec des valeurs qui pourraient grimper jusqu&rsquo;\u00e0 33\u00b0C. La soir\u00e9e va se trouver vraiment chaude : pr\u00e8s de 31\u00b0C. Le ciel sera clair dans la nuit de jeudi \u00e0 vendredi.<\/p>\n<p>Demain, les Rennais vont pouvoir profiter d&rsquo;un soleil radieux. La m\u00e9t\u00e9o va se r\u00e9chauffer avec une hausse de quelques degr\u00e9s. La p\u00e9riode de grosses chaleurs est bien l\u00e0, avec des temp\u00e9ratures qui risqueront de monter \u00e0 35\u00b0C. Les valeurs afficheront entre 19 et 35\u00b0C. Un modeste vent de sud-est sera ressenti par les habitants. Les temp\u00e9ratures maximales annonc\u00e9es le matin sont \u00e9lev\u00e9es, avec 32\u00b0C. Demain apr\u00e8s-midi, c&rsquo;est une hausse de plusieurs degr\u00e9s que vont enregistrer les temp\u00e9ratures. Les fortes chaleurs sont pr\u00e9sentes. Avec des valeurs situ\u00e9es entre 33 et 35\u00b0C. Attention \u00e0 la vague de chaud dans la soir\u00e9e. Des temp\u00e9ratures de 26 \u00e0 32\u00b0C sont pr\u00e9vues.<\/p>\n<p>Les jours se suivent et se ressemblent. Il fera 26\u00b0C en moyenne pour des journ\u00e9es avec un temps ensoleill\u00e9.<\/p>\n<p>L&rsquo;\u00e9t\u00e9 arrive \u00e0 compter de demain, c&rsquo;est la journ\u00e9e la plus longue de l&rsquo;ann\u00e9e.<\/p>\n","protected":false},"excerpt":{"rendered":"Aujourd&rsquo;hui, un grand soleil brillera sur Rennes. Les temp\u00e9ratures seront de 14\u00b0C au plus bas et de 33\u00b0C&hellip;\n","protected":false},"author":2,"featured_media":187103,"comment_status":"","ping_status":"","sticky":false,"template":"","format":"standard","meta":{"footnotes":""},"categories":[2821],"tags":[1111,11,829,1777,674,1011,27,848,12,2119,584,25],"class_list":{"0":"post-187102","1":"post","2":"type-post","3":"status-publish","4":"format-standard","5":"has-post-thumbnail","7":"category-rennes","8":"tag-actu","9":"tag-actualites","10":"tag-bretagne","11":"tag-eu","12":"tag-europe","13":"tag-fr","14":"tag-france","15":"tag-ille-et-vilaine","16":"tag-news","17":"tag-previsions-meteo","18":"tag-rennes","19":"tag-republique-francaise"},"share_on_mastodon":{"url":"https:\/\/pubeurope.com\/@fr\/114707143274585449","error":""},"_links":{"self":[{"href":"https:\/\/www.europesays.com\/fr\/wp-json\/wp\/v2\/posts\/187102","targetHints":{"allow":["GET"]}}],"collection":[{"href":"https:\/\/www.europesays.com\/fr\/wp-json\/wp\/v2\/posts"}],"about":[{"href":"https:\/\/www.europesays.com\/fr\/wp-json\/wp\/v2\/types\/post"}],"author":[{"embeddable":true,"href":"https:\/\/www.europesays.com\/fr\/wp-json\/wp\/v2\/users\/2"}],"replies":[{"embeddable":true,"href":"https:\/\/www.europesays.com\/fr\/wp-json\/wp\/v2\/comments?post=187102"}],"version-history":[{"count":0,"href":"https:\/\/www.europesays.com\/fr\/wp-json\/wp\/v2\/posts\/187102\/revisions"}],"wp:featuredmedia":[{"embeddable":true,"href":"https:\/\/www.europesays.com\/fr\/wp-json\/wp\/v2\/media\/187103"}],"wp:attachment":[{"href":"https:\/\/www.europesays.com\/fr\/wp-json\/wp\/v2\/media?parent=187102"}],"wp:term":[{"taxonomy":"category","embeddable":true,"href":"https:\/\/www.europesays.com\/fr\/wp-json\/wp\/v2\/categories?post=187102"},{"taxonomy":"post_tag","embeddable":true,"href":"https:\/\/www.europesays.com\/fr\/wp-json\/wp\/v2\/tags?post=187102"}],"curies":[{"name":"wp","href":"https:\/\/api.w.org\/{rel}","templated":true}]}}