{"id":187106,"date":"2025-06-19T00:15:10","date_gmt":"2025-06-19T00:15:10","guid":{"rendered":"https:\/\/www.europesays.com\/fr\/187106\/"},"modified":"2025-06-19T00:15:10","modified_gmt":"2025-06-19T00:15:10","slug":"previsions-du-jeudi-19-juin-2025-6","status":"publish","type":"post","link":"https:\/\/www.europesays.com\/fr\/187106\/","title":{"rendered":"pr\u00e9visions du jeudi 19 juin 2025"},"content":{"rendered":"<p>Le soleil sera au rendez-vous \u00e0 Strasbourg : une belle journ\u00e9e se pr\u00e9sente ! Il fera en moyenne 22\u00b0C. Une petite brise de nord-est soufflera. Les valeurs tourneront autour des 23\u00b0C dans la matin\u00e9e. L&rsquo;apr\u00e8s-midi, c&rsquo;est une hausse de plusieurs degr\u00e9s que vont conna\u00eetre les temp\u00e9ratures. Ces valeurs s&rsquo;\u00e9chelonneront entre 27 et 28\u00b0C. Le soir, le thermom\u00e8tre affichera 23\u00b0C en moyenne. On passera de jeudi \u00e0 vendredi par une nuit claire.<\/p>\n<p>Demain, les Strasbourgeois vont pouvoir profiter d&rsquo;un soleil magnifique. Les valeurs seront comprises entre 15 et 28\u00b0C. Un l\u00e9ger vent de nord-est sera ressenti par les habitants. Il va faire 22\u00b0C en moyenne le matin. Les temp\u00e9ratures vont monter pendant l&rsquo;apr\u00e8s-midi de plusieurs degr\u00e9s. Les maximales pourront atteindre 28\u00b0C tandis que les minimales seront de 24\u00b0C. Dans la soir\u00e9e, les temp\u00e9ratures avoisineront les 21\u00b0C.<\/p>\n<p>Peu d&rsquo;\u00e9volutions pour la suite. Un ciel ensoleill\u00e9, avec des temp\u00e9ratures de 23\u00b0C environ, est pr\u00e9vu.<\/p>\n<p>Demain, nous c\u00e9l\u00e9brons le solstice d&rsquo;\u00e9t\u00e9, le jour le plus long de l&rsquo;ann\u00e9e. Profitez-en pour f\u00eater l&rsquo;arriv\u00e9e de l&rsquo;\u00e9t\u00e9 en musique puisque les jours vont commencer \u00e0 raccourcir !<\/p>\n","protected":false},"excerpt":{"rendered":"Le soleil sera au rendez-vous \u00e0 Strasbourg : une belle journ\u00e9e se pr\u00e9sente ! Il fera en moyenne&hellip;\n","protected":false},"author":2,"featured_media":187107,"comment_status":"","ping_status":"","sticky":false,"template":"","format":"standard","meta":{"footnotes":""},"categories":[2820],"tags":[1111,11,2389,2649,1777,674,1011,27,775,12,2119,25,640],"class_list":{"0":"post-187106","1":"post","2":"type-post","3":"status-publish","4":"format-standard","5":"has-post-thumbnail","7":"category-strasbourg","8":"tag-actu","9":"tag-actualites","10":"tag-alsace","11":"tag-bas-rhin","12":"tag-eu","13":"tag-europe","14":"tag-fr","15":"tag-france","16":"tag-grand-est","17":"tag-news","18":"tag-previsions-meteo","19":"tag-republique-francaise","20":"tag-strasbourg"},"share_on_mastodon":{"url":"https:\/\/pubeurope.com\/@fr\/114707151161385761","error":""},"_links":{"self":[{"href":"https:\/\/www.europesays.com\/fr\/wp-json\/wp\/v2\/posts\/187106","targetHints":{"allow":["GET"]}}],"collection":[{"href":"https:\/\/www.europesays.com\/fr\/wp-json\/wp\/v2\/posts"}],"about":[{"href":"https:\/\/www.europesays.com\/fr\/wp-json\/wp\/v2\/types\/post"}],"author":[{"embeddable":true,"href":"https:\/\/www.europesays.com\/fr\/wp-json\/wp\/v2\/users\/2"}],"replies":[{"embeddable":true,"href":"https:\/\/www.europesays.com\/fr\/wp-json\/wp\/v2\/comments?post=187106"}],"version-history":[{"count":0,"href":"https:\/\/www.europesays.com\/fr\/wp-json\/wp\/v2\/posts\/187106\/revisions"}],"wp:featuredmedia":[{"embeddable":true,"href":"https:\/\/www.europesays.com\/fr\/wp-json\/wp\/v2\/media\/187107"}],"wp:attachment":[{"href":"https:\/\/www.europesays.com\/fr\/wp-json\/wp\/v2\/media?parent=187106"}],"wp:term":[{"taxonomy":"category","embeddable":true,"href":"https:\/\/www.europesays.com\/fr\/wp-json\/wp\/v2\/categories?post=187106"},{"taxonomy":"post_tag","embeddable":true,"href":"https:\/\/www.europesays.com\/fr\/wp-json\/wp\/v2\/tags?post=187106"}],"curies":[{"name":"wp","href":"https:\/\/api.w.org\/{rel}","templated":true}]}}