{"id":187116,"date":"2025-06-19T00:22:19","date_gmt":"2025-06-19T00:22:19","guid":{"rendered":"https:\/\/www.europesays.com\/fr\/187116\/"},"modified":"2025-06-19T00:22:19","modified_gmt":"2025-06-19T00:22:19","slug":"ces-celebres-bateaux-peuvent-etre-visites","status":"publish","type":"post","link":"https:\/\/www.europesays.com\/fr\/187116\/","title":{"rendered":"ces c\u00e9l\u00e8bres bateaux peuvent \u00eatre visit\u00e9s"},"content":{"rendered":"<p>            Par<br \/>\n        <strong><br \/>\n            <a href=\"https:\/\/actu.fr\/auteur\/juliette-cardinale\" title=\"Consulter tous les articles de Juliette Cardinale\" target=\"_blank\" rel=\"noopener\">Juliette Cardinale<\/a><br \/>\n        <\/strong><\/p>\n<p>        Publi\u00e9 le<\/p>\n<p>            18 juin 2025 \u00e0 15h13        <\/p>\n<p>C\u2019\u00e9tait un beau spectacle pour les<strong> amateurs de voiliers,<\/strong> ce mercredi 18\u00a0juin 2025. Un peu avant midi, le pont Chaban-Delmas a lev\u00e9 son tablier pour laisser passer <a href=\"https:\/\/actu.fr\/nouvelle-aquitaine\/bordeaux_33063\/ces-grands-voiliers-debarquent-a-bordeaux-la-circulation-perturbee-sur-le-pont-chaban-delmas_62778041.html\" target=\"_blank\" rel=\"noopener\">trois grands voiliers<\/a> \u00e0 l\u2019occasion de Bordeaux f\u00eate le vin.<\/p>\n<p>Trois grands voiliers ont accost\u00e9 \u00e0 Bordeaux<\/p>\n<p class=\" wall-content\">Le premier \u00e0 avoir pass\u00e9 l\u2019ouvrage est El Gale\u00f3n, tirant un coup de canon pour annoncer son arriv\u00e9e. Cette reproduction d\u2019un <strong>galion espagnol du XVIIe\u00a0si\u00e8cle<\/strong> a \u00e9t\u00e9 construite en 2010 par l\u2019architecte Ignacio Fern\u00e1ndez Vial. Elle mesure 51\u00a0m\u00e8tres de long et compte sept voiles.<\/p>\n<p class=\" wall-content\">Ensuite, le Pascual Flores est entr\u00e9 dans le port de la Lune. Construite en 1917, cette go\u00e9lette de type pailebot \u00e0 coque en bois \u00e9tait consacr\u00e9e <strong>au commerce du sel<\/strong> avec la M\u00e9diterran\u00e9e et l\u2019Afrique. Longue de 35\u00a0m\u00e8tres, elle compte 10 voiles.<\/p>\n<p><a class=\"jo-module-caroussel__img-container\" href=\"https:\/\/static.actu.fr\/uploads\/2025\/06\/voilier-le-pascual-flores-bordeaux.jpg\" title=\"Agrandir la photo Le tablier du pont Chaban-Delmas a \u00e9t\u00e9 lev\u00e9 pour laisser entrer les trois voiliers dans le port de Bordeaux. (\u00a9 actu Bordeaux \/ Juliette Cardinale)\" data-idx=\"1\" target=\"_blank\" rel=\"noopener\"><br \/>\n    <img decoding=\"async\" class=\"jo-module-caroussel__img\" loading=\"lazy\" src=\"https:\/\/www.europesays.com\/fr\/wp-content\/uploads\/2025\/06\/voilier-le-pascual-flores-bordeaux-640x427.jpg\" alt=\"Le tablier du pont Chaban-Delmas a \u00e9t\u00e9 lev\u00e9 pour laisser entrer les trois voiliers dans le port de Bordeaux. (\u00a9 actu Bordeaux \/ Juliette Cardinale)\" width=\"640\" height=\"427\"\/><\/a><a class=\"jo-module-caroussel__img-container\" href=\"https:\/\/static.actu.fr\/uploads\/2025\/06\/voilier-le-pascual-flores-bordeaux-2.jpg\" title=\"Agrandir la photo Le voilier Pascual Flores est une go\u00e9lette de type pailebot \u00e0 coque en bois, construite en 1917. (\u00a9 actu Bordeaux \/ Juliette Cardinale)\" data-idx=\"2\" target=\"_blank\" rel=\"noopener\"><br \/>\n    <img decoding=\"async\" class=\"jo-module-caroussel__img\" loading=\"lazy\" src=\"https:\/\/www.europesays.com\/fr\/wp-content\/uploads\/2025\/06\/voilier-le-pascual-flores-bordeaux-2-640x427.jpg\" alt=\"Le voilier Pascual Flores est une go\u00e9lette de type pailebot \u00e0 coque en bois, construite en 1917. (\u00a9 actu Bordeaux \/ Juliette Cardinale)\" width=\"640\" height=\"427\"\/><\/a>Vid\u00e9os : en ce moment sur Actu<\/p>\n<p class=\" wall-content\">Enfin, Le Fran\u00e7ais a fait son entr\u00e9e. Ce trois-m\u00e2ts barque construit en 1948 a l\u2019allure d\u2019un v\u00e9ritable bateau pirate. Et d\u2019ailleurs, il a \u00e9t\u00e9 utilis\u00e9 dans plus <strong>d\u2019une dizaine de tournages<\/strong> comme Les Trois Mousquetaires (1993), Revolution (1985)\u2026 Long de 46 m\u00e8tres, il comporte 21 voiles.<\/p>\n<p class=\" wall-content\"><a href=\"https:\/\/www.instagram.com\/p\/DLCxEKLtPkc\/embed\" title=\"Ouvrir le lien sur Instagram\" target=\"_blank\" rel=\"noopener\">Visualiser le contenu sur Instagram<\/a><\/p>\n<p><a class=\"jo-module-caroussel__img-container\" href=\"https:\/\/static.actu.fr\/uploads\/2025\/06\/voilier-bordeaux-fete-le-vin-le-francais.jpg\" title=\"Agrandir la photo Le Fran\u00e7ais est un grand voilier de type trois-m\u00e2ts barque. Il est arriv\u00e9 pour Bordeaux f\u00eate le vin 2025.  (\u00a9 actu Bordeaux \/ Juliette Cardinale)\" data-idx=\"1\" target=\"_blank\" rel=\"noopener\"><br \/>\n    <img decoding=\"async\" class=\"jo-module-caroussel__img\" loading=\"lazy\" src=\"https:\/\/www.europesays.com\/fr\/wp-content\/uploads\/2025\/06\/voilier-bordeaux-fete-le-vin-le-francais-640x427.jpg\" alt=\"Le Fran\u00e7ais est un grand voilier de type trois-m\u00e2ts barque. Il est arriv\u00e9 pour Bordeaux f\u00eate le vin 2025.  (\u00a9 actu Bordeaux \/ Juliette Cardinale)\" width=\"640\" height=\"427\"\/><\/a><a class=\"jo-module-caroussel__img-container\" href=\"https:\/\/static.actu.fr\/uploads\/2025\/06\/le-francais-bordeaux-voilier.jpg\" title=\"Agrandir la photo Le Fran\u00e7ais, comme les deux autres voiliers, pourra \u00eatre visit\u00e9 \u00e0 l\u2019occasion de Bordeaux f\u00eate le vin. (\u00a9 actu Bordeaux \/ Juliette Cardinale)\" data-idx=\"2\" target=\"_blank\" rel=\"noopener\"><br \/>\n    <img decoding=\"async\" class=\"jo-module-caroussel__img\" loading=\"lazy\" src=\"https:\/\/www.europesays.com\/fr\/wp-content\/uploads\/2025\/06\/le-francais-bordeaux-voilier-640x427.jpg\" alt=\"Le Fran\u00e7ais, comme les deux autres voiliers, pourra \u00eatre visit\u00e9 \u00e0 l\u2019occasion de Bordeaux f\u00eate le vin. (\u00a9 actu Bordeaux \/ Juliette Cardinale)\" width=\"640\" height=\"427\"\/><\/a><\/p>\n<p class=\" wall-content\">Accost\u00e9s le long des quais, les trois navires peuvent \u00eatre <strong>visit\u00e9s gratuitement<\/strong> \u00e0 l\u2019occasion de Bordeaux f\u00eate le vin. Pensez \u00e0 r\u00e9server votre cr\u00e9neau <a href=\"https:\/\/www.bordeaux-fete-le-vin.com\/grands-voiliers\" target=\"_blank\" rel=\"noopener\">sur le site de l\u2019\u00e9v\u00e8nement.<\/a><\/p>\n<p class=\" wall-content\">Suivez toute l\u2019actualit\u00e9 de vos villes et m\u00e9dias favoris en vous inscrivant \u00e0 <a href=\"https:\/\/moncompte.actu.fr\" title=\"D\u00e9couvez Mon Actu\" rel=\"nofollow noopener\" data-trk=\"{&quot;cta&quot;:{&quot;action&quot;:&quot;https:\\\/\\\/moncompte.actu.fr&quot;,&quot;category&quot;:&quot;mon compte&quot;,&quot;from&quot;:&quot;article footer&quot;,&quot;name&quot;:&quot;Mon actu&quot;,&quot;type&quot;:&quot;cta&quot;}}\" target=\"_blank\">Mon Actu<\/a>.<\/p>\n<p>                    <script async src=\"\/\/www.instagram.com\/embed.js\"><\/script><\/p>\n","protected":false},"excerpt":{"rendered":"Par Juliette Cardinale Publi\u00e9 le 18 juin 2025 \u00e0 15h13 C\u2019\u00e9tait un beau spectacle pour les amateurs de&hellip;\n","protected":false},"author":2,"featured_media":187117,"comment_status":"","ping_status":"","sticky":false,"template":"","format":"standard","meta":{"footnotes":""},"categories":[2817],"tags":[1111,11,1997,1777,674,1011,27,12,2219,4399,25,104],"class_list":{"0":"post-187116","1":"post","2":"type-post","3":"status-publish","4":"format-standard","5":"has-post-thumbnail","7":"category-bordeaux","8":"tag-actu","9":"tag-actualites","10":"tag-bordeaux","11":"tag-eu","12":"tag-europe","13":"tag-fr","14":"tag-france","15":"tag-news","16":"tag-nouvelle-aquitaine","17":"tag-pont-chaban-delmas","18":"tag-republique-francaise","19":"tag-societe"},"share_on_mastodon":{"url":"https:\/\/pubeurope.com\/@fr\/114707179062145943","error":""},"_links":{"self":[{"href":"https:\/\/www.europesays.com\/fr\/wp-json\/wp\/v2\/posts\/187116","targetHints":{"allow":["GET"]}}],"collection":[{"href":"https:\/\/www.europesays.com\/fr\/wp-json\/wp\/v2\/posts"}],"about":[{"href":"https:\/\/www.europesays.com\/fr\/wp-json\/wp\/v2\/types\/post"}],"author":[{"embeddable":true,"href":"https:\/\/www.europesays.com\/fr\/wp-json\/wp\/v2\/users\/2"}],"replies":[{"embeddable":true,"href":"https:\/\/www.europesays.com\/fr\/wp-json\/wp\/v2\/comments?post=187116"}],"version-history":[{"count":0,"href":"https:\/\/www.europesays.com\/fr\/wp-json\/wp\/v2\/posts\/187116\/revisions"}],"wp:featuredmedia":[{"embeddable":true,"href":"https:\/\/www.europesays.com\/fr\/wp-json\/wp\/v2\/media\/187117"}],"wp:attachment":[{"href":"https:\/\/www.europesays.com\/fr\/wp-json\/wp\/v2\/media?parent=187116"}],"wp:term":[{"taxonomy":"category","embeddable":true,"href":"https:\/\/www.europesays.com\/fr\/wp-json\/wp\/v2\/categories?post=187116"},{"taxonomy":"post_tag","embeddable":true,"href":"https:\/\/www.europesays.com\/fr\/wp-json\/wp\/v2\/tags?post=187116"}],"curies":[{"name":"wp","href":"https:\/\/api.w.org\/{rel}","templated":true}]}}