{"id":187121,"date":"2025-06-19T00:25:13","date_gmt":"2025-06-19T00:25:13","guid":{"rendered":"https:\/\/www.europesays.com\/fr\/187121\/"},"modified":"2025-06-19T00:25:13","modified_gmt":"2025-06-19T00:25:13","slug":"salon-du-bourget-commandes-nouvelle-usine-bonnes-nouvelles-a-la-pelle-pour-ce-constructeur-de-toulouse","status":"publish","type":"post","link":"https:\/\/www.europesays.com\/fr\/187121\/","title":{"rendered":"Salon du Bourget. Commandes, nouvelle usine\u2026 Bonnes nouvelles \u00e0 la pelle pour ce constructeur de Toulouse"},"content":{"rendered":"<p>            Par<br \/>\n        <strong><br \/>\n            <a href=\"https:\/\/actu.fr\/auteur\/guillaume-laurens\" title=\"Consulter tous les articles de Guillaume Laurens\" target=\"_blank\" rel=\"noopener\">Guillaume Laurens<\/a><br \/>\n        <\/strong><\/p>\n<p>        Publi\u00e9 le<\/p>\n<p>            18 juin 2025 \u00e0 18h50        <\/p>\n<p>Il n\u2019y a pas qu\u2019<a href=\"https:\/\/actu.fr\/tag\/airbus\" target=\"_blank\" rel=\"noopener\"><strong>Airbus<\/strong> <\/a>qui donne le tournis \u00e0 la plan\u00e8te a\u00e9ronautique au <strong>Salon du Bourget<\/strong>. Parmi la longue liste d\u2019entreprises de <a href=\"https:\/\/actu.fr\/toulouse\/\" target=\"_blank\" rel=\"noopener\"><strong>Toulouse<\/strong> <\/a>qui se distinguent depuis lundi 16 juin 2025, le constructeur <strong>Aura Aero<\/strong>, pionnier du march\u00e9 de <strong>l\u2019aviation d\u00e9carbon\u00e9e<\/strong>, fait bonne figure. Commandes fermes, nouveau drone et rallonge pour la construction d\u2019une usine\u2026 Les annonces s\u2019encha\u00eenent.<\/p>\n<p>Cinq nouveaux clients pour Aura Aero et son avion Era<\/p>\n<p class=\" wall-content\">\u00c0 l\u2019occasion du <strong>55e salon<\/strong> international de l\u2019a\u00e9ronautique et de l\u2019espace de Paris, Aura Aero r\u00e9v\u00e8le en effet avoir pass\u00e9 la barre des <strong>650 pr\u00e9-commandes<\/strong> pour <strong>Era<\/strong>, son avion r\u00e9gional <strong>hybride-\u00e9lectrique<\/strong> de<strong> 19 places<\/strong>, dont l\u2019entr\u00e9e en service est pr\u00e9vue \u00ab\u00a0avant 2030\u00a0\u00bb.<\/p>\n<p class=\" wall-content\"><strong>Cinq nouveaux clients<\/strong> viennent en effet de signer des lettres d\u2019intention de commande avec cet autre constructeur de la Ville rose, afin de faire entrer Era dans leur flotte \u00ab\u00a0d\u2019ici au d\u00e9but de la prochaine d\u00e9cennie\u00a0\u00bb. Il s\u2019agit de :<\/p>\n<ul class=\" wall-content\">\n<li><strong>Marathon Airlines<\/strong>, compagnie ACMI grecque (20 fermes et 20 options),<\/li>\n<li><strong>Solyu<\/strong>, loueur d\u2019avions bas-carbone sud-cor\u00e9en (20 fermes et 20 options),<\/li>\n<li><strong>JumpAir Airlines<\/strong>, compagnie lituanienne de location et charter (10 fermes et 10 options)<\/li>\n<li><strong>SafariLink<\/strong>, compagnie r\u00e9gionale k\u00e9nyane (4 fermes et 2 options)<\/li>\n<li>Un client europ\u00e9en confidentiel (3 fermes et 3 options)<\/li>\n<\/ul>\n<p>    <img   decoding=\"async\" loading=\"lazy\" src=\"https:\/\/www.europesays.com\/fr\/wp-content\/uploads\/2025\/06\/era-marathonairlines-c-auraaero-960x640.png\" alt=\"Marathon Airlines a command\u00e9 20 avions, et 20 autres en option\" width=\"960\" height=\"640\"\/><br \/>\n    Marathon Airlines a command\u00e9 20 avions, et 20 autres en option (\u00a9Aura Aero)Vid\u00e9os : en ce moment sur ActuUn total de commandes \u00e0 10,5 milliards de dollars\u00a0<\/p>\n<p class=\" wall-content\">\u00ab\u00a0\u00c0 peine quatre ans apr\u00e8s le lancement du programme, pouvoir annoncer aujourd\u2019hui plus de 650 pr\u00e9-commandes pour cet avion est une<strong> \u00e9tape majeure<\/strong> pour nous\u00a0\u00bb, confie <strong>J\u00e9r\u00e9my Caussade<\/strong>, pr\u00e9sident et co-fondateur d\u2019Aura Aero, avant de pr\u00e9ciser que le total des commandes est d\u00e9sormais valoris\u00e9 \u00e0 plus de <strong>10,5 milliards de dollars.<\/strong><\/p>\n<blockquote class=\"ac-article-quote wall-content\">\n<p>La confiance que nous t\u00e9moignent nos clients d\u00e9montre l\u2019existence d\u2019un r\u00e9el march\u00e9 pour ce type d\u2019appareil, et le soutien des institutions, tant fran\u00e7aises qu\u2019europ\u00e9ennes, ne fait que renforcer ce sentiment.<\/p>\n<p>    <strong>J\u00e9r\u00e9my Caussade<\/strong><br \/>\n        Pr\u00e9sident et co-fondateur d&rsquo;Aura Aero    <\/p><\/blockquote>\n<p>Premier envol envisag\u00e9 d\u2019Era \u00ab\u00a0d\u2019ici 2027\u00a0\u00bb<\/p>\n<p class=\" wall-content\">J\u00e9r\u00e9my Caussade rappelle avoir \u00ab\u00a0lanc\u00e9, d\u00e9but 2025, <strong>la production des pi\u00e8ces<\/strong> pour le <strong>premier prototype\u00a0\u00bb<\/strong> d\u2019Era, \u00ab\u00a0qui devrait prendre son envol <strong>d\u2019ici 2027<\/strong>, et entrer en service d\u2019ici la fin de la d\u00e9cennie\u00a0\u00bb.<\/p>\n<p class=\" wall-content\">Pour rappel, Era est un nouvel <strong>avion \u00e9co-responsable, hybride-\u00e9lectrique<\/strong>, \u00ab\u00a0\u00e0 la pointe de la technologie\u00a0\u00bb, con\u00e7u pour<strong> \u00ab\u00a0redynamiser l\u2019aviation r\u00e9gionale<\/strong> tout en acc\u00e9l\u00e9rant la <strong>d\u00e9carbonation<\/strong> de l\u2019aviation\u00a0\u00bb.<\/p>\n<p>Un avion de 19 passagers, avec un rayon d\u2019action de 1 500 km<\/p>\n<p class=\" wall-content\">Dot\u00e9 de<strong> huit moteurs \u00e9lectriques<\/strong> (ENGINeUS, d\u00e9velopp\u00e9 par Safran et premier moteur d\u2019avion \u00e9lectrique certifi\u00e9 au monde) et <strong>deux turbo-g\u00e9n\u00e9rateurs<\/strong> compatibles avec les carburants SAF, Era alternera les phases hybrides et \u00e9lectriques en fonction des besoins en vol, avec un<strong> rayon d\u2019action de 1 500 km.<\/strong><\/p>\n<p class=\" wall-content\">\u00ab\u00a0Capable de transporter <strong>19 passagers<\/strong> ou jusqu\u2019\u00e0 1,9 tonne de fret, l\u2019avion peut \u00e9galement \u00eatre configur\u00e9 en version affaires ou missions sp\u00e9ciales\u00a0\u00bb, fait valoir le constructeur.<\/p>\n<blockquote class=\"ac-article-quote wall-content\">\n<p>Era peut op\u00e9rer depuis de grands a\u00e9roports comme des pistes courtes et non pr\u00e9par\u00e9es.<\/p>\n<p>    <strong>Aura Aero<\/strong>\n            <\/p><\/blockquote>\n<p>80 % d\u2019\u00e9missions de CO2 en moins<\/p>\n<p class=\" wall-content\">Surtout, Era est un a\u00e9ronef qui pourra \u00ab\u00a0relever les d\u00e9fis environnementaux du 21e si\u00e8cle\u00a0\u00bb, puisqu\u2019il <strong>\u00ab\u00a0r\u00e9duit les \u00e9missions de CO2 jusqu\u2019\u00e0 80 %<\/strong> par rapport aux <strong>avions thermiques\u00a0\u00bb<\/strong> de sa cat\u00e9gorie. De quoi, veut croire Aura Aero, \u00eatre en mesure de \u00ab\u00a0redynamiser l\u2019aviation r\u00e9gionale, qu\u2019il s\u2019agisse de d\u00e9senclaver des \u00eeles et des archipels ou de proposer des <strong>vols directs<\/strong> entre des <strong>destinations r\u00e9gionales\u00a0\u00bb.<\/strong><\/p>\n<p class=\" wall-content\">Pour assurer la <strong>production en s\u00e9rie<\/strong> de ses a\u00e9ronefs, Aura Aero avait <a href=\"https:\/\/actu.fr\/occitanie\/toulouse_31555\/toulouse-une-nouvelle-usine-et-1500-emplois-pour-que-l-avion-electrique-decolle_59624534.html\" target=\"_blank\" rel=\"noopener\">annonc\u00e9 la construction d\u2019une premi\u00e8re usine de 40 000 m\u00b2 <\/a>sur le site de<strong> Toulouse-Francazal<\/strong>, et d\u2019une seconde de 50 000 m\u00b2 \u00e0 <strong>Daytona Beach,<\/strong> en <strong>Floride<\/strong>. Un dernier projet qui avancera plus vite que pr\u00e9vu.<\/p>\n<p>Aura Aero acc\u00e9l\u00e8re aussi son \u00ab\u00a0expansion aux \u00c9tats-Unis\u00a0\u00bb<\/p>\n<p class=\" wall-content\">Car ce mercredi 18 juin 2025, le constructeur a aussi d\u00e9voil\u00e9 qu\u2019il \u00ab\u00a0acc\u00e9l\u00e9rait son expansion aux \u00c9tats-Unis\u00a0\u00bb, en raison d\u2019un \u00ab\u00a0soutien suppl\u00e9mentaire de <strong>200 millions de dollars<\/strong> de l\u2019\u00c9tat de Floride\u00a0\u00bb, o\u00f9 sa <strong>nouvelle usine Era<\/strong> est en cours de construction, apr\u00e8s avoir annonc\u00e9\u2026 \u00ab\u00a0la livraison de son <strong>premier site am\u00e9ricain ce mois-ci<\/strong> \u00e0 Daytona Beach\u00a0\u00bb.<\/p>\n<blockquote class=\"ac-article-quote wall-content\">\n<p>Ce premier hangar de 1 000 m\u00b2, situ\u00e9 au c\u0153ur du parc de recherche d\u2019Embry-Riddle, abritera bient\u00f4t les activit\u00e9s d\u2019assemblage, livraison et support client, pour l\u2019Am\u00e9rique du Nord, d&rsquo;Integral, l\u2019avion biplace de formation \u00e0 capacit\u00e9 voltige d&rsquo;Aura Aero.<\/p>\n<p>    <strong>Aura Aero<\/strong>\n            <\/p><\/blockquote>\n<p class=\" wall-content\">Mais ce n\u2019est qu\u2019<strong>un avant-go\u00fbt de l\u2019aventure<\/strong> d\u2019Aura Aero en Am\u00e9rique, o\u00f9 l\u2019entreprise a lanc\u00e9 la construction d\u2019une \u00e9norme usine d\u00e9di\u00e9e \u00e0 l\u2019avion Era.\u00a0<\/p>\n<p>    <img   decoding=\"async\" loading=\"lazy\" src=\"https:\/\/www.europesays.com\/fr\/wp-content\/uploads\/2025\/06\/aura-aero-future-usine-floride-c-aura-aero-960x640.png\" alt=\"Aura Aero va construire une usine de 50 000 m2 en Floride\" width=\"960\" height=\"640\"\/><br \/>\n    Aura Aero va construire une usine de 50 000 m2 en Floride (\u00a9Aura Aero)La \u00ab\u00a0bienvenue\u00a0\u00bb du gouverneur de Floride au constructeur toulousain<\/p>\n<p class=\" wall-content\">Ce projet am\u00e9ricain \u00ab\u00a0a re\u00e7u le soutien essentiel de SpaceFlorida, l\u2019agence de d\u00e9veloppement \u00e9conomique a\u00e9rospatial de l\u2019Etat de Floride, dont le conseil d\u2019administration a approuv\u00e9 le d\u00e9blocage d\u2019un <strong>financement de 200 millions de dollars<\/strong> suppl\u00e9mentaires\u00a0\u00bb, a pr\u00e9cis\u00e9 Aura Aero.<\/p>\n<p class=\" wall-content\">En d\u00e9placement au Salon du Bourget ce mercredi, <strong>Ron DeSantis<\/strong>, le gouverneur de Floride, a d\u2019ailleurs souhait\u00e9 \u00ab\u00a0la bienvenue\u00a0\u00bb \u00e0 la p\u00e9pite toulousaine,<strong> \u00ab\u00a0derni\u00e8re entreprise fran\u00e7aise<\/strong> en date \u00e0 choisir la Floride pour d\u00e9velopper ses activit\u00e9s\u00a0\u00bb.<\/p>\n<blockquote class=\"ac-article-quote wall-content\">\n<p>Avec un investissement de 200 millions de dollars, cette expansion permettra de cr\u00e9er plus de 1 000 emplois hautement r\u00e9mun\u00e9r\u00e9s pour les Floridiens et de renforcer le leadership de la Floride dans les domaines de l&rsquo;innovation a\u00e9rospatiale et de la fabrication de pointe.<\/p>\n<p>    <strong>Ron DeSantis<\/strong><br \/>\n        Gouverneur de Floride    <\/p><\/blockquote>\n<p class=\" wall-content\">Cette installation devrait \u00eatre <strong>op\u00e9rationnelle fin 2028<\/strong>, probablement <strong>quelques mois avant<\/strong> celle de Francazal, dont le permis de construire a \u00e9t\u00e9 d\u00e9pos\u00e9 fin 2024.<\/p>\n<p>    <img   decoding=\"async\" loading=\"lazy\" src=\"https:\/\/www.europesays.com\/fr\/wp-content\/uploads\/2025\/06\/governor-of-florida-visits-aura-aero-stand-at-parisairshow2025-c-aura-aero-960x640.jpeg\" alt=\"Ron DeSantis, gouverneur de Floride, sur le stand d'Aura Aero au Salon du Bourget \u00e0 Paris avec Antoine Blin, chef de cabinet du constructeur toulousain\" width=\"960\" height=\"640\"\/><br \/>\n    Ron DeSantis, gouverneur de Floride, sur le stand d\u2019Aura Aero au Salon du Bourget \u00e0 Paris avec Antoine Blin, chef de cabinet du constructeur toulousain (\u00a9Aura Aero)Et aussi\u2026 Un drone unique au monde<\/p>\n<p class=\" wall-content\">Enfin, comme vous l\u2019a annonc\u00e9 Actu Toulouse, Aura Aero a aussi d\u00e9voil\u00e9 \u00e0 l\u2019occasion du Salon du Bourget <strong>une maquette taille r\u00e9elle d\u2019Enbata<\/strong>, un <strong>drone MALE<\/strong> europ\u00e9en (Moyenne Altitude Longue Endurance), qui est \u00ab unique au monde \u00bb et dont l\u2019objectif de vol est pr\u00e9vu pour fin 2026. Que de projets !<\/p>\n<p class=\" wall-content\">Suivez toute l\u2019actualit\u00e9 de vos villes et m\u00e9dias favoris en vous inscrivant \u00e0 <a href=\"https:\/\/moncompte.actu.fr\" title=\"D\u00e9couvez Mon Actu\" rel=\"nofollow noopener\" data-trk=\"{&quot;cta&quot;:{&quot;action&quot;:&quot;https:\\\/\\\/moncompte.actu.fr&quot;,&quot;category&quot;:&quot;mon compte&quot;,&quot;from&quot;:&quot;article footer&quot;,&quot;name&quot;:&quot;Mon actu&quot;,&quot;type&quot;:&quot;cta&quot;}}\" target=\"_blank\">Mon Actu<\/a>.<\/p>\n","protected":false},"excerpt":{"rendered":"Par Guillaume Laurens Publi\u00e9 le 18 juin 2025 \u00e0 18h50 Il n\u2019y a pas qu\u2019Airbus qui donne le&hellip;\n","protected":false},"author":2,"featured_media":187122,"comment_status":"","ping_status":"","sticky":false,"template":"","format":"standard","meta":{"footnotes":""},"categories":[2816],"tags":[1111,11,296,33,1777,674,1011,27,12,2680,25,2312],"class_list":{"0":"post-187121","1":"post","2":"type-post","3":"status-publish","4":"format-standard","5":"has-post-thumbnail","7":"category-toulouse","8":"tag-actu","9":"tag-actualites","10":"tag-aeronautique","11":"tag-economie","12":"tag-eu","13":"tag-europe","14":"tag-fr","15":"tag-france","16":"tag-news","17":"tag-occitanie","18":"tag-republique-francaise","19":"tag-toulouse"},"share_on_mastodon":{"url":"https:\/\/pubeurope.com\/@fr\/114707190564920117","error":""},"_links":{"self":[{"href":"https:\/\/www.europesays.com\/fr\/wp-json\/wp\/v2\/posts\/187121","targetHints":{"allow":["GET"]}}],"collection":[{"href":"https:\/\/www.europesays.com\/fr\/wp-json\/wp\/v2\/posts"}],"about":[{"href":"https:\/\/www.europesays.com\/fr\/wp-json\/wp\/v2\/types\/post"}],"author":[{"embeddable":true,"href":"https:\/\/www.europesays.com\/fr\/wp-json\/wp\/v2\/users\/2"}],"replies":[{"embeddable":true,"href":"https:\/\/www.europesays.com\/fr\/wp-json\/wp\/v2\/comments?post=187121"}],"version-history":[{"count":0,"href":"https:\/\/www.europesays.com\/fr\/wp-json\/wp\/v2\/posts\/187121\/revisions"}],"wp:featuredmedia":[{"embeddable":true,"href":"https:\/\/www.europesays.com\/fr\/wp-json\/wp\/v2\/media\/187122"}],"wp:attachment":[{"href":"https:\/\/www.europesays.com\/fr\/wp-json\/wp\/v2\/media?parent=187121"}],"wp:term":[{"taxonomy":"category","embeddable":true,"href":"https:\/\/www.europesays.com\/fr\/wp-json\/wp\/v2\/categories?post=187121"},{"taxonomy":"post_tag","embeddable":true,"href":"https:\/\/www.europesays.com\/fr\/wp-json\/wp\/v2\/tags?post=187121"}],"curies":[{"name":"wp","href":"https:\/\/api.w.org\/{rel}","templated":true}]}}