{"id":187131,"date":"2025-06-19T00:30:18","date_gmt":"2025-06-19T00:30:18","guid":{"rendered":"https:\/\/www.europesays.com\/fr\/187131\/"},"modified":"2025-06-19T00:30:18","modified_gmt":"2025-06-19T00:30:18","slug":"lyon-les-createurs-de-loeuvre-geante-de-bellecour-sexpliquent-et-repondent-aux-critiques","status":"publish","type":"post","link":"https:\/\/www.europesays.com\/fr\/187131\/","title":{"rendered":"Lyon. Les cr\u00e9ateurs de l&rsquo;oeuvre g\u00e9ante de Bellecour s&rsquo;expliquent et r\u00e9pondent aux critiques"},"content":{"rendered":"<p>            Par<br \/>\n        <strong><br \/>\n            <a href=\"https:\/\/actu.fr\/auteur\/nicolas-zaugra\" title=\"Consulter tous les articles de Nicolas Zaugra\" target=\"_blank\" rel=\"noopener\">Nicolas Zaugra<\/a><br \/>\n        <\/strong><\/p>\n<p>        Publi\u00e9 le<\/p>\n<p>            18 juin 2025 \u00e0 17h53        <\/p>\n<p>C\u2019est l\u2019un des sujets les plus discut\u00e9s par les Lyonnais ces derniers mois : l\u2019installation de <a href=\"https:\/\/actu.fr\/auvergne-rhone-alpes\/lyon_69123\/lyon-un-saccage-trop-cool-l-oeuvre-de-bellecour-regorge-de-monde-mais-divise-toujours_62706366.html\" target=\"_blank\" rel=\"noopener\">l\u2019\u0153uvre \u00e9ph\u00e9m\u00e8re \u00ab\u00a0Tissages urbains\u00a0\u00bb<\/a> sur la place <a href=\"https:\/\/actu.fr\/auvergne-rhone-alpes\/lyon_69123\/lyon-un-grand-evenement-pose-ses-tentes-place-bellecour-30-000-visiteurs-sont-attendus_62723785.html\" target=\"_blank\" rel=\"noopener\">Bellecour<\/a> de <a href=\"https:\/\/actu.fr\/auvergne-rhone-alpes\/lyon_69123\" target=\"_blank\" rel=\"noopener\">Lyon<\/a>. La <strong>promesse de v\u00e9g\u00e9talisation<\/strong> de la place dans le cadre d\u2019un vote du budget participatif s\u2019est transform\u00e9e en <strong>\u0153uvre g\u00e9ante faisant de l\u2019ombre<\/strong> sur l\u2019immense place historique du 2e arrondissement. Encore en cours d\u2019installation jusqu\u2019\u00e0 d\u00e9but juillet 2025, les structures de bois et de toiles g\u00e9antes font grandement r\u00e9agir. Des critiques n\u00e9gatives fusent aussi et deviennent politiques de la part de l\u2019opposition municipale.\u00a0<br \/>L\u2019artiste et l\u2019architecte \u00e0 l\u2019origine de l\u2019installation expliquent \u00e0 actu Lyon leur d\u00e9marche et r\u00e9pondent aux critiques et remarques.\u00a0<\/p>\n<p>\u00ab\u00a0C\u2019est logique que \u00e7a fasse r\u00e9agir\u00a0\u00bb, selon l\u2019architecte<\/p>\n<p class=\" wall-content\">Pour l\u2019architecte Tristan Israel, qui signe l\u00e0 son plus grand projet sur un espace public dans la ville, \u00ab\u00a0c\u2019est logique que \u00e7a fasse r\u00e9agir\u00a0\u00bb. M\u00eame s\u2019il se dit \u00ab\u00a0pas indiff\u00e9rent\u00a0\u00bb aux remarques les plus dures, il estime que c\u2019est une bonne chose que l\u2019\u0153uvre Tissages urbains soit aussi critiqu\u00e9e.<\/p>\n<p class=\" wall-content\">\u00ab\u00a0Le terme critique, je le prends tr\u00e8s bien car elles peuvent \u00eatre positives et n\u00e9gatives, on a \u00e9norm\u00e9ment \u00e9chang\u00e9 avec la pr\u00e9fecture, la mairie, la police, je trouve \u00e7a sain, \u00e7a veut dire qu\u2019il y a encore un d\u00e9bat d\u00e9mocratique\u00a0\u00bb, estime-t-il.\u00a0<\/p>\n<p>    <img   decoding=\"async\" loading=\"lazy\" src=\"https:\/\/www.europesays.com\/fr\/wp-content\/uploads\/2025\/06\/tissage-urbains-lyon-2-960x640.jpeg\" alt=\"Des passants en-dessous d'une partie de l'\u0153uvre Tissages urbains place Bellecour.\" width=\"960\" height=\"640\"\/><br \/>\n    Des passants en dessous d\u2019une partie de l\u2019\u0153uvre Tissages urbains place Bellecour. (\u00a9Nicolas Zaugra\/ actu Lyon)\u00ab\u00a0On savait dans quoi on mettait les pieds\u00a0\u00bb<\/p>\n<p class=\" wall-content\">L\u2019artiste qui a imagin\u00e9 cet encha\u00eenement de toiles de couleurs pos\u00e9es sur des tr\u00e9pieds en bois g\u00e9ants abonde. \u00ab\u00a0On sait que r\u00e9fl\u00e9chir \u00e0 un geste sur la place Bellecour ce n\u2019est pas anodin, j\u2019ai grandi \u00e0 Lyon et je sais que cette place appartient \u00e0 chacun.\u00a0\u00bb<\/p>\n<p class=\" wall-content\">Il poursuit : \u00ab\u00a0On savait dans quoi on mettait les pieds. Quand on fait de l\u2019art dans l\u2019espace public, on questionne des choses et chacun peut donner son ressenti. On ne pouvait pas cr\u00e9er une \u0153uvre similaire \u00e0 une autre ville que Lyon. On a cr\u00e9\u00e9 quelque chose d\u2019unique et singulier.\u00a0\u00bb<\/p>\n<blockquote class=\"ac-article-quote wall-content\">\n<p>Tout le monde peut donner son avis, nous avons toujours cherch\u00e9 \u00e0 respecter les \u00e9quilibres en essayant de nous fondre dans l\u2019endroit o\u00f9 nous trouvons avec le choix des couleurs, sur le peu de mat\u00e9riaux utilis\u00e9s. Il faut un \u00e9quilibre en cr\u00e9ant le d\u00e9bat et la curiosit\u00e9, en accompagnant les gens. <\/p>\n<p>    <strong>Romain Froquet, artiste<\/strong>\n            <\/p><\/blockquote>\n<p>\u00ab\u00a0Il n\u2019y a pas eu de tags, de d\u00e9gradations, les gens utilisent l\u2019\u0153uvre\u00a0\u00bb<\/p>\n<p class=\" wall-content\">L\u2019architecte est d\u00e9sormais formel : l\u2019utilisation de l\u2019\u0153uvre par les Lyonnais est une \u00ab\u00a0r\u00e9ussite\u00a0\u00bb. \u00ab\u00a0On ne peut pas r\u00e9pondre sur le c\u00f4t\u00e9 subjectif. Certains peuvent ne pas aimer. Il y a une r\u00e9ponse fonctionnelle, on estime qu\u2019elle est r\u00e9ussie avec des gens qui discutent, qui mangent sur place.\u00a0\u00bb<\/p>\n<p class=\" wall-content\">\u00ab\u00a0La place est vivante. On l\u2019a livr\u00e9 en p\u00e9riode de manifestations (1er mai, motards\u2026), il n\u2019y a pas eu le moindre tag, la moindre d\u00e9gradation, on ne se retourne pas contre l\u2019\u0153uvre. Les usages, \u00e7a fonctionne.\u00a0\u00bb<\/p>\n<p>Un geste artistique expliqu\u00e9 par l\u2019artiste<\/p>\n<p class=\" wall-content\">Romain Froquet explique d\u2019o\u00f9 est venue l\u2019id\u00e9e : pour lui, Tissages urbains est \u00e0 regarder depuis le ciel comme une toile de peinture. Les toiles bleues, vertes, orange ou jaunes repr\u00e9sentent des coups de pinceau. \u00ab\u00a0J\u2019ai imagin\u00e9 la place Bellecour en toile de peinture g\u00e9ante\u00a0\u00bb, dit-il.\u00a0<\/p>\n<p class=\" wall-content\">Les toiles sont aussi un hommage \u00e0 la soierie lyonnaise.\u00a0<\/p>\n<p>    <img   decoding=\"async\" loading=\"lazy\" src=\"https:\/\/www.europesays.com\/fr\/wp-content\/uploads\/2025\/06\/bellecour-tissages-urbains-lyon-960x640.jpeg\" alt=\"L'installation de l'\u0153uvre est toujours en cours jusqu'\u00e0 d\u00e9but juillet.\" width=\"960\" height=\"640\"\/><br \/>\n    L\u2019installation de l\u2019\u0153uvre est toujours en cours jusqu\u2019\u00e0 d\u00e9but juillet. (\u00a9Nicolas Zaugra\/ actu Lyon)Des brumisateurs, de l\u2019\u00e9clairage et des stands de nourriture<\/p>\n<p class=\" wall-content\">Des brumisateurs seront aussi install\u00e9s sur les structures de l\u2019\u0153uvre avec les toiles bleues qui pourront \u00eatre activ\u00e9s l\u2019\u00e9t\u00e9 en appuyant sur un bouton.<\/p>\n<p class=\" wall-content\">L\u2019\u00e9clairage sera aussi sp\u00e9cifique et l\u2019\u0153uvre sera int\u00e9gr\u00e9e sp\u00e9cialement \u00e0 la F\u00eate des lumi\u00e8res 2025 avec une mise en lumi\u00e8re \u00e9v\u00e9nement en cours d\u2019imagination. La Ville a aussi pr\u00e9vu d\u2019installer des <a href=\"https:\/\/actu.fr\/auvergne-rhone-alpes\/lyon_69123\/lyon-bientot-des-stands-de-boissons-et-de-nourriture-place-bellecour-pres-de-l-oeuvre-ephemere_62741381.html\" target=\"_blank\" rel=\"noopener\">kiosques de boissons et de nourriture sous l\u2019\u0153uvre<\/a> les week-ends cet \u00e9t\u00e9.\u00a0<\/p>\n<p class=\" wall-content\">\u00ab\u00a0Cette \u0153uvre doit vivre avec la place, le 14 juillet, la grande roue l\u2019hiver. On a propos\u00e9 aux associations de quartier de s\u2019en emparer. On peut imaginer des manifestations, des repas, de la danse en dessous des toiles\u00a0\u00bb, s\u2019enflamme l\u2019architecte.\u00a0<\/p>\n<p class=\" wall-content\">Les Lyonnais vont-ils adopter cette \u0153uvre qui doit rester cinq ans ? \u00ab\u00a0Elle appartiendra aux Lyonnais une fois termin\u00e9e. Et sera mobile et pourra \u00eatre utilis\u00e9e par morceaux ailleurs dans la m\u00e9tropole\u00a0\u00bb, termine l\u2019artiste.<\/p>\n<p class=\" wall-content\">Suivez toute l\u2019actualit\u00e9 de vos villes et m\u00e9dias favoris en vous inscrivant \u00e0 <a href=\"https:\/\/moncompte.actu.fr\" title=\"D\u00e9couvez Mon Actu\" rel=\"nofollow noopener\" data-trk=\"{&quot;cta&quot;:{&quot;action&quot;:&quot;https:\\\/\\\/moncompte.actu.fr&quot;,&quot;category&quot;:&quot;mon compte&quot;,&quot;from&quot;:&quot;article footer&quot;,&quot;name&quot;:&quot;Mon actu&quot;,&quot;type&quot;:&quot;cta&quot;}}\" target=\"_blank\">Mon Actu<\/a>.<\/p>\n<ul class=\"ac-article-tag wall-content\">\n<li><a href=\"https:\/\/actu.fr\/tag\/bellecour\" data-trk=\"{&quot;cta&quot;:{&quot;action&quot;:&quot;Bellecour&quot;,&quot;category&quot;:&quot;tag&quot;,&quot;from&quot;:&quot;article footer&quot;,&quot;name&quot;:&quot;Bellecour&quot;,&quot;type&quot;:&quot;cta&quot;}}\" target=\"_blank\" rel=\"noopener\">#Bellecour<\/a><\/li>\n<li><a href=\"https:\/\/actu.fr\/tag\/gregory-doucet\" data-trk=\"{&quot;cta&quot;:{&quot;action&quot;:&quot;Gr\\u00e9gory Doucet&quot;,&quot;category&quot;:&quot;tag&quot;,&quot;from&quot;:&quot;article footer&quot;,&quot;name&quot;:&quot;Gr\\u00e9gory Doucet&quot;,&quot;type&quot;:&quot;cta&quot;}}\" target=\"_blank\" rel=\"noopener\">#Gr\u00e9gory Doucet<\/a><\/li>\n<\/ul>\n","protected":false},"excerpt":{"rendered":"Par Nicolas Zaugra Publi\u00e9 le 18 juin 2025 \u00e0 17h53 C\u2019est l\u2019un des sujets les plus discut\u00e9s par&hellip;\n","protected":false},"author":2,"featured_media":187132,"comment_status":"","ping_status":"","sticky":false,"template":"","format":"standard","meta":{"footnotes":""},"categories":[1889],"tags":[1111,11,2430,5272,1777,674,1011,27,5226,2428,12,25,104],"class_list":{"0":"post-187131","1":"post","2":"type-post","3":"status-publish","4":"format-standard","5":"has-post-thumbnail","7":"category-lyon","8":"tag-actu","9":"tag-actualites","10":"tag-auvergne-rhone-alpes","11":"tag-bellecour","12":"tag-eu","13":"tag-europe","14":"tag-fr","15":"tag-france","16":"tag-gregory-doucet","17":"tag-lyon","18":"tag-news","19":"tag-republique-francaise","20":"tag-societe"},"share_on_mastodon":{"url":"https:\/\/pubeurope.com\/@fr\/114707210271402271","error":""},"_links":{"self":[{"href":"https:\/\/www.europesays.com\/fr\/wp-json\/wp\/v2\/posts\/187131","targetHints":{"allow":["GET"]}}],"collection":[{"href":"https:\/\/www.europesays.com\/fr\/wp-json\/wp\/v2\/posts"}],"about":[{"href":"https:\/\/www.europesays.com\/fr\/wp-json\/wp\/v2\/types\/post"}],"author":[{"embeddable":true,"href":"https:\/\/www.europesays.com\/fr\/wp-json\/wp\/v2\/users\/2"}],"replies":[{"embeddable":true,"href":"https:\/\/www.europesays.com\/fr\/wp-json\/wp\/v2\/comments?post=187131"}],"version-history":[{"count":0,"href":"https:\/\/www.europesays.com\/fr\/wp-json\/wp\/v2\/posts\/187131\/revisions"}],"wp:featuredmedia":[{"embeddable":true,"href":"https:\/\/www.europesays.com\/fr\/wp-json\/wp\/v2\/media\/187132"}],"wp:attachment":[{"href":"https:\/\/www.europesays.com\/fr\/wp-json\/wp\/v2\/media?parent=187131"}],"wp:term":[{"taxonomy":"category","embeddable":true,"href":"https:\/\/www.europesays.com\/fr\/wp-json\/wp\/v2\/categories?post=187131"},{"taxonomy":"post_tag","embeddable":true,"href":"https:\/\/www.europesays.com\/fr\/wp-json\/wp\/v2\/tags?post=187131"}],"curies":[{"name":"wp","href":"https:\/\/api.w.org\/{rel}","templated":true}]}}