{"id":187133,"date":"2025-06-19T00:31:13","date_gmt":"2025-06-19T00:31:13","guid":{"rendered":"https:\/\/www.europesays.com\/fr\/187133\/"},"modified":"2025-06-19T00:31:13","modified_gmt":"2025-06-19T00:31:13","slug":"un-quadragenaire-multirecidiviste-ecroue-apres-le-viol-dune-ado-a-un-arret-de-bus-2","status":"publish","type":"post","link":"https:\/\/www.europesays.com\/fr\/187133\/","title":{"rendered":"Un quadrag\u00e9naire multir\u00e9cidiviste \u00e9crou\u00e9 apr\u00e8s le viol d\u2019une ado \u00e0 un arr\u00eat de bus"},"content":{"rendered":"<p>Alors qu\u2019elle attendait son bus, une jeune fille \u00e2g\u00e9e de 15 ans a \u00e9t\u00e9 viol\u00e9e le 9\u00a0juin. Les faits se sont d\u00e9roul\u00e9s \u00e0 Saint-Genis-Laval, une commune situ\u00e9e dans la banlieue <a href=\"https:\/\/www.20minutes.fr\/lyon\/\" class=\"color-ultramarine c-link\" target=\"_blank\" rel=\"noopener\">lyonnaise<\/a> (<a href=\"https:\/\/www.20minutes.fr\/dossier\/rhone\" class=\"color-ultramarine c-link\" target=\"_blank\" rel=\"noopener\">Rh\u00f4ne<\/a>). Deux jours plus tard, les gendarmes de la brigade de recherches de Givors ont interpell\u00e9 un homme, imm\u00e9diatement plac\u00e9 en garde \u00e0 vue.<\/p>\n<p>Il a \u00e9t\u00e9 mis en examen depuis pour \u00ab\u00a0viol aggrav\u00e9 et violences par une personne agissant sous l\u2019emprise de produits stup\u00e9fiants suivie d\u2019incapacit\u00e9 de travail n\u2019exc\u00e8dent pas huit jours\u00a0\u00bb par un juge d\u2019instruction lyonnais. Avant d\u2019\u00eatre \u00e9crou\u00e9.<\/p>\n<p>Plus de cinquante mentions au casier judiciaire<\/p>\n<p>Le suspect \u00e2g\u00e9 de 41 ans est particuli\u00e8rement bien connu de la justice. Il cumule plus de cinquante mentions au Traitement des ant\u00e9c\u00e9dents judiciaires, \u00e9voque le m\u00e9dia <a href=\"https:\/\/www.frontieresmedia.fr\/societe\/info-frontieres-une-adolescente-de-15-ans-violee-a-saint-genis-laval-radouane-l-son-auteur-pres\" target=\"_blank\" class=\"color-ultramarine c-link\" rel=\"noopener\">Fronti\u00e8res<\/a> qui r\u00e9v\u00e8le l\u2019affaire. Une information confirm\u00e9e au <a href=\"https:\/\/www.lefigaro.fr\/lyon\/pres-de-lyon-un-homme-incarcere-apres-le-viol-presume-d-une-jeune-fille-de-15-ans-20250618\" target=\"_blank\" class=\"color-ultramarine c-link\" rel=\"noopener\">Figaro<\/a> par le parquet de Lyon.<\/p>\n","protected":false},"excerpt":{"rendered":"Alors qu\u2019elle attendait son bus, une jeune fille \u00e2g\u00e9e de 15 ans a \u00e9t\u00e9 viol\u00e9e le 9\u00a0juin. Les&hellip;\n","protected":false},"author":2,"featured_media":187134,"comment_status":"","ping_status":"","sticky":false,"template":"","format":"standard","meta":{"footnotes":""},"categories":[1889],"tags":[1111,47,11,1084,2430,1777,674,118,1011,27,19625,2428,12,25,2429,2431,1265],"class_list":{"0":"post-187133","1":"post","2":"type-post","3":"status-publish","4":"format-standard","5":"has-post-thumbnail","7":"category-lyon","8":"tag-actu","9":"tag-actualite","10":"tag-actualites","11":"tag-adolescent","12":"tag-auvergne-rhone-alpes","13":"tag-eu","14":"tag-europe","15":"tag-faits-divers","16":"tag-fr","17":"tag-france","18":"tag-givors","19":"tag-lyon","20":"tag-news","21":"tag-republique-francaise","22":"tag-rhone","23":"tag-rhone-alpes","24":"tag-viol"},"share_on_mastodon":{"url":"https:\/\/pubeurope.com\/@fr\/114707214103113502","error":""},"_links":{"self":[{"href":"https:\/\/www.europesays.com\/fr\/wp-json\/wp\/v2\/posts\/187133","targetHints":{"allow":["GET"]}}],"collection":[{"href":"https:\/\/www.europesays.com\/fr\/wp-json\/wp\/v2\/posts"}],"about":[{"href":"https:\/\/www.europesays.com\/fr\/wp-json\/wp\/v2\/types\/post"}],"author":[{"embeddable":true,"href":"https:\/\/www.europesays.com\/fr\/wp-json\/wp\/v2\/users\/2"}],"replies":[{"embeddable":true,"href":"https:\/\/www.europesays.com\/fr\/wp-json\/wp\/v2\/comments?post=187133"}],"version-history":[{"count":0,"href":"https:\/\/www.europesays.com\/fr\/wp-json\/wp\/v2\/posts\/187133\/revisions"}],"wp:featuredmedia":[{"embeddable":true,"href":"https:\/\/www.europesays.com\/fr\/wp-json\/wp\/v2\/media\/187134"}],"wp:attachment":[{"href":"https:\/\/www.europesays.com\/fr\/wp-json\/wp\/v2\/media?parent=187133"}],"wp:term":[{"taxonomy":"category","embeddable":true,"href":"https:\/\/www.europesays.com\/fr\/wp-json\/wp\/v2\/categories?post=187133"},{"taxonomy":"post_tag","embeddable":true,"href":"https:\/\/www.europesays.com\/fr\/wp-json\/wp\/v2\/tags?post=187133"}],"curies":[{"name":"wp","href":"https:\/\/api.w.org\/{rel}","templated":true}]}}