{"id":187151,"date":"2025-06-19T00:41:10","date_gmt":"2025-06-19T00:41:10","guid":{"rendered":"https:\/\/www.europesays.com\/fr\/187151\/"},"modified":"2025-06-19T00:41:10","modified_gmt":"2025-06-19T00:41:10","slug":"oasis-pour-ouvrir-des-magasins-de-marchandises-a-travers-le-royaume-uni-et-lirlande-pour-marquer-la-tournee-de-retrouvailles","status":"publish","type":"post","link":"https:\/\/www.europesays.com\/fr\/187151\/","title":{"rendered":"Oasis pour ouvrir des magasins de marchandises \u00e0 travers le Royaume-Uni et l&rsquo;Irlande pour marquer la tourn\u00e9e de retrouvailles"},"content":{"rendered":"<p>Oasis devrait ouvrir un certain nombre de magasins pop-up au Royaume-Uni et en Irlande cet \u00e9t\u00e9 pour leur tourn\u00e9e de retrouvailles.<\/p>\n<p>Le premier magasin ouvrira ses portes dans la ville natale du Wonderwall Band \u00e0 Manchester le 20 juin et restera accessible aux fans jusqu\u2019au 27 juillet.<\/p>\n<p>D\u2019autres magasins seront situ\u00e9s \u00e0 Cardiff, Londres, \u00c9dimbourg, Dublin et Birmingham et devront lancer la collection de marchandises pour la tourn\u00e9e d\u2019Oasis Live \u201925 impatiente, qui commence au stade principale de Cardiff le 4 juillet et marque la premi\u00e8re fois que Brothers Noel et Liam Gallagher auront lieu ensemble pendant 16 ans.<\/p>\n<p>La collection sera mise \u00e0 disposition pour acheter en ligne et plus de d\u00e9tails sur les articles individuels et les emplacements de magasins sp\u00e9cifiques seront r\u00e9v\u00e9l\u00e9s plus tard cette semaine.<\/p>\n<p>La marchandise pr\u00e9sentera des collaborations de marque sp\u00e9cifiques et des produits en \u00e9dition limit\u00e9e qui ne seront pas disponibles ailleurs.<\/p>\n<p>Noel et Liam ont mis fin \u00e0 leur longue querelle pour remettre les ic\u00f4nes de Britpop et l\u2019ancien ami proche \u2013 le chanteur U2 Bono \u2013 affirme que le musicien a \u00e9t\u00e9 \u00ab\u00a0choqu\u00e9 par la fa\u00e7on dont\u00a0\u00bb l\u2019oasis sonne en r\u00e9p\u00e9tition.<\/p>\n<p>Le rockeur irlandais a dit \u00e0 Apple Music 1 avec Zane Lowe: \u00ab\u00a0Ils sont tous les deux dr\u00f4les. Je suis toujours tr\u00e8s proche de Noel, et il m\u2019a envoy\u00e9 un message en disant qu\u2019il est un peu choqu\u00e9 par la grandeur du groupe [sounding at rehearsals]. Je pense que nous allons passer un bon \u00e9t\u00e9. \u00ab\u00a0<\/p>\n<p>Bono a ajout\u00e9 d\u2019oasis: \u00ab\u00a0Je les aime. Je les aime juste. Et ce que j\u2019aime vraiment, c\u2019est, la pr\u00e9cision qui avait obtenu [into] La musique ind\u00e9pendante, ils ont juste explos\u00e9. Il y avait juste le fanfaron et le son de sortir du ghetto, pas de le glamour. \u00ab\u00a0<\/p>\n<p>La star de 65 ans a r\u00e9v\u00e9l\u00e9 qu\u2019il allait regarder les hitmakers supersoniques lors de la tourn\u00e9e.<\/p>\n<p>Lorsqu\u2019on lui a demand\u00e9 s\u2019il serait pr\u00e9sent, Bono a d\u00e9clar\u00e9: \u00ab\u00a0Bien s\u00fbr! Et rappelez-vous ce qu\u2019ils ont fait aussi. Ce genre de grandes guitares, les grands sons g\u00e9n\u00e9reux de Neil Young.<\/p>\n<p>\u00abIls \u00e9taient contre la loi au Royaume-Uni, et ils se disent:\u00ab Non, je dois faire ce que je veux. Et puis ils avaient ce genre de qualit\u00e9 rythmique et belle. <\/p>\n<p>\u00ab\u00a0\u2018Aujourd\u2019hui va \u00eatre le jour \u2026\u2019 Donc c\u2019est une sorte de, c\u2019est un rythme presque R et B.<\/p>\n<p>\u00ab\u00a0Mais Manchester a \u00e9t\u00e9 tr\u00e8s influenc\u00e9 par la musique de danse, donc ils \u00e9taient groove que quiconque. Ils \u00e9taient plus bruts que quiconque.\u00a0\u00bb<\/p>\n","protected":false},"excerpt":{"rendered":"Oasis devrait ouvrir un certain nombre de magasins pop-up au Royaume-Uni et en Irlande cet \u00e9t\u00e9 pour leur&hellip;\n","protected":false},"author":2,"featured_media":187152,"comment_status":"","ping_status":"","sticky":false,"template":"","format":"standard","meta":{"footnotes":""},"categories":[1588],"tags":[11,154,1777,674,32487,11906,32488,21724,12,23929,5257,471,32289,473,1853,1873,4441,20087,1851,1850,1852],"class_list":{"0":"post-187151","1":"post","2":"type-post","3":"status-publish","4":"format-standard","5":"has-post-thumbnail","7":"category-royaume-uni","8":"tag-actualites","9":"tag-des","10":"tag-eu","11":"tag-europe","12":"tag-lirlande","13":"tag-magasins","14":"tag-marchandises","15":"tag-marquer","16":"tag-news","17":"tag-oasis","18":"tag-ouvrir","19":"tag-pour","20":"tag-retrouvailles","21":"tag-royaume-uni","22":"tag-royaume-uni-de-grande-bretagne-et-dirlande-du-nord","23":"tag-royaumeuni","24":"tag-tournee","25":"tag-travers","26":"tag-uk","27":"tag-united-kingdom","28":"tag-united-kingdom-of-great-britain-and-northern-ireland"},"share_on_mastodon":{"url":"https:\/\/pubeurope.com\/@fr\/114707253417248281","error":""},"_links":{"self":[{"href":"https:\/\/www.europesays.com\/fr\/wp-json\/wp\/v2\/posts\/187151","targetHints":{"allow":["GET"]}}],"collection":[{"href":"https:\/\/www.europesays.com\/fr\/wp-json\/wp\/v2\/posts"}],"about":[{"href":"https:\/\/www.europesays.com\/fr\/wp-json\/wp\/v2\/types\/post"}],"author":[{"embeddable":true,"href":"https:\/\/www.europesays.com\/fr\/wp-json\/wp\/v2\/users\/2"}],"replies":[{"embeddable":true,"href":"https:\/\/www.europesays.com\/fr\/wp-json\/wp\/v2\/comments?post=187151"}],"version-history":[{"count":0,"href":"https:\/\/www.europesays.com\/fr\/wp-json\/wp\/v2\/posts\/187151\/revisions"}],"wp:featuredmedia":[{"embeddable":true,"href":"https:\/\/www.europesays.com\/fr\/wp-json\/wp\/v2\/media\/187152"}],"wp:attachment":[{"href":"https:\/\/www.europesays.com\/fr\/wp-json\/wp\/v2\/media?parent=187151"}],"wp:term":[{"taxonomy":"category","embeddable":true,"href":"https:\/\/www.europesays.com\/fr\/wp-json\/wp\/v2\/categories?post=187151"},{"taxonomy":"post_tag","embeddable":true,"href":"https:\/\/www.europesays.com\/fr\/wp-json\/wp\/v2\/tags?post=187151"}],"curies":[{"name":"wp","href":"https:\/\/api.w.org\/{rel}","templated":true}]}}