{"id":187157,"date":"2025-06-19T00:44:12","date_gmt":"2025-06-19T00:44:12","guid":{"rendered":"https:\/\/www.europesays.com\/fr\/187157\/"},"modified":"2025-06-19T00:44:12","modified_gmt":"2025-06-19T00:44:12","slug":"ue-et-australie-negocient-un-partenariat-de-securite-et-de-defense","status":"publish","type":"post","link":"https:\/\/www.europesays.com\/fr\/187157\/","title":{"rendered":"UE et Australie n\u00e9gocient un partenariat de s\u00e9curit\u00e9 et de d\u00e9fense"},"content":{"rendered":"<p><img decoding=\"async\" class=\"w-full object-contain\" style=\"aspect-ratio:163 \/ 100;opacity:1\" alt=\"UE et Australie n\u00e9gocient un partenariat de s\u00e9curit\u00e9 et de d\u00e9fense\" width=\"512\" height=\"315\" fetchpriority=\"high\" src=\"https:\/\/www.europesays.com\/fr\/wp-content\/uploads\/2025\/06\/YQE2PTJDOFF7VCWS73NX3URIWA.jpg\"  \/><\/p>\n<p class=\"ap-StoryElement ap-StoryElement--mb ap-StoryText\">Le travailliste Anthony Albanese, a exprim\u00e9 la volont\u00e9 de commencer \u00e0 n\u00e9gocier ce partenariat \u00ab\u00a0imm\u00e9diatement\u00a0\u00bb. Il estime qu&rsquo;il va ouvrir des opportunit\u00e9s pour un \u00ab\u00a0approvisionnement commun en mati\u00e8re de d\u00e9fense\u00a0\u00bb, tout en profitant aux industries europ\u00e9ennes et australiennes.<\/p>\n<p class=\"ap-StoryElement ap-StoryElement--mb ap-StoryText\">L&rsquo;UE a d\u00e9j\u00e0 conclu des partenariats de ce type avec six autres pays, dont le Japon et la Cor\u00e9e du Sud.<\/p>\n<p class=\"ap-StoryElement ap-StoryElement--mb ap-StoryText\">Bruxelles et Canberra ont en outre r\u00e9cemment relanc\u00e9 les pourparlers pour un accord de libre-\u00e9change qui avaient \u00e9t\u00e9 suspendus ces derni\u00e8res ann\u00e9es. Mme von der Leyen a confirm\u00e9 le souhait de faire progresser ces discussions, mais elles resteront s\u00e9par\u00e9es des n\u00e9gociations pour le partenariat de s\u00e9curit\u00e9, est-il pr\u00e9cis\u00e9 dans la communication.<\/p>\n","protected":false},"excerpt":{"rendered":"Le travailliste Anthony Albanese, a exprim\u00e9 la volont\u00e9 de commencer \u00e0 n\u00e9gocier ce partenariat \u00ab\u00a0imm\u00e9diatement\u00a0\u00bb. Il estime qu&rsquo;il&hellip;\n","protected":false},"author":2,"featured_media":25030,"comment_status":"","ping_status":"","sticky":false,"template":"","format":"standard","meta":{"footnotes":""},"categories":[1586],"tags":[11,554,312,1777,674,1779,1011,27,12,25,1778,364],"class_list":{"0":"post-187157","1":"post","2":"type-post","3":"status-publish","4":"format-standard","5":"has-post-thumbnail","7":"category-europe","8":"tag-actualites","9":"tag-defense","10":"tag-diplomatie","11":"tag-eu","12":"tag-europe","13":"tag-european-union","14":"tag-fr","15":"tag-france","16":"tag-news","17":"tag-republique-francaise","18":"tag-ue","19":"tag-union-europeenne"},"share_on_mastodon":{"url":"https:\/\/pubeurope.com\/@fr\/114707265349219254","error":""},"_links":{"self":[{"href":"https:\/\/www.europesays.com\/fr\/wp-json\/wp\/v2\/posts\/187157","targetHints":{"allow":["GET"]}}],"collection":[{"href":"https:\/\/www.europesays.com\/fr\/wp-json\/wp\/v2\/posts"}],"about":[{"href":"https:\/\/www.europesays.com\/fr\/wp-json\/wp\/v2\/types\/post"}],"author":[{"embeddable":true,"href":"https:\/\/www.europesays.com\/fr\/wp-json\/wp\/v2\/users\/2"}],"replies":[{"embeddable":true,"href":"https:\/\/www.europesays.com\/fr\/wp-json\/wp\/v2\/comments?post=187157"}],"version-history":[{"count":0,"href":"https:\/\/www.europesays.com\/fr\/wp-json\/wp\/v2\/posts\/187157\/revisions"}],"wp:featuredmedia":[{"embeddable":true,"href":"https:\/\/www.europesays.com\/fr\/wp-json\/wp\/v2\/media\/25030"}],"wp:attachment":[{"href":"https:\/\/www.europesays.com\/fr\/wp-json\/wp\/v2\/media?parent=187157"}],"wp:term":[{"taxonomy":"category","embeddable":true,"href":"https:\/\/www.europesays.com\/fr\/wp-json\/wp\/v2\/categories?post=187157"},{"taxonomy":"post_tag","embeddable":true,"href":"https:\/\/www.europesays.com\/fr\/wp-json\/wp\/v2\/tags?post=187157"}],"curies":[{"name":"wp","href":"https:\/\/api.w.org\/{rel}","templated":true}]}}