{"id":187164,"date":"2025-06-19T00:50:19","date_gmt":"2025-06-19T00:50:19","guid":{"rendered":"https:\/\/www.europesays.com\/fr\/187164\/"},"modified":"2025-06-19T00:50:19","modified_gmt":"2025-06-19T00:50:19","slug":"rugby-pourquoi-france-u20-a-connu-une-semaine-compliquee-et-pas-agreable-a-vivre","status":"publish","type":"post","link":"https:\/\/www.europesays.com\/fr\/187164\/","title":{"rendered":"Rugby. Pourquoi France U20 a connu une semaine \u00ab\u00a0compliqu\u00e9e\u00a0\u00bb et \u00ab\u00a0pas agr\u00e9able \u00e0 vivre\u00a0\u00bb"},"content":{"rendered":"<p>            Par<br \/>\n        <strong><br \/>\n            <a href=\"https:\/\/actu.fr\/auteur\/clement-mazella\" title=\"Consulter tous les articles de Cl\u00e9ment Mazella\" rel=\"nofollow noopener\" target=\"_blank\">Cl\u00e9ment Mazella<\/a><br \/>\n        <\/strong><\/p>\n<p>        Publi\u00e9 le<\/p>\n<p>            18 juin 2025 \u00e0 13h20        <\/p>\n<p>Actuellement, \u00e0 Marcoussis, le XV de France n\u2019est pas seul. En effet, lorsque <a href=\"https:\/\/actu.fr\/sports\/rugby\/xv-de-france\/xv-de-france-duguid-mallez-et-duguivalu-parmi-les-nombreux-novices-appeles-pour-la-tournee_62774932.html\" rel=\"nofollow noopener\" target=\"_blank\">les 28 appel\u00e9s<\/a> par Fabien Galthi\u00e9 pour le d\u00e9but de la tourn\u00e9e d\u2019\u00e9t\u00e9 ont investi le CNR, ils ont trouv\u00e9 sur place <strong>France U20<\/strong>, en pleine pr\u00e9paration pour la <strong>Coupe du monde en Italie<\/strong> (29 juin-19 juillet). Un groupe tricolore qui doit faire face \u00e0 ses al\u00e9as, et qui a connu \u00ab\u00a0une semaine derni\u00e8re pas agr\u00e9able \u00e0 vivre\u00a0\u00bb, dixit le s\u00e9lectionneur C\u00e9dric Laborde. Pas l\u2019id\u00e9al, loin s\u2019en faut, mais qui devrait rentrer dans l\u2019ordre prochainement. Explications.<\/p>\n<p>France U20 : le groupe pas au complet<\/p>\n<p class=\" wall-content\">Si 30 joueurs ont \u00e9t\u00e9 convoqu\u00e9s pour la Coupe du monde, tous n\u2019ont pas encore ralli\u00e9 Marcoussis. Certains ont \u00e9t\u00e9 retenus par les clubs qualifi\u00e9s pour les demi-finales du Top 14, qui se d\u00e9rouleront \u00e0 Lyon ce 20 et 21 juin.\u00a0D\u2019autres sont arriv\u00e9s par ordre dispers\u00e9.\u00a0<\/p>\n<p class=\" wall-content\">\u00ab\u00a0Il y a beaucoup d\u2019instabilit\u00e9\u00a0\u00bb, d\u00e9plore le s\u00e9lectionneur C\u00e9dric Laborde. \u00ab\u00a0La premi\u00e8re semaine n\u2019a pas \u00e9t\u00e9 super agr\u00e9able \u00e0 vivre, ce fut compliqu\u00e9. On a des joueurs encore en club, quand d\u2019autres ont \u00e9t\u00e9 plac\u00e9s en r\u00e9cup\u00e9ration car ils viennent de disputer la finale Espoirs. On a donc des \u00e9tats de forme vraiment diff\u00e9rents. Et vu que c\u2019est le terrain qui permet de cr\u00e9er de vrais liens, l\u00e0 nous sommes dans l\u2019adaptation\u00a0\u00bb.<\/p>\n<p class=\" wall-content\">Mais face \u00e0 la situation, France U20 veut en tirer une force. Cette adaptation, Laborde la voit comme \u00ab\u00a0une qualit\u00e9, qui permet d\u2019avancer\u00a0\u00bb. \u00ab\u00a0On essaie de prendre du plaisir dans le bordel, parmi des journ\u00e9es un peu chaotiques. Nous avons fini cette premi\u00e8re semaine avec un challenge un peu physique o\u00f9 tout le monde, m\u00eame le staff, s\u2019y est mis\u00a0\u00bb.\u00a0<\/p>\n<p class=\" wall-content\">Et le s\u00e9lectionneur de rajouter, afin d\u2019allumer des signaux positifs : \u00ab\u00a0L\u2019arriv\u00e9e en Italie (le 21 juin, NDLR) va nous permettre de rentrer d\u00e9finitivement dans la comp\u00e9tition. L\u00e0, nous n\u2019y sommes pas, et c\u2019est un peu volontaire\u00a0\u00bb.<\/p>\n<p>Pas de match amical<\/p>\n<p class=\" wall-content\">Cette Coupe du monde en Italie, o\u00f9 les Bleuets esp\u00e9reront retrouver <a href=\"https:\/\/actu.fr\/sports\/rugby\/xv-de-france\/france-u20-ne-sera-pas-championne-du-monde-en-2024-ce-qui-nous-a-plu-et-deplu_61380154.html\" rel=\"nofollow noopener\" target=\"_blank\">le titre qu\u2019ils ont laiss\u00e9 \u00e9chapper \u00e0 l\u2019Angleterre<\/a>, d\u00e9butera par une rencontre contre l\u2019Espagne. Une entr\u00e9e dans le bain alors que France U20 n\u2019aura pas effectu\u00e9 le moindre match de pr\u00e9paration.<\/p>\n<p class=\" wall-content\">\u00ab\u00a0On avait pr\u00e9vu un match contre la G\u00e9orgie\u00a0\u00bb, coupe Laborde. C\u2019est vrai, c\u2019\u00e9tait cal\u00e9 de longue date. Avant que la G\u00e9orgie ne revoie ses plans et propose aux Bleuets de jouer ce week-end. Ce qui n\u2019a pas \u00e9t\u00e9 valid\u00e9. \u00ab\u00a0Pour nous, c\u2019\u00e9tait trop tard\u00a0\u00bb, explique le s\u00e9lectionneur des U20. C\u2019est pourquoi, la semaine derni\u00e8re, des \u00e9l\u00e9ments de France U20 d\u00e9veloppement ont rejoint Marcoussis \u00ab\u00a0pour faire du 15-15 \u00e0 intensit\u00e9 r\u00e9elle\u00a0\u00bb.<\/p>\n<p class=\" wall-content\">Cette semaine, deux gros entra\u00eenements avec le XV de France sont au menu. \u00ab\u00a0C\u2019est face \u00e0 des joueurs qui vont plus vite que ce que l\u2019on croisera en Italie, qui sont plus costauds, et \u00e7a nous fera du bien sur les aspects d\u00e9fensifs o\u00f9 on pourra valider des comportements et organisations\u00a0\u00bb.<\/p>\n<p class=\" wall-content\">Lors de son arriv\u00e9e en Italie, France U20 mettra tout en \u0153uvre pour trouver un adversaire pour un entra\u00eenement dirig\u00e9 en d\u00e9but de semaine. \u00ab\u00a0On s\u2019attend \u00e0 des temp\u00e9ratures assez extr\u00eames\u00a0\u00bb, souligne Laborde. \u00ab\u00a0Mais ce groupe aime les d\u00e9fis, aime qu\u2019on le pousse \u00e0 aller chercher ses derniers retranchements\u00a0\u00bb. Vainqueur du 6 Nations cette ann\u00e9e, s\u2019imposer en Italie repr\u00e9sente \u00ab\u00a0un doubl\u00e9 tr\u00e8s excitant\u00a0\u00bb, pour ce groupe qui a vraiment de la qualit\u00e9.<\/p>\n<p class=\" wall-content\">Suivez toute l\u2019actualit\u00e9 de vos villes et m\u00e9dias favoris en vous inscrivant \u00e0 <a href=\"https:\/\/moncompte.actu.fr\" title=\"D\u00e9couvez Mon Actu\" rel=\"nofollow noopener\" data-trk=\"{&quot;cta&quot;:{&quot;action&quot;:&quot;https:\\\/\\\/moncompte.actu.fr&quot;,&quot;category&quot;:&quot;mon compte&quot;,&quot;from&quot;:&quot;article footer&quot;,&quot;name&quot;:&quot;Mon actu&quot;,&quot;type&quot;:&quot;cta&quot;}}\" target=\"_blank\">Mon Actu<\/a>.<\/p>\n<ul class=\"ac-article-tag wall-content\">\n<li><a href=\"https:\/\/actu.fr\/tag\/coupe-du-monde\" data-trk=\"{&quot;cta&quot;:{&quot;action&quot;:&quot;Coupe du monde&quot;,&quot;category&quot;:&quot;tag&quot;,&quot;from&quot;:&quot;article footer&quot;,&quot;name&quot;:&quot;Coupe du monde&quot;,&quot;type&quot;:&quot;cta&quot;}}\" rel=\"nofollow noopener\" target=\"_blank\">#Coupe du monde<\/a><\/li>\n<li><a href=\"https:\/\/actu.fr\/tag\/xv-de-france\" data-trk=\"{&quot;cta&quot;:{&quot;action&quot;:&quot;XV de France&quot;,&quot;category&quot;:&quot;tag&quot;,&quot;from&quot;:&quot;article footer&quot;,&quot;name&quot;:&quot;XV de France&quot;,&quot;type&quot;:&quot;cta&quot;}}\" rel=\"nofollow noopener\" target=\"_blank\">#XV de France<\/a><\/li>\n<\/ul>\n","protected":false},"excerpt":{"rendered":"Par Cl\u00e9ment Mazella Publi\u00e9 le 18 juin 2025 \u00e0 13h20 Actuellement, \u00e0 Marcoussis, le XV de France n\u2019est&hellip;\n","protected":false},"author":2,"featured_media":187165,"comment_status":"","ping_status":"","sticky":false,"template":"","format":"standard","meta":{"footnotes":""},"categories":[1416],"tags":[451,1011,27,479,1468,60,513],"class_list":{"0":"post-187164","1":"post","2":"type-post","3":"status-publish","4":"format-standard","5":"has-post-thumbnail","7":"category-rugby","8":"tag-coupe-du-monde","9":"tag-fr","10":"tag-france","11":"tag-rugby","12":"tag-rugby-football","13":"tag-sports","14":"tag-xv-de-france"},"share_on_mastodon":{"url":"https:\/\/pubeurope.com\/@fr\/114707288800266874","error":""},"_links":{"self":[{"href":"https:\/\/www.europesays.com\/fr\/wp-json\/wp\/v2\/posts\/187164","targetHints":{"allow":["GET"]}}],"collection":[{"href":"https:\/\/www.europesays.com\/fr\/wp-json\/wp\/v2\/posts"}],"about":[{"href":"https:\/\/www.europesays.com\/fr\/wp-json\/wp\/v2\/types\/post"}],"author":[{"embeddable":true,"href":"https:\/\/www.europesays.com\/fr\/wp-json\/wp\/v2\/users\/2"}],"replies":[{"embeddable":true,"href":"https:\/\/www.europesays.com\/fr\/wp-json\/wp\/v2\/comments?post=187164"}],"version-history":[{"count":0,"href":"https:\/\/www.europesays.com\/fr\/wp-json\/wp\/v2\/posts\/187164\/revisions"}],"wp:featuredmedia":[{"embeddable":true,"href":"https:\/\/www.europesays.com\/fr\/wp-json\/wp\/v2\/media\/187165"}],"wp:attachment":[{"href":"https:\/\/www.europesays.com\/fr\/wp-json\/wp\/v2\/media?parent=187164"}],"wp:term":[{"taxonomy":"category","embeddable":true,"href":"https:\/\/www.europesays.com\/fr\/wp-json\/wp\/v2\/categories?post=187164"},{"taxonomy":"post_tag","embeddable":true,"href":"https:\/\/www.europesays.com\/fr\/wp-json\/wp\/v2\/tags?post=187164"}],"curies":[{"name":"wp","href":"https:\/\/api.w.org\/{rel}","templated":true}]}}