{"id":187177,"date":"2025-06-19T00:58:14","date_gmt":"2025-06-19T00:58:14","guid":{"rendered":"https:\/\/www.europesays.com\/fr\/187177\/"},"modified":"2025-06-19T00:58:14","modified_gmt":"2025-06-19T00:58:14","slug":"la-statue-de-charles-de-gaulle-devoilee-a-lentree-de-la-madeleine","status":"publish","type":"post","link":"https:\/\/www.europesays.com\/fr\/187177\/","title":{"rendered":"La statue de Charles de Gaulle d\u00e9voil\u00e9e \u00e0 l\u2019entr\u00e9e de La Madeleine"},"content":{"rendered":"<p>            Par<br \/>\n        <strong><br \/>\n            <a href=\"https:\/\/actu.fr\/auteur\/margot-nicodeme\" title=\"Consulter tous les articles de Margot Nicod\u00e8me\" rel=\"nofollow noopener\" target=\"_blank\">Margot Nicod\u00e8me<\/a><br \/>\n        <\/strong><\/p>\n<p>        Publi\u00e9 le<\/p>\n<p>            18 juin 2025 \u00e0 15h55        <\/p>\n<p>Elle a fait tomber son habit sombre et <b>s\u2019est r\u00e9v\u00e9l\u00e9e sous un soleil \u00e9clatant<\/b>, ce mercredi <b>18\u00a0juin, date symbolique<\/b>. La<b> statue du g\u00e9n\u00e9ral de Gaulle<\/b>, jalousement gard\u00e9e \u00e0 l\u2019abri des regards depuis des semaines, tr\u00f4ne d\u00e9sormais fi\u00e8rement \u00e0 l\u2019entr\u00e9e de <a href=\"https:\/\/actu.fr\/hauts-de-france\/la-madeleine_59368\" rel=\"nofollow noopener\" target=\"_blank\">La Madeleine<\/a> (Nord). C\u2019est \u00e0 l\u2019occasion du 85e anniversaire de l\u2019appel du 18\u00a0juin que son d\u00e9voilement a eu lieu, \u00e0 quelques m\u00e8tres de la gigantesque construction <a href=\"https:\/\/actu.fr\/hauts-de-france\/la-madeleine_59368\/en-images-le-gigantesque-projet-sensorium-est-termine-a-la-madeleine-apres-8-ans-de-travaux_62741942.html\" rel=\"nofollow noopener\" target=\"_blank\">Sensorium, inaugur\u00e9e 12\u00a0jours auparavant<\/a>. Ce sont justement les promoteurs de l\u2019ensemble immobilier, Bouygues et Sogeprom, qui ont financ\u00e9 <b>la repr\u00e9sentation en bronze<\/b> de de Gaulle. L\u2019artiste-plasticien lillois qui en est \u00e0 l\u2019origine, <a href=\"https:\/\/actu.fr\/hauts-de-france\/villeneuve-d-ascq_59009\/metropole-de-lille-quentin-carnaille-vend-plusieurs-de-ses-oeuvres_60278503.html\" rel=\"nofollow noopener\" target=\"_blank\"><b>Quentin Carnaille<\/b><\/a>, a expliqu\u00e9 sa vision.<\/p>\n<p class=\" wall-content\">\n<p>Une statue de de Gaulle inaugur\u00e9e \u00e0 La Madeleine, tourn\u00e9e vers la Maison natale \u00e0 Lille<\/p>\n<p class=\" wall-content\">Quentin Carnaille, dont l\u2019influence est internationale, r\u00e9sume son art \u00e0 \u00ab\u2009valoriser des id\u00e9es\u2009\u00bb puis \u00e0 \u00ab\u2009coordonner les savoir-faire\u2009\u00bb. \u00c9riger un Charles de\u00a0Gaulle grandeur nature \u00e0 cet endroit ultra-passant, par le p\u00e9riph\u00e9rique et par sa proximit\u00e9 avec le Vieux-Lille, \u00e9tait \u00ab<b>\u2009un d\u00e9fi dont je mesure l\u2019importance et la responsabilit\u00e9<\/b>\u2009\u00bb, a-t-il dit.<\/p>\n<p>    <img   decoding=\"async\" loading=\"lazy\" class=\"size-large\" src=\"https:\/\/www.europesays.com\/fr\/wp-content\/uploads\/2025\/06\/20830e8ab25867b930e8ab2589f930v-960x640.jpg\" alt=\"Il se trouve \u00e0 l'entr\u00e9e de La Madeleine (Nord) et de l'ensemble immobilier Sensorium, pr\u00e9sent\u00e9 12 jours auparavant.\" width=\"960\" height=\"640\"\/><br \/>\n    Il se trouve \u00e0 l\u2019entr\u00e9e de La Madeleine (Nord) et de l\u2019ensemble immobilier Sensorium, pr\u00e9sent\u00e9 12\u00a0jours auparavant. \u00a9Margot Nicod\u00e8me<\/p>\n<p class=\" wall-content\">Il a voulu un De Gaulle \u00e0 \u00ab\u2009l\u2019attitude ferme et d\u00e9termin\u00e9e, au regard droit et digne\u2009\u00bb, et \u00ab<b>\u2009tourn\u00e9 vers la Maison natale<\/b>, comme il l\u2019\u00e9tait depuis Londres quand il regardait la France, sa maison\u2009\u00bb. Le plasticien de 41\u00a0ans s\u2019est montr\u00e9 particuli\u00e8rement \u00e9mu \u00e0 l\u2019\u00e9vocation de sa compagne, ses deux jeunes fils, tous pr\u00e9sents, mais aussi de sa grand-m\u00e8re, qui \u00ab\u2009avait 10\u00a0ans le jour de <a href=\"https:\/\/actu.fr\/hauts-de-france\/huppy_80446\/le-saviez-vous-cest-dans-un-petit-village-de-la-somme-que-de-gaulle-a-imagine-son-appel-du-18-juin_62778555.html\" rel=\"nofollow noopener\" target=\"_blank\">l\u2019appel du 18\u00a0juin<\/a>\u2009\u00bb.<\/p>\n<p class=\" wall-content\">Pour obtenir le r\u00e9sultat, Quentin Carnaille a utilis\u00e9 une <a href=\"https:\/\/actu.fr\/tag\/intelligence-artificielle\" rel=\"nofollow noopener\" target=\"_blank\">intelligence artificielle<\/a>, qui a pass\u00e9 en revue des centaines d\u2019images d\u2019archives de Charles de\u00a0Gaulle. Une synth\u00e8se \u00ab\u2009parfaite\u2009\u00bb a \u00e9merg\u00e9, avant d\u2019\u00eatre model\u00e9e en 3D et concr\u00e9tis\u00e9e sous une forme en mousse. Enfin, le bronze a \u00e9t\u00e9 fond\u00e9. L\u2019ensemble mesure 4,70 m\u00e8tres.<\/p>\n<p>    <img   decoding=\"async\" loading=\"lazy\" class=\"size-large\" src=\"https:\/\/www.europesays.com\/fr\/wp-content\/uploads\/2025\/06\/3ec47b5ab258642d47b5ab25856d47v-960x640.jpg\" alt=\"La statue de De Gaulle a officiellement \u00e9t\u00e9 d\u00e9voil\u00e9e \u00e0 la date symbolique du 18 juin 2025.\" width=\"960\" height=\"640\"\/><br \/>\n    La statue de de Gaulle a officiellement \u00e9t\u00e9 d\u00e9voil\u00e9e \u00e0 la date symbolique du 18\u00a0juin 2025. \u00a9Margot Nicod\u00e8me<\/p>\n<p class=\" wall-content\">Aux c\u00f4t\u00e9s du pr\u00e9sident de R\u00e9gion Xavier Bertrand, le maire de La Madeleine S\u00e9bastien Lepr\u00eatre a soulign\u00e9 son attachement \u00e0 \u00ab\u2009sortir l\u2019art et la culture, et m\u00eame l\u2019histoire et la m\u00e9moire hors les murs\u2009\u00bb. Quant au montant de la commande, on le rappelle enti\u00e8rement financ\u00e9e par Bouygues et Sogrepom, on nous clairement fait comprendre, c\u00f4t\u00e9 promoteurs, qu\u2019il ne serait pas communiqu\u00e9. \u00ab\u2009\u00c7a n\u2019a pas de prix\u2009\u00bb, a-t-on eu pour toute r\u00e9ponse.<\/p>\n<p class=\" wall-content\">Suivez toute l\u2019actualit\u00e9 de vos villes et m\u00e9dias favoris en vous inscrivant \u00e0 <a href=\"https:\/\/moncompte.actu.fr\" title=\"D\u00e9couvez Mon Actu\" rel=\"nofollow noopener\" data-trk=\"{&quot;cta&quot;:{&quot;action&quot;:&quot;https:\\\/\\\/moncompte.actu.fr&quot;,&quot;category&quot;:&quot;mon compte&quot;,&quot;from&quot;:&quot;article footer&quot;,&quot;name&quot;:&quot;Mon actu&quot;,&quot;type&quot;:&quot;cta&quot;}}\" target=\"_blank\">Mon Actu<\/a>.<\/p>\n","protected":false},"excerpt":{"rendered":"Par Margot Nicod\u00e8me Publi\u00e9 le 18 juin 2025 \u00e0 15h55 Elle a fait tomber son habit sombre et&hellip;\n","protected":false},"author":2,"featured_media":187178,"comment_status":"","ping_status":"","sticky":false,"template":"","format":"standard","meta":{"footnotes":""},"categories":[1358],"tags":[1477,1348,1384,1385,1386,58,59,1011,27,1757,1307,1352],"class_list":{"0":"post-187177","1":"post","2":"type-post","3":"status-publish","4":"format-standard","5":"has-post-thumbnail","7":"category-arts-et-design","8":"tag-artisanat","9":"tag-arts","10":"tag-arts-and-design","11":"tag-arts-et-design","12":"tag-design","13":"tag-divertissement","14":"tag-entertainment","15":"tag-fr","16":"tag-france","17":"tag-insolite","18":"tag-lille","19":"tag-urbanisme"},"share_on_mastodon":{"url":"https:\/\/pubeurope.com\/@fr\/114707320305890419","error":""},"_links":{"self":[{"href":"https:\/\/www.europesays.com\/fr\/wp-json\/wp\/v2\/posts\/187177","targetHints":{"allow":["GET"]}}],"collection":[{"href":"https:\/\/www.europesays.com\/fr\/wp-json\/wp\/v2\/posts"}],"about":[{"href":"https:\/\/www.europesays.com\/fr\/wp-json\/wp\/v2\/types\/post"}],"author":[{"embeddable":true,"href":"https:\/\/www.europesays.com\/fr\/wp-json\/wp\/v2\/users\/2"}],"replies":[{"embeddable":true,"href":"https:\/\/www.europesays.com\/fr\/wp-json\/wp\/v2\/comments?post=187177"}],"version-history":[{"count":0,"href":"https:\/\/www.europesays.com\/fr\/wp-json\/wp\/v2\/posts\/187177\/revisions"}],"wp:featuredmedia":[{"embeddable":true,"href":"https:\/\/www.europesays.com\/fr\/wp-json\/wp\/v2\/media\/187178"}],"wp:attachment":[{"href":"https:\/\/www.europesays.com\/fr\/wp-json\/wp\/v2\/media?parent=187177"}],"wp:term":[{"taxonomy":"category","embeddable":true,"href":"https:\/\/www.europesays.com\/fr\/wp-json\/wp\/v2\/categories?post=187177"},{"taxonomy":"post_tag","embeddable":true,"href":"https:\/\/www.europesays.com\/fr\/wp-json\/wp\/v2\/tags?post=187177"}],"curies":[{"name":"wp","href":"https:\/\/api.w.org\/{rel}","templated":true}]}}