{"id":187181,"date":"2025-06-19T01:00:14","date_gmt":"2025-06-19T01:00:14","guid":{"rendered":"https:\/\/www.europesays.com\/fr\/187181\/"},"modified":"2025-06-19T01:00:14","modified_gmt":"2025-06-19T01:00:14","slug":"rachida-dati-sen-prend-violemment-a-patrick-cohen-et-anne-elisabeth-lemoine","status":"publish","type":"post","link":"https:\/\/www.europesays.com\/fr\/187181\/","title":{"rendered":"Rachida Dati s&rsquo;en prend violemment \u00e0 Patrick Cohen et Anne-\u00c9lisabeth Lemoine"},"content":{"rendered":"<p>            Par<br \/>\n        <strong><br \/>\n            <a href=\"https:\/\/actu.fr\/auteur\/redaction-actu\" title=\"Consulter tous les articles de R\u00e9daction Actu\" rel=\"nofollow noopener\" target=\"_blank\">R\u00e9daction Actu<\/a><br \/>\n        <\/strong><\/p>\n<p>        Publi\u00e9 le<\/p>\n<p>            18 juin 2025 \u00e0 21h59        <\/p>\n<p>Rachida Dati a hauss\u00e9 la voix, et a sorti la carte \u00ab\u00a0menace\u00a0\u00bb. Ce mercredi 18 juin 2025, la ministre de la Culture \u00e9tait invit\u00e9e de C \u00e0 vous sur France 5.\u00a0<\/p>\n<p class=\" wall-content\">Sur le plateau, <a href=\"https:\/\/actu.fr\/ile-de-france\/paris_75056\/a-un-an-des-municipales-a-paris-un-complement-d-enquete-sur-france-2-devastateur-pour-rachida-dati_62734786.html\" rel=\"nofollow noopener\" target=\"_blank\">Patrick Cohen l\u2019interroge sur les r\u00e9v\u00e9lations de\u00a0<\/a><a href=\"https:\/\/actu.fr\/ile-de-france\/paris_75056\/a-un-an-des-municipales-a-paris-un-complement-d-enquete-sur-france-2-devastateur-pour-rachida-dati_62734786.html\" rel=\"nofollow noopener\" target=\"_blank\">Compl\u00e9ment d\u2019Enqu\u00eate<\/a>\u00a0qui, dans une \u00e9mission diffus\u00e9e d\u00e9but juin, avan\u00e7ait que Rachida Dati aurait re\u00e7u, en 2010-2011, <strong>pr\u00e8s de 300 000 euros d\u2019honoraires non d\u00e9clar\u00e9s de la part de GDF Suez.\u00a0<\/strong><\/p>\n<p class=\" wall-content\">D\u2019apr\u00e8s Compl\u00e9ment d\u2019Enqu\u00eate,<strong> l\u2019origine de ces revenus n\u2019a pas \u00e9t\u00e9 d\u00e9clar\u00e9e au Parlement europ\u00e9en<\/strong> comme cela est requis pour \u00e9viter les conflits d\u2019int\u00e9r\u00eat.\u00a0<\/p>\n<p class=\" wall-content\">Visiblement, <a href=\"https:\/\/actu.fr\/tag\/rachida-dati\" rel=\"nofollow noopener\" target=\"_blank\">la ministre<\/a> n\u2019a que peu go\u00fbt\u00e9 d\u2019\u00eatre questionn\u00e9e l\u00e0-dessus. Et a envoy\u00e9 Patrick Cohen dans les roses.\u00a0<\/p>\n<p class=\" wall-content\">\n<p>\u00ab\u00a0Est-ce que vous harcelez vos collaborateurs ?\u00a0\u00bb<\/p>\n<p class=\" wall-content\">\u00ab\u00a0Monsieur Cohen, il y a une enqu\u00eate <a href=\"https:\/\/www.mediapart.fr\/journal\/culture-et-idees\/030225\/france-inter-le-comportement-passe-de-patrick-cohen-fait-surface\" rel=\"nofollow noopener\" target=\"_blank\">Mediapart<\/a> qui vous a mis en cause, pour harc\u00e8lement, management toxique \u00bb, lui a-t-elle r\u00e9pondu<\/p>\n<p>Vid\u00e9os : en ce moment sur Actu<\/p>\n<blockquote class=\"ac-article-quote wall-content\">\n<p>Il y a une enqu\u00eate Mediapart qui est sortie tr\u00e8s r\u00e9cemment. Est-ce que c\u2019est vrai Monsieur Cohen ? Est-ce que vous harcelez vos collaborateurs ? Est-ce que vous \u00eates d\u00e9sagr\u00e9able avec les gens avec lesquels vous travaillez ? C\u2019est affirm\u00e9 dans une enqu\u00eate Mediapart. On vous accuse de harc\u00e8lement. Est-ce que vous pouvez me r\u00e9pondre ?<\/p>\n<p>    <strong>Rachida Dati<\/strong>\n            <\/p><\/blockquote>\n<p class=\" wall-content\">Patrick Cohen tente recentrer le d\u00e9bat, \u00ab\u00a0ne d\u00e9tournez pas la question\u00a0\u00bb, mais Rachida Dati insiste : \u00ab\u00a0Je ne d\u00e9tourne pas la question. Il y a une enqu\u00eate vous concernant. <strong>Le harc\u00e8lement, c\u2019est un d\u00e9lit, monsieur Cohen.\u00a0\u00bb<\/strong><\/p>\n<p class=\" wall-content\">La pr\u00e9sentatrice de l\u2019\u00e9mission, Anne-Elisabeth Lemoine, apr\u00e8s avoir laiss\u00e9 quelques secondes de flottement, tente de reprendre la main. En vain, et est prise pour cible par Rachida Dati.\u00a0<\/p>\n<blockquote class=\"ac-article-quote wall-content\">\n<p>Monsieur Cohen, est-ce que c\u2019est vrai que vous harcelez vos collaborateurs ? Madame Lemoine, j\u2019ai lu que vous pleurez en coulisses ?<\/p>\n<p>    <strong>Rachida Dati<\/strong>\n            <\/p><\/blockquote>\n<p class=\" wall-content\">\u00ab\u00a0Vous allez vous contenter de mon non\u00a0\u00bb, lui r\u00e9pond l\u2019animatrice.\u00a0<\/p>\n<p>\u00ab\u00a0Il suffirait que je fasse un article 40\u00a0\u00bb<\/p>\n<p class=\" wall-content\">Mais le vif \u00e9change ne s\u2019arr\u00eate pas l\u00e0. L\u2019espace d\u2019un instant, la ministre de la Culture revient sur les accusations la concernant. \u00ab\u00a0Contrairement \u00e0 vous, j\u2019ai \u00e9t\u00e9 entendue, scann\u00e9e, v\u00e9rifi\u00e9e, contr\u00f4l\u00e9e, et pas qu\u2019une fois. Moi, contrairement \u00e0 vous, j\u2019ai donn\u00e9 des r\u00e9ponses\u00a0\u00bb.\u00a0<\/p>\n<p class=\" wall-content\">Et d\u2019enfoncer \u00e0 nouveau Patrick Cohen : \u00ab\u00a0Sur le harc\u00e8lement, je n\u2019ai pas de r\u00e9ponse.\u00a0\u00bb<\/p>\n<p class=\" wall-content\">Le journaliste de\u00a0C \u00e0 vous\u00a0ne se laisse pas faire : \u00ab\u00a0J\u2019ai vu Martin Schulz, le pr\u00e9sident du Parlement europ\u00e9en, qui dit que vous lui avez menti les yeux dans les yeux\u00a0\u00bb. Une r\u00e9ponse qui ne passe pas aupr\u00e8s de la ministre.\u00a0<\/p>\n<blockquote class=\"ac-article-quote wall-content\">\n<p>J\u2019en ai fait une politique p\u00e9nale la lutte contre le harc\u00e8lement. Vous pourriez tomber sous le coup de ce d\u00e9lit, il suffirait que je fasse un article 40 pour d\u00e9noncer \u00e0 la suite de ce papier de Mediapart.<\/p>\n<p>    <strong>Rachida Dati<\/strong>\n            <\/p><\/blockquote>\n<p class=\" wall-content\">\u00ab Je vous y invite \u00e0 le faire. En l\u2019occurrence, personne n\u2019a \u00e9t\u00e9 saisi, ni par la justice, ni en interne au sein de Radio France\u00a0\u00bb, lance Patrick Cohen, avant de conclure. \u00ab\u00a0Ce n\u2019est pas tr\u00e8s reluisant ce que vous faites madame Dati, c\u2019est d\u00e9shonorant.\u00a0\u00bb\u00a0<\/p>\n<p class=\" wall-content\">Suivez toute l\u2019actualit\u00e9 de vos villes et m\u00e9dias favoris en vous inscrivant \u00e0 <a href=\"https:\/\/moncompte.actu.fr\" title=\"D\u00e9couvez Mon Actu\" rel=\"nofollow noopener\" data-trk=\"{&quot;cta&quot;:{&quot;action&quot;:&quot;https:\\\/\\\/moncompte.actu.fr&quot;,&quot;category&quot;:&quot;mon compte&quot;,&quot;from&quot;:&quot;article footer&quot;,&quot;name&quot;:&quot;Mon actu&quot;,&quot;type&quot;:&quot;cta&quot;}}\" target=\"_blank\">Mon Actu<\/a>.<\/p>\n","protected":false},"excerpt":{"rendered":"Par R\u00e9daction Actu Publi\u00e9 le 18 juin 2025 \u00e0 21h59 Rachida Dati a hauss\u00e9 la voix, et a&hellip;\n","protected":false},"author":2,"featured_media":187182,"comment_status":"","ping_status":"","sticky":false,"template":"","format":"standard","meta":{"footnotes":""},"categories":[1356],"tags":[58,59,1011,27,417,104,252,1364],"class_list":{"0":"post-187181","1":"post","2":"type-post","3":"status-publish","4":"format-standard","5":"has-post-thumbnail","7":"category-television","8":"tag-divertissement","9":"tag-entertainment","10":"tag-fr","11":"tag-france","12":"tag-rachida-dati","13":"tag-societe","14":"tag-television","15":"tag-tv"},"share_on_mastodon":{"url":"https:\/\/pubeurope.com\/@fr\/114707328145677061","error":""},"_links":{"self":[{"href":"https:\/\/www.europesays.com\/fr\/wp-json\/wp\/v2\/posts\/187181","targetHints":{"allow":["GET"]}}],"collection":[{"href":"https:\/\/www.europesays.com\/fr\/wp-json\/wp\/v2\/posts"}],"about":[{"href":"https:\/\/www.europesays.com\/fr\/wp-json\/wp\/v2\/types\/post"}],"author":[{"embeddable":true,"href":"https:\/\/www.europesays.com\/fr\/wp-json\/wp\/v2\/users\/2"}],"replies":[{"embeddable":true,"href":"https:\/\/www.europesays.com\/fr\/wp-json\/wp\/v2\/comments?post=187181"}],"version-history":[{"count":0,"href":"https:\/\/www.europesays.com\/fr\/wp-json\/wp\/v2\/posts\/187181\/revisions"}],"wp:featuredmedia":[{"embeddable":true,"href":"https:\/\/www.europesays.com\/fr\/wp-json\/wp\/v2\/media\/187182"}],"wp:attachment":[{"href":"https:\/\/www.europesays.com\/fr\/wp-json\/wp\/v2\/media?parent=187181"}],"wp:term":[{"taxonomy":"category","embeddable":true,"href":"https:\/\/www.europesays.com\/fr\/wp-json\/wp\/v2\/categories?post=187181"},{"taxonomy":"post_tag","embeddable":true,"href":"https:\/\/www.europesays.com\/fr\/wp-json\/wp\/v2\/tags?post=187181"}],"curies":[{"name":"wp","href":"https:\/\/api.w.org\/{rel}","templated":true}]}}