{"id":187187,"date":"2025-06-19T01:03:10","date_gmt":"2025-06-19T01:03:10","guid":{"rendered":"https:\/\/www.europesays.com\/fr\/187187\/"},"modified":"2025-06-19T01:03:10","modified_gmt":"2025-06-19T01:03:10","slug":"diagnostiquee-dun-cancer-une-jeune-femme-partage-ses-4-symptomes-ignores-pendant-huit-mois","status":"publish","type":"post","link":"https:\/\/www.europesays.com\/fr\/187187\/","title":{"rendered":"Diagnostiqu\u00e9e d\u2019un cancer, une jeune femme partage ses 4 sympt\u00f4mes \u00ab\u00a0ignor\u00e9s\u00a0\u00bb pendant huit mois"},"content":{"rendered":"<p>\u00ab\u00a0Non, mon m\u00e9decin g\u00e9n\u00e9raliste et moi ne sommes pas les meilleurs amis du monde\u00a0\u00bb a d\u00e9clar\u00e9 Hannah, une Britannique qui raconte son histoire trois ans plus tard, sur le<a data-i13n=\"cpos:1;pos:1\" href=\"https:\/\/www.tiktok.com\/@thattravelcouple?lang=fr\" rel=\"nofollow noopener\" target=\"_blank\" data-ylk=\"slk:compte de voyage;cpos:1;pos:1;elm:context_link;itc:0;sec:content-canvas\" class=\"link \"> compte de voyage<\/a> qu\u2019elle et son mari Charlie g\u00e8rent sur Tiktok.<\/p>\n<p>Victime de plusieurs sympt\u00f4mes ignor\u00e9s par les m\u00e9decins, la jeune femme a attendu durant 8 longs mois que l\u2019on pose son diagnostic, pour finalement d\u00e9couvrir une tumeur de stade 4.<\/p>\n<p>\u00ab\u00a0On m&rsquo;a renvoy\u00e9e chez moi avec des antibiotiques\u00a0\u00bb<\/p>\n<p>En 2021, et alors que son mari Charlie r\u00e9chappe tout juste d\u2019un arr\u00eat cardiaque, la jeune Anglaise consulte son m\u00e9decin et l\u2019informe de quatre sympt\u00f4mes qui l\u2019inqui\u00e8tent : une toux, des \u00e9ruption cutan\u00e9es sur tout le corps, une fatigue extr\u00eame et une perte de poids inexpliqu\u00e9e.<\/p>\n<blockquote class=\"caas-blockquote\">\n<p>\u00ab\u00a0J&rsquo;ai donc \u00e9t\u00e9 m\u00e9dicalement manipul\u00e9e pendant plus de huit mois, ce qui a conduit \u00e0 un diagnostic tardif de cancer de stade 4. \u00c7a m\u2019a presque co\u00fbt\u00e9 la vie, on m\u2019a renvoy\u00e9e chez moi avec des antibiotiques, on m&rsquo;a dit que je dramatisais (&#8230;) alors qu&rsquo;une tumeur de 12 cm \u00e9crasait mes poumons et mon c\u0153ur\u00a0\u00bb.<\/p>\n<\/blockquote>\n<p>On suspecte \u00e0 tort une crise cardiaque ou des douleurs menstruelles<\/p>\n<p>Son pharmacien lui donne du parac\u00e9tamol, son m\u00e9decin n\u00e9glige les sympt\u00f4mes qui s\u2019aggravent. L\u2019hiver suivant, Hannah part skier et attrape une pneumonie parce que la tumeur \u00ab\u00a0poussait sur [sa] poitrine\u00a0\u00bb. Les douleurs thoraciques deviennent \u00ab\u00a0insupportables\u00a0\u00bb, et Hannah se retrouve aux urgences avec une suspicion de crise cardiaque. Une r\u00e9ceptionniste lui suspecte d\u2019avoir des \u00ab\u00a0douleurs menstruelles\u00a0\u00bb, une r\u00e9action \u00ab\u00a0misogyne\u00a0\u00bb selon Hannah.<\/p>\n<p>Finalement, une infirmi\u00e8re \u00ab\u00a0incroyable\u00a0\u00bb la rep\u00e8re en salle d&rsquo;attente et la fait examiner en toute h\u00e2te. La jeune femme passe un scanner et apprend qu\u2019elle souffre d\u2019une septic\u00e9mie et d\u2019une tumeur de stade 4 qui s\u2019\u00e9tend sur sa colonne vert\u00e9brale. S\u2019ensuivent huit mois de chimioth\u00e9rapie avant qu&rsquo;Hannah ne soit en r\u00e9mission. Aujourd\u2019hui, en racontant son histoire, la patiente insiste sur le fait \u00ab\u00a0d\u2019obtenir des r\u00e9ponses\u00a0\u00bb de la part des m\u00e9decins, en cas de doute.<\/p>\n<p><script async src=\"\/\/www.tiktok.com\/embed.js\"><\/script><\/p>\n","protected":false},"excerpt":{"rendered":"\u00ab\u00a0Non, mon m\u00e9decin g\u00e9n\u00e9raliste et moi ne sommes pas les meilleurs amis du monde\u00a0\u00bb a d\u00e9clar\u00e9 Hannah, une&hellip;\n","protected":false},"author":2,"featured_media":187188,"comment_status":"","ping_status":"","sticky":false,"template":"","format":"standard","meta":{"footnotes":""},"categories":[10],"tags":[1011,27,32490,72,71,32491],"class_list":{"0":"post-187187","1":"post","2":"type-post","3":"status-publish","4":"format-standard","5":"has-post-thumbnail","7":"category-sante","8":"tag-fr","9":"tag-france","10":"tag-hannah","11":"tag-health","12":"tag-sante","13":"tag-stade-4"},"share_on_mastodon":{"url":"https:\/\/pubeurope.com\/@fr\/114707340361057233","error":""},"_links":{"self":[{"href":"https:\/\/www.europesays.com\/fr\/wp-json\/wp\/v2\/posts\/187187","targetHints":{"allow":["GET"]}}],"collection":[{"href":"https:\/\/www.europesays.com\/fr\/wp-json\/wp\/v2\/posts"}],"about":[{"href":"https:\/\/www.europesays.com\/fr\/wp-json\/wp\/v2\/types\/post"}],"author":[{"embeddable":true,"href":"https:\/\/www.europesays.com\/fr\/wp-json\/wp\/v2\/users\/2"}],"replies":[{"embeddable":true,"href":"https:\/\/www.europesays.com\/fr\/wp-json\/wp\/v2\/comments?post=187187"}],"version-history":[{"count":0,"href":"https:\/\/www.europesays.com\/fr\/wp-json\/wp\/v2\/posts\/187187\/revisions"}],"wp:featuredmedia":[{"embeddable":true,"href":"https:\/\/www.europesays.com\/fr\/wp-json\/wp\/v2\/media\/187188"}],"wp:attachment":[{"href":"https:\/\/www.europesays.com\/fr\/wp-json\/wp\/v2\/media?parent=187187"}],"wp:term":[{"taxonomy":"category","embeddable":true,"href":"https:\/\/www.europesays.com\/fr\/wp-json\/wp\/v2\/categories?post=187187"},{"taxonomy":"post_tag","embeddable":true,"href":"https:\/\/www.europesays.com\/fr\/wp-json\/wp\/v2\/tags?post=187187"}],"curies":[{"name":"wp","href":"https:\/\/api.w.org\/{rel}","templated":true}]}}