{"id":187191,"date":"2025-06-19T01:05:10","date_gmt":"2025-06-19T01:05:10","guid":{"rendered":"https:\/\/www.europesays.com\/fr\/187191\/"},"modified":"2025-06-19T01:05:10","modified_gmt":"2025-06-19T01:05:10","slug":"comment-serena-williams-a-aide-meghan-markle","status":"publish","type":"post","link":"https:\/\/www.europesays.com\/fr\/187191\/","title":{"rendered":"comment Serena Williams a aid\u00e9 Meghan Markle"},"content":{"rendered":"<p>Dans un \u00e9pisode du podcast de la femme d\u2019affaires Emma Grede, publi\u00e9 ce mardi 17 juin, la duchesse de Sussex a d\u00e9voil\u00e9 le conseil donn\u00e9 par son amie championne de tennis pour bien supporter la c\u00e9l\u00e9brit\u00e9.<\/p>\n<p class=\"fig-paragraph\">Depuis le d\u00e9but de son histoire avec le cadet du roi Charles III, en 2016, ses moindres faits et gestes sont scrut\u00e9s, analys\u00e9s, jug\u00e9s. Est-ce digne d\u2019une duchesse\u00a0? Est-ce honorable, louable, respectable\u00a0? Ses faits et gestes, ses prises de parole, son apparence ou encore ses choix de vie sont r\u00e9guli\u00e8rement comment\u00e9s, interpr\u00e9t\u00e9s, et parfois compl\u00e8tement d\u00e9form\u00e9s, ce qui a fa\u00e7onn\u00e9 une image publique souvent \u00e9loign\u00e9e de la r\u00e9alit\u00e9. Face \u00e0 ce flot incessant de d\u00e9sinformation, la duchesse de Sussex a pu compter sur le soutien de proches, dont son amie Serena Williams. \u00abMa ch\u00e8re amie Serena m\u2019a dit il y a des ann\u00e9es\u00a0: un mensonge ne peut pas vivre \u00e9ternellement\u00bb, confie Meghan dans le 17e \u00e9pisode du podcast Aspire with Emma Grede anim\u00e9 par la PDG de la marque Good American.<\/p>\n<p class=\"fig-paragraph\">Plus loin dans le podcast, lorsque l\u2019animatrice lui demande comment elle \u00abr\u00e9\u00e9crirait\u00a0\u00bb l\u2019histoire m\u00e9diatique qui a fa\u00e7onn\u00e9 son image, Meghan r\u00e9pond sans h\u00e9siter\u00a0: \u00abJe demanderais aux gens de dire la v\u00e9rit\u00e9.\u00bb Ce \u00e0 quoi l\u2019animatrice r\u00e9agit\u00a0: \u00abJe serais tellement en col\u00e8re si j\u2019avais l\u2019impression que tout le monde mentait \u00e0 mon sujet tout le temps.\u00bb La duchesse de Sussex admet alors avoir entam\u00e9 un v\u00e9ritable travail personnel pour faire face \u00e0 cette pression, reconnaissant qu\u2019il y a \u00abdes hauts et des bas\u00bb \u00e0 \u00eatre une personnalit\u00e9 publique.<\/p>\n<p>Une amiti\u00e9 d\u2019antan<\/p>\n<p class=\"fig-paragraph\">L\u2019amiti\u00e9 entre Serena Williams et Meghan Markle dure maintenant depuis plus de dix ans. La star de tennis avait d\u2019ailleurs \u00e9t\u00e9 invit\u00e9e au mariage du duc et de la duchesse en mai 2018. \u00abVous savez, je connais Meghan depuis des ann\u00e9es, donc c\u2019\u00e9tait bien de voir mon amie heureuse\u00bb, confiait Serena Williams dans les colonnes de<a href=\"https:\/\/anneofcarversville.com\/daily\/2018\/6\/27\/serena-williams-covers-instyle-magazines-august-2018\" target=\"_blank\" rel=\"nofollow noopener\" data-gtm-custom-categorie=\"navigation\" data-gtm-custom-action=\"crossclick\" data-gtm-custom-label=\"Contextuel\" data-gtm-event=\"customEventSPE\">\u00a0InStyle<\/a> \u00a0en juin 2018 apr\u00e8s le mariage. La sportive avait \u00e9galement organis\u00e9 une babyshower \u00e0 New York pour son amie alors enceinte de son premier enfant.\u00a0<\/p>\n<p class=\"fig-paragraph\">Dans le podcast, Meghan Markle est aussi revenue sur une vid\u00e9o post\u00e9e le 4 juin dernier sur Instagram, \u00e0 l\u2019occasion des 4 ans de sa fille. On y voit la duchesse enceinte, v\u00eatue d\u2019une robe noire, danser dans une chambre d\u2019h\u00f4pital aux c\u00f4t\u00e9s de son mari, sur la chanson Baby Mama Dance de Mic Drop Mama (2021). La vid\u00e9o avait suscit\u00e9 de nombreuses critiques. Certains l\u2019accusaient d\u2019en faire trop, tandis que d\u2019autres parlaient m\u00eame d\u2019un faux ventre, alimentant ainsi les rumeurs de maternit\u00e9 de substitution. Des bruits de couloir loin d\u2019atteindre la duchesse de Sussex. \u00abIl faut \u00eatre authentique\u00bb confie-t-elle lors de son \u00e9change avec Emma Gredesco, pr\u00e9f\u00e9rant une publication d\u2019un moment de joie spontan\u00e9 en r\u00e9ponse aux rumeurs et fausses informations circulant \u00e0 son sujet.<\/p>\n","protected":false},"excerpt":{"rendered":"Dans un \u00e9pisode du podcast de la femme d\u2019affaires Emma Grede, publi\u00e9 ce mardi 17 juin, la duchesse&hellip;\n","protected":false},"author":2,"featured_media":187192,"comment_status":"","ping_status":"","sticky":false,"template":"","format":"standard","meta":{"footnotes":""},"categories":[8],"tags":[976,972,58,59,638,1011,27,977,32492,908,973,975,267,974],"class_list":{"0":"post-187191","1":"post","2":"type-post","3":"status-publish","4":"format-standard","5":"has-post-thumbnail","7":"category-divertissement","8":"tag-actu-people","9":"tag-celebrite","10":"tag-divertissement","11":"tag-entertainment","12":"tag-figaro","13":"tag-fr","14":"tag-france","15":"tag-madame","16":"tag-mariage-de-meghan-markle-et-du-prince-harry","17":"tag-meghan-markle","18":"tag-people","19":"tag-potain-de-stars","20":"tag-prince-harry","21":"tag-star"},"share_on_mastodon":{"url":"https:\/\/pubeurope.com\/@fr\/114707347809651940","error":""},"_links":{"self":[{"href":"https:\/\/www.europesays.com\/fr\/wp-json\/wp\/v2\/posts\/187191","targetHints":{"allow":["GET"]}}],"collection":[{"href":"https:\/\/www.europesays.com\/fr\/wp-json\/wp\/v2\/posts"}],"about":[{"href":"https:\/\/www.europesays.com\/fr\/wp-json\/wp\/v2\/types\/post"}],"author":[{"embeddable":true,"href":"https:\/\/www.europesays.com\/fr\/wp-json\/wp\/v2\/users\/2"}],"replies":[{"embeddable":true,"href":"https:\/\/www.europesays.com\/fr\/wp-json\/wp\/v2\/comments?post=187191"}],"version-history":[{"count":0,"href":"https:\/\/www.europesays.com\/fr\/wp-json\/wp\/v2\/posts\/187191\/revisions"}],"wp:featuredmedia":[{"embeddable":true,"href":"https:\/\/www.europesays.com\/fr\/wp-json\/wp\/v2\/media\/187192"}],"wp:attachment":[{"href":"https:\/\/www.europesays.com\/fr\/wp-json\/wp\/v2\/media?parent=187191"}],"wp:term":[{"taxonomy":"category","embeddable":true,"href":"https:\/\/www.europesays.com\/fr\/wp-json\/wp\/v2\/categories?post=187191"},{"taxonomy":"post_tag","embeddable":true,"href":"https:\/\/www.europesays.com\/fr\/wp-json\/wp\/v2\/tags?post=187191"}],"curies":[{"name":"wp","href":"https:\/\/api.w.org\/{rel}","templated":true}]}}