{"id":187197,"date":"2025-06-19T01:08:13","date_gmt":"2025-06-19T01:08:13","guid":{"rendered":"https:\/\/www.europesays.com\/fr\/187197\/"},"modified":"2025-06-19T01:08:13","modified_gmt":"2025-06-19T01:08:13","slug":"il-est-clair-que-donald-trump-a-lambition-de-creer-une-dictature-liberation","status":"publish","type":"post","link":"https:\/\/www.europesays.com\/fr\/187197\/","title":{"rendered":"\u00abIl est clair que Donald Trump a l\u2019ambition de cr\u00e9er une dictature\u00bb \u2013 Lib\u00e9ration"},"content":{"rendered":"<p class=\"sc-ksZaOG ehjQrN text-element\">Kim Lane Scheppele, professeure de sociologie politique \u00e0 l\u2019universit\u00e9 de Princeton et sp\u00e9cialiste du d\u00e9clin d\u00e9mocratique, auteur de Autocratic Legalism (The University of Chicago Law Review), elle \u00e9tudie comment les leaders autocrates consolident leur pouvoir en d\u00e9mantelant par la loi les syst\u00e8mes constitutionnels. Elle analyse le d\u00e9but du second mandat de Donald Trump, sa r\u00e9cente d\u00e9cision de <a href=\"https:\/\/www.liberation.fr\/checknews\/incidents-a-los-angeles-trump-se-felicite-de-laction-de-la-garde-nationale-qui-nest-pas-encore-deployee-20250608_ASKHO5KEU5FKVGDCOZIEMC7A6Y\/\" target=\"_blank\" rel=\"noreferrer noopener\" title=\"https:\/\/www.liberation.fr\/checknews\/incidents-a-los-angeles-trump-se-felicite-de-laction-de-la-garde-nationale-qui-nest-pas-encore-deployee-20250608_ASKHO5KEU5FKVGDCOZIEMC7A6Y\/\">d\u00e9ployer la garde nationale et l\u2019arm\u00e9e \u00e0 Los Angeles<\/a>, et l\u2019affaiblissement des contre-pouvoirs face \u00e0 la d\u00e9rive \u00abdictatoriale\u00bb de la Maison Blanche.<\/p>\n<p class=\"sc-ksZaOG ehjQrN text-element\"><b>Trump a d\u00e9ploy\u00e9 la garde nationale et des marines<\/b><b> <\/b><b>\u00e0 Los Angeles apr\u00e8s des manifestations parfois violentes contre les arrestations men\u00e9es par sa police migratoire. Comment analysez-vous cette s\u00e9quence ?<\/b><\/p>\n<p class=\"sc-ksZaOG ehjQrN text-element\">Ce qui se passe depuis dix jours constitue une grave escalade de ce qui \u00e9tait d\u00e9j\u00e0 une situation tr\u00e8s pr\u00e9occupante. <a href=\"https:\/\/www.liberation.fr\/international\/amerique\/aux-etats-unis-du-trump-a-letat-pire-20250429_5WPNOAVIYZDABCAE6IB4RLJRFM\/\" target=\"_blank\" rel=\"noopener\" title=\"https:\/\/www.liberation&lt;\/p&gt;&lt;\/div&gt;&lt;\/article&gt;&lt;\/div&gt;&lt;div data-fusion-lazy-id=\" f0f8vgvlad832fw=\"\"><\/p>\n","protected":false},"excerpt":{"rendered":"Kim Lane Scheppele, professeure de sociologie politique \u00e0 l\u2019universit\u00e9 de Princeton et sp\u00e9cialiste du d\u00e9clin d\u00e9mocratique, auteur de&hellip;\n","protected":false},"author":2,"featured_media":187198,"comment_status":"","ping_status":"","sticky":false,"template":"","format":"standard","meta":{"footnotes":""},"categories":[5],"tags":[11,23964,7756,75,73,1011,27,14,12,28],"class_list":{"0":"post-187197","1":"post","2":"type-post","3":"status-publish","4":"format-standard","5":"has-post-thumbnail","7":"category-international","8":"tag-actualites","9":"tag-congres-americain","10":"tag-democratie","11":"tag-donald-trump","12":"tag-etats-unis","13":"tag-fr","14":"tag-france","15":"tag-international","16":"tag-news","17":"tag-world"},"share_on_mastodon":{"url":"https:\/\/pubeurope.com\/@fr\/114707359584122277","error":""},"_links":{"self":[{"href":"https:\/\/www.europesays.com\/fr\/wp-json\/wp\/v2\/posts\/187197","targetHints":{"allow":["GET"]}}],"collection":[{"href":"https:\/\/www.europesays.com\/fr\/wp-json\/wp\/v2\/posts"}],"about":[{"href":"https:\/\/www.europesays.com\/fr\/wp-json\/wp\/v2\/types\/post"}],"author":[{"embeddable":true,"href":"https:\/\/www.europesays.com\/fr\/wp-json\/wp\/v2\/users\/2"}],"replies":[{"embeddable":true,"href":"https:\/\/www.europesays.com\/fr\/wp-json\/wp\/v2\/comments?post=187197"}],"version-history":[{"count":0,"href":"https:\/\/www.europesays.com\/fr\/wp-json\/wp\/v2\/posts\/187197\/revisions"}],"wp:featuredmedia":[{"embeddable":true,"href":"https:\/\/www.europesays.com\/fr\/wp-json\/wp\/v2\/media\/187198"}],"wp:attachment":[{"href":"https:\/\/www.europesays.com\/fr\/wp-json\/wp\/v2\/media?parent=187197"}],"wp:term":[{"taxonomy":"category","embeddable":true,"href":"https:\/\/www.europesays.com\/fr\/wp-json\/wp\/v2\/categories?post=187197"},{"taxonomy":"post_tag","embeddable":true,"href":"https:\/\/www.europesays.com\/fr\/wp-json\/wp\/v2\/tags?post=187197"}],"curies":[{"name":"wp","href":"https:\/\/api.w.org\/{rel}","templated":true}]}}