{"id":187214,"date":"2025-06-19T01:17:23","date_gmt":"2025-06-19T01:17:23","guid":{"rendered":"https:\/\/www.europesays.com\/fr\/187214\/"},"modified":"2025-06-19T01:17:23","modified_gmt":"2025-06-19T01:17:23","slug":"une-mere-de-famille-prend-en-chasse-lhomme-qui-vient-de-voler-son-sac","status":"publish","type":"post","link":"https:\/\/www.europesays.com\/fr\/187214\/","title":{"rendered":"une m\u00e8re de famille prend en chasse l\u2019homme qui vient de voler son sac"},"content":{"rendered":"<p>            Par<br \/>\n        <strong><br \/>\n            <a href=\"https:\/\/actu.fr\/auteur\/lea-pippinato\" title=\"Consulter tous les articles de L\u00e9a Pippinato\" rel=\"nofollow noopener\" target=\"_blank\">L\u00e9a Pippinato<\/a><br \/>\n        <\/strong><\/p>\n<p>        Publi\u00e9 le<\/p>\n<p>            18 juin 2025 \u00e0 11h33        <\/p>\n<p>Il faisait encore jour<strong> ce vendredi 13 juin 2025<\/strong> \u00e0 <strong>Montpellier<\/strong>, lorsqu\u2019<strong>une m\u00e8re de famille, son amie et leurs enfants<\/strong> d\u00e9cident de profiter de la douceur du soir pour se balader au <strong>parc Montcalm<\/strong>. Elles garent leur voiture pr\u00e8s de l\u2019entr\u00e9e et partent avec les enfants. Une sortie tranquille, presque anodine.<\/p>\n<p>    <a href=\"https:\/\/www.google.com\/maps\/embed?pb=!1m18!1m12!1m3!1d23106.58304337111!2d3.8757218000000004!3d43.6206383!2m3!1f0!2f0!3f0!3m2!1i1024!2i768!4f13.1!3m3!1m2!1s0x12b6ae4e14d09c27%3A0x808b0e1f03ef44b9!2sParc%20Montcalm!5e0!3m2!1sfr!2sfr!4v1750231238000!5m2!1sfr!2sfr\" title=\"Ouvrie le lien\" rel=\"nofollow noopener\" target=\"_blank\">Cliquez ici pour visualiser le contenu<\/a><\/p>\n<p class=\" wall-content\">Mais \u00e0 leur retour, entre 21h30 et 22h, le calme laisse place \u00e0 la sid\u00e9ration. L\u2019une des femmes aper\u00e7oit un individu en train de fouiller dans le coffre de son v\u00e9hicule. Une vitre a \u00e9t\u00e9 bris\u00e9e. Le voleur vient de s\u2019emparer d\u2019une paire de lunettes de soleil et de son sac \u00e0 main. La conductrice r\u00e9agit sans attendre. Elle se lance \u00e0 la poursuite de l\u2019individu, rejointe par son amie et l\u2019un des enfants. La sc\u00e8ne se d\u00e9roule tout pr\u00e8s de l\u2019entr\u00e9e du parc. Le voleur tente de fuir, mais se retrouve accul\u00e9 contre un grillage. Alors qu\u2019il se retrouve coinc\u00e9, il jette le sac \u00e0 main vol\u00e9 en direction de sa propri\u00e9taire. Mais au lieu de se rendre, il sort une arme. Il la braque sur la victime et lui ordonne de s\u2019\u00e9loigner. Sous la menace, les t\u00e9moins reculent, et l\u2019homme parvient alors \u00e0 s\u2019\u00e9chapper.<\/p>\n<p>Une enqu\u00eate rapide et efficace<\/p>\n<p class=\" wall-content\">D\u00e8s le lendemain, la victime se rend au commissariat pour d\u00e9poser plainte. Elle fournit aux policiers un signalement tr\u00e8s pr\u00e9cis de son agresseur.\u00a0En moins de 24 heures, les policiers nationaux identifient un homme correspondant \u00e0 la description. Ils le localisent dans un campement de fortune, toujours \u00e0 Montpellier. L\u2019individu, \u00e2g\u00e9 d\u2019environ 40 ans, est interpell\u00e9 sur place. La victime le reconna\u00eet formellement. L\u2019homme passe aux aveux sans tarder. L\u2019arme utilis\u00e9e ? Un simple pistolet \u00e0 eau. Un d\u00e9tail qui n\u2019efface en rien la peur ressentie.<\/p>\n<p class=\" wall-content\"><strong>Ce lundi 16 juin<\/strong>, Le pr\u00e9venu est pr\u00e9sent\u00e9 en comparution imm\u00e9diate devant le tribunal correctionnel de Montpellier. Il est reconnu coupable. Le tribunal le condamne \u00e0 un an de prison avec sursis probatoire. La peine est assortie de plusieurs obligations : il devra travailler, suivre un traitement si n\u00e9cessaire, rembourser ses dettes au Tr\u00e9sor public, et n\u2019aura plus le droit de d\u00e9tenir ni de porter une arme pendant cinq ans.<\/p>\n<p>Vid\u00e9os : en ce moment sur Actu<\/p>\n<p class=\" wall-content\">Suivez toute l\u2019actualit\u00e9 de vos villes et m\u00e9dias favoris en vous inscrivant \u00e0 <a href=\"https:\/\/moncompte.actu.fr\" title=\"D\u00e9couvez Mon Actu\" rel=\"nofollow noopener\" data-trk=\"{&quot;cta&quot;:{&quot;action&quot;:&quot;https:\\\/\\\/moncompte.actu.fr&quot;,&quot;category&quot;:&quot;mon compte&quot;,&quot;from&quot;:&quot;article footer&quot;,&quot;name&quot;:&quot;Mon actu&quot;,&quot;type&quot;:&quot;cta&quot;}}\" target=\"_blank\">Mon Actu<\/a>.<\/p>\n","protected":false},"excerpt":{"rendered":"Par L\u00e9a Pippinato Publi\u00e9 le 18 juin 2025 \u00e0 11h33 Il faisait encore jour ce vendredi 13 juin&hellip;\n","protected":false},"author":2,"featured_media":187215,"comment_status":"","ping_status":"","sticky":false,"template":"","format":"standard","meta":{"footnotes":""},"categories":[9599],"tags":[1111,11,1777,674,118,652,1011,27,2208,12,2680,1072,25,7501],"class_list":{"0":"post-187214","1":"post","2":"type-post","3":"status-publish","4":"format-standard","5":"has-post-thumbnail","7":"category-montpellier","8":"tag-actu","9":"tag-actualites","10":"tag-eu","11":"tag-europe","12":"tag-faits-divers","13":"tag-famille","14":"tag-fr","15":"tag-france","16":"tag-montpellier","17":"tag-news","18":"tag-occitanie","19":"tag-police","20":"tag-republique-francaise","21":"tag-violences-urbaines"},"share_on_mastodon":{"url":"https:\/\/pubeurope.com\/@fr\/114707395022748728","error":""},"_links":{"self":[{"href":"https:\/\/www.europesays.com\/fr\/wp-json\/wp\/v2\/posts\/187214","targetHints":{"allow":["GET"]}}],"collection":[{"href":"https:\/\/www.europesays.com\/fr\/wp-json\/wp\/v2\/posts"}],"about":[{"href":"https:\/\/www.europesays.com\/fr\/wp-json\/wp\/v2\/types\/post"}],"author":[{"embeddable":true,"href":"https:\/\/www.europesays.com\/fr\/wp-json\/wp\/v2\/users\/2"}],"replies":[{"embeddable":true,"href":"https:\/\/www.europesays.com\/fr\/wp-json\/wp\/v2\/comments?post=187214"}],"version-history":[{"count":0,"href":"https:\/\/www.europesays.com\/fr\/wp-json\/wp\/v2\/posts\/187214\/revisions"}],"wp:featuredmedia":[{"embeddable":true,"href":"https:\/\/www.europesays.com\/fr\/wp-json\/wp\/v2\/media\/187215"}],"wp:attachment":[{"href":"https:\/\/www.europesays.com\/fr\/wp-json\/wp\/v2\/media?parent=187214"}],"wp:term":[{"taxonomy":"category","embeddable":true,"href":"https:\/\/www.europesays.com\/fr\/wp-json\/wp\/v2\/categories?post=187214"},{"taxonomy":"post_tag","embeddable":true,"href":"https:\/\/www.europesays.com\/fr\/wp-json\/wp\/v2\/tags?post=187214"}],"curies":[{"name":"wp","href":"https:\/\/api.w.org\/{rel}","templated":true}]}}