{"id":187216,"date":"2025-06-19T01:18:18","date_gmt":"2025-06-19T01:18:18","guid":{"rendered":"https:\/\/www.europesays.com\/fr\/187216\/"},"modified":"2025-06-19T01:18:18","modified_gmt":"2025-06-19T01:18:18","slug":"un-homme-alcoolise-incendie-une-poubelle-en-pleine-nuit","status":"publish","type":"post","link":"https:\/\/www.europesays.com\/fr\/187216\/","title":{"rendered":"un homme alcoolis\u00e9 incendie une poubelle en pleine nuit"},"content":{"rendered":"<p>            Par<br \/>\n        <strong><br \/>\n            <a href=\"https:\/\/actu.fr\/auteur\/lea-pippinato\" title=\"Consulter tous les articles de L\u00e9a Pippinato\" target=\"_blank\" rel=\"noopener\">L\u00e9a Pippinato<\/a><br \/>\n        <\/strong><\/p>\n<p>        Publi\u00e9 le<\/p>\n<p>            18 juin 2025 \u00e0 13h58        <\/p>\n<p>Dans la nuit de ce lundi 16 \u00e0 ce mardi 17 juin 2025, vers 00h20, <strong>un t\u00e9moin<\/strong> appelle <strong>la police nationale<\/strong>. Il se trouve rue de l\u2019Abrivado, pr\u00e8s de <strong>l\u2019arr\u00eat de tramway Restanque<\/strong>, \u00e0 <strong>Montpellier<\/strong>. Il affirme avoir vu <strong>un individu mettre le feu \u00e0 un container poubelle<\/strong>. Les agents arrivent rapidement. Sur place, ils constatent que le container est en feu. Le vent et la chaleur contribuent \u00e0 <strong>la propagation des flammes<\/strong> vers un petit terrain situ\u00e9 juste \u00e0 c\u00f4t\u00e9.<\/p>\n<p>    <a href=\"https:\/\/www.google.com\/maps\/embed?pb=!1m18!1m12!1m3!1d23106.580871956678!2d3.874449!3d43.62064395!2m3!1f0!2f0!3f0!3m2!1i1024!2i768!4f13.1!3m3!1m2!1s0x12b6afeb18e70145%3A0x3e091d7fa0a25efb!2sRue%20de%20l%27Abrivado%2C%2034000%20Montpellier!5e0!3m2!1sfr!2sfr!4v1750231959394!5m2!1sfr!2sfr\" title=\"Ouvrie le lien\" target=\"_blank\" rel=\"noopener\">Cliquez ici pour visualiser le contenu<\/a><\/p>\n<p class=\" wall-content\">Les sapeurs-pompiers interviennent aussit\u00f4t. Ils parviennent \u00e0 \u00e9teindre l\u2019incendie avant qu\u2019il ne cause plus de d\u00e9g\u00e2ts. Le feu est contenu au niveau du container et du terrain attenant. Aucun bless\u00e9 n\u2019est signal\u00e9.<\/p>\n<p>L\u2019auteur pr\u00e9sum\u00e9 interpell\u00e9 sur place<\/p>\n<p class=\" wall-content\">L\u2019homme soup\u00e7onn\u00e9 d\u2019avoir d\u00e9clench\u00e9 le feu est toujours pr\u00e9sent sur les lieux. Les policiers l\u2019interpellent et il est visiblement alcoolis\u00e9. Les v\u00e9rifications confirment un taux de 1,6 gramme d\u2019alcool par litre de sang. Il est plac\u00e9 en garde \u00e0 vue dans la foul\u00e9e. L\u2019incendiaire fait l\u2019objet d\u2019une COPJ (convocation par officier de police judiciaire), et devra r\u00e9pondre de ses actes devant le tribunal judiciaire de Montpellier <strong>le 25 septembre<\/strong>.<\/p>\n<p class=\" wall-content\">Suivez toute l\u2019actualit\u00e9 de vos villes et m\u00e9dias favoris en vous inscrivant \u00e0 <a href=\"https:\/\/moncompte.actu.fr\" title=\"D\u00e9couvez Mon Actu\" rel=\"nofollow noopener\" data-trk=\"{&quot;cta&quot;:{&quot;action&quot;:&quot;https:\\\/\\\/moncompte.actu.fr&quot;,&quot;category&quot;:&quot;mon compte&quot;,&quot;from&quot;:&quot;article footer&quot;,&quot;name&quot;:&quot;Mon actu&quot;,&quot;type&quot;:&quot;cta&quot;}}\" target=\"_blank\">Mon Actu<\/a>.<\/p>\n","protected":false},"excerpt":{"rendered":"Par L\u00e9a Pippinato Publi\u00e9 le 18 juin 2025 \u00e0 13h58 Dans la nuit de ce lundi 16 \u00e0&hellip;\n","protected":false},"author":2,"featured_media":187217,"comment_status":"","ping_status":"","sticky":false,"template":"","format":"standard","meta":{"footnotes":""},"categories":[9599],"tags":[1111,11,5702,1777,674,118,1011,27,1310,2208,12,2680,1072,25],"class_list":{"0":"post-187216","1":"post","2":"type-post","3":"status-publish","4":"format-standard","5":"has-post-thumbnail","7":"category-montpellier","8":"tag-actu","9":"tag-actualites","10":"tag-alcool","11":"tag-eu","12":"tag-europe","13":"tag-faits-divers","14":"tag-fr","15":"tag-france","16":"tag-incendie","17":"tag-montpellier","18":"tag-news","19":"tag-occitanie","20":"tag-police","21":"tag-republique-francaise"},"share_on_mastodon":{"url":"https:\/\/pubeurope.com\/@fr\/114707399000234462","error":""},"_links":{"self":[{"href":"https:\/\/www.europesays.com\/fr\/wp-json\/wp\/v2\/posts\/187216","targetHints":{"allow":["GET"]}}],"collection":[{"href":"https:\/\/www.europesays.com\/fr\/wp-json\/wp\/v2\/posts"}],"about":[{"href":"https:\/\/www.europesays.com\/fr\/wp-json\/wp\/v2\/types\/post"}],"author":[{"embeddable":true,"href":"https:\/\/www.europesays.com\/fr\/wp-json\/wp\/v2\/users\/2"}],"replies":[{"embeddable":true,"href":"https:\/\/www.europesays.com\/fr\/wp-json\/wp\/v2\/comments?post=187216"}],"version-history":[{"count":0,"href":"https:\/\/www.europesays.com\/fr\/wp-json\/wp\/v2\/posts\/187216\/revisions"}],"wp:featuredmedia":[{"embeddable":true,"href":"https:\/\/www.europesays.com\/fr\/wp-json\/wp\/v2\/media\/187217"}],"wp:attachment":[{"href":"https:\/\/www.europesays.com\/fr\/wp-json\/wp\/v2\/media?parent=187216"}],"wp:term":[{"taxonomy":"category","embeddable":true,"href":"https:\/\/www.europesays.com\/fr\/wp-json\/wp\/v2\/categories?post=187216"},{"taxonomy":"post_tag","embeddable":true,"href":"https:\/\/www.europesays.com\/fr\/wp-json\/wp\/v2\/tags?post=187216"}],"curies":[{"name":"wp","href":"https:\/\/api.w.org\/{rel}","templated":true}]}}