{"id":187228,"date":"2025-06-19T01:27:12","date_gmt":"2025-06-19T01:27:12","guid":{"rendered":"https:\/\/www.europesays.com\/fr\/187228\/"},"modified":"2025-06-19T01:27:12","modified_gmt":"2025-06-19T01:27:12","slug":"il-vole-un-gendarme-dans-un-train-entre-paris-et-nice","status":"publish","type":"post","link":"https:\/\/www.europesays.com\/fr\/187228\/","title":{"rendered":"Il vole un gendarme dans un train entre Paris et Nice"},"content":{"rendered":"<p>Mauvaise pioche pour ce pr\u00e9venu. Le tribunal correctionnel de Nice a jug\u00e9 un homme de 32 ans, sans domicile fixe, suspect\u00e9 d\u2019avoir d\u00e9rob\u00e9 la sacoche d\u2019un gendarme \u00e0 bord d\u2019un train Paris-Nice, le 6 juin. La victime s\u2019est absent\u00e9e quelques instants pour se rendre aux toilettes. \u00c0 son retour, sa sacoche, accroch\u00e9e \u00e0 la poign\u00e9e de sa valise, a disparu. Un t\u00e9moin, qui n\u2019est autre qu\u2019un policier, a aper\u00e7u peu apr\u00e8s le vol, un homme marchant \u00e0 vive allure dans l\u2019all\u00e9e en possession d\u2019une sacoche pouvant \u00eatre celle qui venait d\u2019\u00eatre d\u00e9rob\u00e9e. Le trentenaire est finalement interpell\u00e9 en gare de Nice, calmement assis dans le train. La sacoche est retrouv\u00e9e dissimul\u00e9e entre deux bagages non loin de lui.<\/p>\n<p>\u00ab\u00a0Je n\u2019ai jamais rien vol\u00e9\u00a0\u00bb<\/p>\n<p>L\u2019homme nie cat\u00e9goriquement ce qui lui est reproch\u00e9. Et persiste \u00e0 l\u2019audience: \u00ab\u00a0Je n\u2019ai pas vol\u00e9 cette sacoche, je n\u2019ai jamais rien vol\u00e9. Seulement une fois dans un supermarch\u00e9 quand je suis arriv\u00e9 en France, parce que j\u2019avais faim.\u00a0\u00bb<\/p>\n<p>La procureure se montre cinglante dans ses r\u00e9quisitions: \u00ab\u00a0\u00c0 l\u2019entendre, on l\u2019aurait interpell\u00e9 \u00e0 tort. Mais il a simplement manqu\u00e9 de chance. Il a vol\u00e9 un gendarme et a \u00e9t\u00e9 rep\u00e9r\u00e9 par un policier.\u00a0\u00bb Maud Marty rappelle que le pr\u00e9venu utilise plusieurs identit\u00e9s et qu\u2019il est en situation irr\u00e9guli\u00e8re. \u00ab\u00a0Il a, a minima, d\u00fb s\u2019expliquer pour plusieurs faits de vols\u00a0\u00bb, pr\u00e9cise-t-elle, avant de requ\u00e9rir cinq mois de prison ferme, avec maintien en d\u00e9tention, assortis d\u2019une interdiction du territoire fran\u00e7ais pour cinq ans.<\/p>\n<p>Le tribunal se montrera plus indulgent \u00e0 l\u2019\u00e9gard de cet homme au casier judiciaire vierge, en le condamnant \u00e0 cinq mois avec sursis, mais tout en suivant l\u2019interdiction du territoire, ainsi que sa dur\u00e9e.<\/p>\n","protected":false},"excerpt":{"rendered":"Mauvaise pioche pour ce pr\u00e9venu. Le tribunal correctionnel de Nice a jug\u00e9 un homme de 32 ans, sans&hellip;\n","protected":false},"author":2,"featured_media":187229,"comment_status":"","ping_status":"","sticky":false,"template":"","format":"standard","meta":{"footnotes":""},"categories":[2819],"tags":[1111,11,1777,674,1011,27,303,12,2401,882,25],"class_list":{"0":"post-187228","1":"post","2":"type-post","3":"status-publish","4":"format-standard","5":"has-post-thumbnail","7":"category-nice","8":"tag-actu","9":"tag-actualites","10":"tag-eu","11":"tag-europe","12":"tag-fr","13":"tag-france","14":"tag-justice","15":"tag-news","16":"tag-nice","17":"tag-provence-alpes-cote-dazur","18":"tag-republique-francaise"},"share_on_mastodon":{"url":"https:\/\/pubeurope.com\/@fr\/114707434306562937","error":""},"_links":{"self":[{"href":"https:\/\/www.europesays.com\/fr\/wp-json\/wp\/v2\/posts\/187228","targetHints":{"allow":["GET"]}}],"collection":[{"href":"https:\/\/www.europesays.com\/fr\/wp-json\/wp\/v2\/posts"}],"about":[{"href":"https:\/\/www.europesays.com\/fr\/wp-json\/wp\/v2\/types\/post"}],"author":[{"embeddable":true,"href":"https:\/\/www.europesays.com\/fr\/wp-json\/wp\/v2\/users\/2"}],"replies":[{"embeddable":true,"href":"https:\/\/www.europesays.com\/fr\/wp-json\/wp\/v2\/comments?post=187228"}],"version-history":[{"count":0,"href":"https:\/\/www.europesays.com\/fr\/wp-json\/wp\/v2\/posts\/187228\/revisions"}],"wp:featuredmedia":[{"embeddable":true,"href":"https:\/\/www.europesays.com\/fr\/wp-json\/wp\/v2\/media\/187229"}],"wp:attachment":[{"href":"https:\/\/www.europesays.com\/fr\/wp-json\/wp\/v2\/media?parent=187228"}],"wp:term":[{"taxonomy":"category","embeddable":true,"href":"https:\/\/www.europesays.com\/fr\/wp-json\/wp\/v2\/categories?post=187228"},{"taxonomy":"post_tag","embeddable":true,"href":"https:\/\/www.europesays.com\/fr\/wp-json\/wp\/v2\/tags?post=187228"}],"curies":[{"name":"wp","href":"https:\/\/api.w.org\/{rel}","templated":true}]}}