{"id":187238,"date":"2025-06-19T01:33:20","date_gmt":"2025-06-19T01:33:20","guid":{"rendered":"https:\/\/www.europesays.com\/fr\/187238\/"},"modified":"2025-06-19T01:33:20","modified_gmt":"2025-06-19T01:33:20","slug":"le-message-fort-du-president-de-la-haute-garonne-sebastien-vincini-aux-obsedes-de-melenchon","status":"publish","type":"post","link":"https:\/\/www.europesays.com\/fr\/187238\/","title":{"rendered":"Le message fort du pr\u00e9sident de la Haute-Garonne S\u00e9bastien Vincini aux \u00ab\u00a0obs\u00e9d\u00e9s de M\u00e9lenchon\u00a0\u00bb"},"content":{"rendered":"<p>            Par<br \/>\n        <strong><br \/>\n            <a href=\"https:\/\/actu.fr\/auteur\/pascal-pallas\" title=\"Consulter tous les articles de Pascal Pallas\" target=\"_blank\" rel=\"noopener\">Pascal Pallas<\/a><br \/>\n        <\/strong><\/p>\n<p>        Publi\u00e9 le<\/p>\n<p>            18 juin 2025 \u00e0 16h21        <\/p>\n<p>Au lendemain du 81e congr\u00e8s du <a href=\"https:\/\/actu.fr\/tag\/parti-socialiste-ps\" target=\"_blank\" rel=\"noopener\">Parti socialiste<\/a>, le pr\u00e9sident du Conseil d\u00e9partemental de la <a href=\"https:\/\/actu.fr\/occitanie\/haute-garonne_31\" target=\"_blank\" rel=\"noopener\">Haute-Garonne<\/a>, <strong>S\u00e9bastien Vincini<\/strong> veut prendre toute sa part dans la construction d\u2019une nouvelle offre politique \u00ab\u2009destin\u00e9e \u00e0 \u00eatre <strong>la seule alternative<\/strong> au Rassemblement national lors des prochaines \u00e9ch\u00e9ances \u00e9lectorales nationales\u2009\u00bb.<\/p>\n<p class=\" wall-content\">Celui qui a pris une part active \u00e0 la r\u00e9\u00e9lection d\u2019<strong>Olivier Faure<\/strong> au poste de premier secr\u00e9taire du PS dimanche 15\u00a0juin 2025 \u00e0 Nancy recommande de sortir de la pol\u00e9mique et des commentaires pour travailler aux solutions que les Fran\u00e7ais attendent pour sortir le pays de la crise. Un travail \u00e0 conduire en union avec les autres forces de gauche\u2026 mais sans La France insoumise et Jean-Luc M\u00e9lenchon. <strong>Interview<\/strong>.<\/p>\n<p class=\"ac-article-content__question wall-content\"><strong class=\"color-primary\">Actu : <\/strong>Au lendemain d&rsquo;un congr\u00e8s qui a vu s&rsquo;affronter deux lignes politiques et une r\u00e9\u00e9lection difficile d&rsquo;Olivier Faure, quelle est la feuille de route du Parti socialiste ?<\/p>\n<p class=\" wall-content\"><strong class=\"color-primary\">S\u00e9bastien Vincini : <\/strong>\u00ab\u00a0Deux lignes politiques se sont confront\u00e9es durant ce congr\u00e8s et il s&rsquo;agissait de savoir si on devait se placer dans une id\u00e9e nostalgique du socialisme, c&rsquo;est-\u00e0-dire travailler seul puis agiter le drapeau pour rallier derri\u00e8re nous des partenaires, ou si nous \u00e9tions d&rsquo;accord pour construire une plateforme programmatique avec les autres membres de la gauche pour aboutir \u00e0 des candidatures uniques lors des prochaines \u00e9ch\u00e9ances \u00e9lectorales. Les militants ont valid\u00e9 cette seconde proposition. Le r\u00e9sultat est net et clair, la strat\u00e9gie est claire : d\u00e9sormais, pour les socialistes, l&rsquo;heure est \u00e0 ce travail de projet, lequel viendra amender la plateforme programmatique commune aux diff\u00e9rentes forces de la gauche\u00a0\u00bb.<\/p>\n<p>Pas d\u2019accords \u00e9lectoraux avec La France insoumise<\/p>\n<p class=\"ac-article-content__question wall-content\">Avec ou sans La France insoumise (LFI) et Jean-Luc M\u00e9lenchon ?<\/p>\n<p class=\" wall-content\"><strong class=\"color-primary\">S.V. : <\/strong>\u00ab\u00a0Le congr\u00e8s a tranch\u00e9 : pas d&rsquo;accord national avec LFI lors des prochaines \u00e9ch\u00e9ances \u00e9lectorales. Je ne comprends pas pourquoi cette pol\u00e9mique perdure, puisque le cadre de rassemblement que nous avons pos\u00e9 s&rsquo;\u00e9tend de Fran\u00e7ois Ruffin \u00e0 Rapha\u00ebl Glucksmann et n&rsquo;englobe pas la gauche m\u00e9lenchoniste. On ne peut \u00eatre plus clair !<\/p>\n<blockquote class=\"ac-article-quote wall-content\">\n<p>Si M\u00e9lenchon est candidat \u00e0 la Pr\u00e9sidentielle, il le sera sans le PS. Je le dis aux obs\u00e9d\u00e9s de M\u00e9lenchon : cessez de vous lever le matin en pensant \u00e0 M\u00e9lenchon. \u00c0 force d&rsquo;en faire une obsession, vous vous transformez en agence de communication de celui que vous d\u00e9testez. Et vous finirez par devenir les idiots utiles de la Macronie. <\/p>\n<p>    <strong>S\u00e9bastien Vincini<\/strong><br \/>\n        Pr\u00e9sident PS du Conseil d\u00e9partemental de la Haute-Garonne    <\/p><\/blockquote>\n<p>Vid\u00e9os : en ce moment sur Actu<\/p>\n<p class=\" wall-content\">L\u2019heure est venue de cesser les pol\u00e9miques et les commentaires. Concr\u00e8tement, nous avons six mois pour transformer notre parti. En 2018, apr\u00e8s le congr\u00e8s de Marseille, nous \u00e9tions partis de rien. Aujourd\u2019hui, c\u2019est tr\u00e8s diff\u00e9rent. Nous comptons une nouvelle g\u00e9n\u00e9ration d\u2019\u00e9lus, de militants qui se sont form\u00e9s. Et ils ont tous envie de b\u00e2tir une proposition concr\u00e8te \u00e0 l\u2019heure o\u00f9 les in\u00e9galit\u00e9s n\u2019ont jamais \u00e9t\u00e9 aussi importantes dans notre pays. Les Fran\u00e7ais sont en attente de solutions, ils cherchent un rep\u00e8re et le PS doit \u00eatre ce rep\u00e8re\u00a0\u00bb.\u00a0<\/p>\n<p>\u00abVous avez vu la situation \u00e0 Toulouse\u2009? Ce sera bient\u00f4t le Mexique\u2009\u00bb<\/p>\n<p class=\"ac-article-content__question wall-content\">Quelles solutions attendent les Fran\u00e7ais selon vous ? <\/p>\n<p class=\" wall-content\"><strong class=\"color-primary\">S.V. : <\/strong>\u00ab\u00a0Il y a n\u00e9cessit\u00e9 \u00e0 r\u00e9parer notre pays et \u00e0 retrouver ce qui a fait notre fiert\u00e9. Notre mod\u00e8le de solidarit\u00e9 \u00e9tait autrefois envi\u00e9 partout et chaque Fran\u00e7ais en \u00e9tait fier : la S\u00e9curit\u00e9 sociale, notre h\u00f4pital public et son syst\u00e8me de soins&#8230; Notre syst\u00e8me \u00e9ducatif aussi fut une grande fiert\u00e9 nationale. On avait la meilleure \u00e9cole.<br \/>Rien que sur ces deux premiers points, la situation est aujourd&rsquo;hui une catastrophe. On a appauvri le service public. Il n&rsquo;a plus sa vocation universelle et d&rsquo;excellence. La fracture sociale progresse, de fait. Les secteurs de la sant\u00e9 et de l&rsquo;\u00e9cole reproduisent les in\u00e9galit\u00e9s sociales. Du coup, ceux qui ont les moyens se paient une clinique priv\u00e9e et une \u00e9cole priv\u00e9e. Les autres gal\u00e8rent. Si je devais faire des \u00e9tudes aujourd&rsquo;hui, en ma qualit\u00e9 de fils d&rsquo;ouvrier, je n&rsquo;aurais pas la possibilit\u00e9 de suivre le parcours dont j&rsquo;ai eu la chance de b\u00e9n\u00e9ficier il y a quelques ann\u00e9es. Ce n&rsquo;est pas normal. <br \/>Si on va plus loin, on a eu longtemps une forme de souverainet\u00e9 industrielle dont il ne reste quasiment plus rien, \u00e0 part Airbus. On a m\u00eame \u00e9t\u00e9 capable de perdre des fleurons dont le leadership \u00e9tait incontest\u00e9. Je pense \u00e0 Sanofi dans l&rsquo;industrie pharmaceutique.<br \/>Il y avait aussi une certaine id\u00e9e de ce qu&rsquo;est la France. Sur la sc\u00e8ne internationale, Macron a beau s&rsquo;\u00e9brouer, quand on en est r\u00e9duit \u00e0 un tweet du pr\u00e9sident des \u00c9tats-Unis qui dit que son homologue fran\u00e7ais dit n&rsquo;importe quoi, c&rsquo;est que la France n&rsquo;est plus respect\u00e9e comme elle devrait l&rsquo;\u00eatre. <br \/>Enfin, la gauche r\u00e9publicaine a le devoir d&rsquo;apporter des solutions pour la tranquillit\u00e9 publique de nos concitoyens. L&rsquo;urgence est \u00e0 la lutte contre le narcotrafic. Vous avez vu la situation \u00e0 Toulouse ? Ce sera bient\u00f4t le Mexique. Le Parti socialiste doit s&rsquo;inspirer de l&rsquo;excellent travail actuellement men\u00e9 par nos parlementaires sur le sujet\u00a0\u00bb. <\/p>\n<p>Il prendra toute sa place dans les travaux\u00a0du PS<\/p>\n<p class=\"ac-article-content__question wall-content\">Vous avez, par le pass\u00e9, occup\u00e9 des fonctions nationales au Parti socialiste. Participerez-vous \u00e0 la nouvelle \u00e9quipe qui va se mettre en place ? <\/p>\n<p class=\" wall-content\"><strong class=\"color-primary\">S.V. : <\/strong>\u00ab\u00a0\u00c0 la faveur de ce congr\u00e8s, j&rsquo;ai d\u00e9cid\u00e9 de me r\u00e9engager beaucoup plus fortement que lors du pr\u00e9c\u00e9dent. Je n&rsquo;avais pas compl\u00e8tement lev\u00e9 le pied, ayant \u00e9t\u00e9 notamment mis \u00e0 contribution lors des Europ\u00e9ennes, puis apr\u00e8s la dissolution de l&rsquo;Assembl\u00e9e nationale, ayant, je le crois, la facult\u00e9 de pouvoir parler \u00e0 tout le monde \u00e0 gauche. Mais je n&rsquo;avais aucun titre. Je compte prendre toute ma place dans la s\u00e9quence qui va s&rsquo;ouvrir, parce que le PS est \u00e0 un tournant et \u00e0 un r\u00f4le \u00e0 jouer pour \u00e9viter le pire : c&rsquo;est-\u00e0-dire que le Rassemblement national soit la seule alternative \u00e0 la Macronie. <br \/>Je resterai \u00e9videmment pleinement engag\u00e9 pour les Haut-Garonnais continuant d&rsquo;assumer ma mission d&rsquo;\u00e9lu local avec une grande exigence. Mais j&rsquo;ai aussi des id\u00e9es \u00e0 apporter et je consid\u00e8re qu&rsquo;il nous faut tous contribuer au travail programmatique que nous ouvrons. Olivier Faure a tendu la main \u00e0 tous ceux qui veulent participer. J&rsquo;invite \u00e0 mon tour tous ceux qui ont du v\u00e9cu \u00e0 s&rsquo;investir compl\u00e8tement. Ne restez pas sur la touche, au bord du terrain, \u00e0 commenter\u00a0\u00bb. <\/p>\n<p class=\" wall-content\">Suivez toute l\u2019actualit\u00e9 de vos villes et m\u00e9dias favoris en vous inscrivant \u00e0 <a href=\"https:\/\/moncompte.actu.fr\" title=\"D\u00e9couvez Mon Actu\" rel=\"nofollow noopener\" data-trk=\"{&quot;cta&quot;:{&quot;action&quot;:&quot;https:\\\/\\\/moncompte.actu.fr&quot;,&quot;category&quot;:&quot;mon compte&quot;,&quot;from&quot;:&quot;article footer&quot;,&quot;name&quot;:&quot;Mon actu&quot;,&quot;type&quot;:&quot;cta&quot;}}\" target=\"_blank\">Mon Actu<\/a>.<\/p>\n","protected":false},"excerpt":{"rendered":"Par Pascal Pallas Publi\u00e9 le 18 juin 2025 \u00e0 16h21 Au lendemain du 81e congr\u00e8s du Parti socialiste,&hellip;\n","protected":false},"author":2,"featured_media":187239,"comment_status":"","ping_status":"","sticky":false,"template":"","format":"standard","meta":{"footnotes":""},"categories":[2816],"tags":[1111,11,1777,674,1011,27,3081,1023,12,2680,4484,316,25,2312],"class_list":{"0":"post-187238","1":"post","2":"type-post","3":"status-publish","4":"format-standard","5":"has-post-thumbnail","7":"category-toulouse","8":"tag-actu","9":"tag-actualites","10":"tag-eu","11":"tag-europe","12":"tag-fr","13":"tag-france","14":"tag-jean-luc-melenchon","15":"tag-la-france-insoumise-lfi","16":"tag-news","17":"tag-occitanie","18":"tag-parti-socialiste-ps","19":"tag-politique","20":"tag-republique-francaise","21":"tag-toulouse"},"share_on_mastodon":{"url":"https:\/\/pubeurope.com\/@fr\/114707457990795215","error":""},"_links":{"self":[{"href":"https:\/\/www.europesays.com\/fr\/wp-json\/wp\/v2\/posts\/187238","targetHints":{"allow":["GET"]}}],"collection":[{"href":"https:\/\/www.europesays.com\/fr\/wp-json\/wp\/v2\/posts"}],"about":[{"href":"https:\/\/www.europesays.com\/fr\/wp-json\/wp\/v2\/types\/post"}],"author":[{"embeddable":true,"href":"https:\/\/www.europesays.com\/fr\/wp-json\/wp\/v2\/users\/2"}],"replies":[{"embeddable":true,"href":"https:\/\/www.europesays.com\/fr\/wp-json\/wp\/v2\/comments?post=187238"}],"version-history":[{"count":0,"href":"https:\/\/www.europesays.com\/fr\/wp-json\/wp\/v2\/posts\/187238\/revisions"}],"wp:featuredmedia":[{"embeddable":true,"href":"https:\/\/www.europesays.com\/fr\/wp-json\/wp\/v2\/media\/187239"}],"wp:attachment":[{"href":"https:\/\/www.europesays.com\/fr\/wp-json\/wp\/v2\/media?parent=187238"}],"wp:term":[{"taxonomy":"category","embeddable":true,"href":"https:\/\/www.europesays.com\/fr\/wp-json\/wp\/v2\/categories?post=187238"},{"taxonomy":"post_tag","embeddable":true,"href":"https:\/\/www.europesays.com\/fr\/wp-json\/wp\/v2\/tags?post=187238"}],"curies":[{"name":"wp","href":"https:\/\/api.w.org\/{rel}","templated":true}]}}