{"id":187240,"date":"2025-06-19T01:34:11","date_gmt":"2025-06-19T01:34:11","guid":{"rendered":"https:\/\/www.europesays.com\/fr\/187240\/"},"modified":"2025-06-19T01:34:11","modified_gmt":"2025-06-19T01:34:11","slug":"previsions-du-jeudi-19-juin-2025-7","status":"publish","type":"post","link":"https:\/\/www.europesays.com\/fr\/187240\/","title":{"rendered":"pr\u00e9visions du jeudi 19 juin 2025"},"content":{"rendered":"<p>Un beau soleil est attendu aujourd&rsquo;hui \u00e0 Toulouse. Les temp\u00e9ratures seront de 16\u00b0C au minimum et de 34\u00b0C au plus haut. La p\u00e9riode d&rsquo;importantes chaleurs est bien l\u00e0, avec des valeurs qui risqueront de monter \u00e0 31\u00b0C le matin. Un l\u00e9ger vent de sud-est sera ressenti par les habitants. L&rsquo;apr\u00e8s-midi, c&rsquo;est une hausse de plusieurs degr\u00e9s que vont enregistrer les temp\u00e9ratures. Les fortes chaleurs sont install\u00e9es. Avec des temp\u00e9ratures \u00e9chelonn\u00e9es entre 33 et 34\u00b0C. La ville va p\u00e2tir des grosses chaleurs avec des valeurs qui pourraient grimper jusqu&rsquo;\u00e0 31\u00b0C le soir. Le passage de jeudi \u00e0 vendredi se fera sous un ciel clair.<\/p>\n<p>Demain, un grand soleil brillera sur Toulouse. Un temps plus chaud est attendu \u00e9tant donn\u00e9 que les temp\u00e9ratures vont conna\u00eetre une augmentation. Les valeurs maximums annonc\u00e9es sont \u00e9lev\u00e9es, avec 35\u00b0C. Les valeurs s&rsquo;\u00e9chelonneront entre 18 et 35\u00b0C. Un vent de nord-ouest rafra\u00eechira quelque peu l&rsquo;atmosph\u00e8re. La ville va subir, le matin, un passage d&rsquo;importantes chaleurs avec des temp\u00e9ratures qui atteindront parfois les 32\u00b0C. Les valeurs vont enregistrer une hausse de plusieurs degr\u00e9s pendant l&rsquo;apr\u00e8s-midi. De tr\u00e8s fortes chaleurs (entre 33\u00b0C et 35\u00b0C) sont pr\u00e9vues. D\u00e8s demain soir, les valeurs \u00e9volueront entre 26 et 32\u2009\u00b0C.<\/p>\n<p>Les jours qui suivent s&rsquo;annoncent similaires. Le temps sera ensoleill\u00e9 avec des temp\u00e9ratures d&rsquo;environ 27\u00b0C.<\/p>\n<p>Le solstice d&rsquo;\u00e9t\u00e9 c&rsquo;est demain, profitez de la journ\u00e9e la plus longue de l&rsquo;ann\u00e9e pour f\u00eater l&rsquo;arriv\u00e9e de l&rsquo;\u00e9t\u00e9 en musique !<\/p>\n","protected":false},"excerpt":{"rendered":"Un beau soleil est attendu aujourd&rsquo;hui \u00e0 Toulouse. Les temp\u00e9ratures seront de 16\u00b0C au minimum et de 34\u00b0C&hellip;\n","protected":false},"author":2,"featured_media":187241,"comment_status":"","ping_status":"","sticky":false,"template":"","format":"standard","meta":{"footnotes":""},"categories":[2816],"tags":[1111,11,1777,674,1011,27,12,2680,2119,25,2312],"class_list":{"0":"post-187240","1":"post","2":"type-post","3":"status-publish","4":"format-standard","5":"has-post-thumbnail","7":"category-toulouse","8":"tag-actu","9":"tag-actualites","10":"tag-eu","11":"tag-europe","12":"tag-fr","13":"tag-france","14":"tag-news","15":"tag-occitanie","16":"tag-previsions-meteo","17":"tag-republique-francaise","18":"tag-toulouse"},"share_on_mastodon":{"url":"https:\/\/pubeurope.com\/@fr\/114707461781431002","error":""},"_links":{"self":[{"href":"https:\/\/www.europesays.com\/fr\/wp-json\/wp\/v2\/posts\/187240","targetHints":{"allow":["GET"]}}],"collection":[{"href":"https:\/\/www.europesays.com\/fr\/wp-json\/wp\/v2\/posts"}],"about":[{"href":"https:\/\/www.europesays.com\/fr\/wp-json\/wp\/v2\/types\/post"}],"author":[{"embeddable":true,"href":"https:\/\/www.europesays.com\/fr\/wp-json\/wp\/v2\/users\/2"}],"replies":[{"embeddable":true,"href":"https:\/\/www.europesays.com\/fr\/wp-json\/wp\/v2\/comments?post=187240"}],"version-history":[{"count":0,"href":"https:\/\/www.europesays.com\/fr\/wp-json\/wp\/v2\/posts\/187240\/revisions"}],"wp:featuredmedia":[{"embeddable":true,"href":"https:\/\/www.europesays.com\/fr\/wp-json\/wp\/v2\/media\/187241"}],"wp:attachment":[{"href":"https:\/\/www.europesays.com\/fr\/wp-json\/wp\/v2\/media?parent=187240"}],"wp:term":[{"taxonomy":"category","embeddable":true,"href":"https:\/\/www.europesays.com\/fr\/wp-json\/wp\/v2\/categories?post=187240"},{"taxonomy":"post_tag","embeddable":true,"href":"https:\/\/www.europesays.com\/fr\/wp-json\/wp\/v2\/tags?post=187240"}],"curies":[{"name":"wp","href":"https:\/\/api.w.org\/{rel}","templated":true}]}}