{"id":187246,"date":"2025-06-19T01:38:12","date_gmt":"2025-06-19T01:38:12","guid":{"rendered":"https:\/\/www.europesays.com\/fr\/187246\/"},"modified":"2025-06-19T01:38:12","modified_gmt":"2025-06-19T01:38:12","slug":"le-rn-franck-allisio-premier-a-se-lancer-dans-la-bataille","status":"publish","type":"post","link":"https:\/\/www.europesays.com\/fr\/187246\/","title":{"rendered":"le RN Franck Allisio, premier \u00e0 se lancer dans la bataille"},"content":{"rendered":"<p>Premier \u00e0 se lancer officiellement dans la campagne des municipales 2026 \u00e0 Marseille, Franck Allisio, d\u00e9put\u00e9 RN des Bouches-du-Rh\u00f4ne, a annonc\u00e9 mercredi \u00eatre \u00ab\u00a0le candidat du Rassemblement national\u00a0\u00bb et de ses \u00ab\u00a0alli\u00e9s\u00a0\u00bb pour \u00ab\u00a0remettre Marseille en ordre\u00a0\u00bb.<\/p>\n<p>Une candidature, soutenue par Marine Le Pen et Jordan Bardella, visant \u00e0 proposer \u00ab\u00a0une v\u00e9ritable alternance\u00a0\u00bb face aux \u00ab\u00a0deux sortants qui co-dirigent Marseille\u00a0\u00bb depuis respectivement cinq et 10 ans, le maire divers gauche Beno\u00eet Payan et la pr\u00e9sidente divers droite de la m\u00e9tropole Aix-Marseille Provence Martine Vassal, a ajout\u00e9 le d\u00e9l\u00e9gu\u00e9 d\u00e9partemental du Rassemblement national (RN).<\/p>\n<p>\u00ab\u00a0On sait tr\u00e8s bien que la m\u00e9tropole a autant de pouvoir sur Marseille que le maire de Marseille, et on voit l&rsquo;\u00e9chec\u00a0\u00bb auquel cela a conduit, a estim\u00e9 Franck Allisio, \u00e9galement pr\u00e9sident du groupe RN au Conseil r\u00e9gional et vis\u00e9 \u00e0 ce titre par une enqu\u00eate pour d\u00e9tournement de biens publics.<\/p>\n<p>Ex-LR, le d\u00e9put\u00e9 RN, \u00e9lu dans la 12e circonscription qui comprend notamment les villes de Marignane et de Vitrolles, a pr\u00e9cis\u00e9 vouloir remettre de l&rsquo;ordre \u00ab\u00a0au sens large, (&#8230;) partout dans notre quotidien\u00a0\u00bb, que ce soit \u00ab\u00a0dans nos rues, dans nos \u00e9coles, dans nos transports, dans les poubelles, dans la finance de la ville\u00a0\u00bb.<\/p>\n<p>Un \u00ab\u00a0ordre juste\u00a0\u00bb, a-t-il compl\u00e9t\u00e9, adoptant le slogan de S\u00e9gol\u00e8ne Royal, candidate socialiste \u00e0 la pr\u00e9sidentielle 2007.<\/p>\n<p>Le d\u00e9put\u00e9 de 44 ans, favorable \u00e0 la r\u00e9forme du mode de scrutin municipal pour Paris, Lyon et Marseille, qui doit passer devant la commission mixte paritaire le 24 juin, n&rsquo;a pas pr\u00e9cis\u00e9 dans quel secteur de Marseille il se pr\u00e9senterait, estimant que cela \u00ab\u00a0viendra bien apr\u00e8s\u00a0\u00bb.<\/p>\n<p>Aux \u00e9lections municipales 2020, il avait \u00e9t\u00e9 candidat dans les 11e et 12e arrondissements de Marseille (6e secteur), sur la liste du leader RN d&rsquo;alors, le s\u00e9nateur St\u00e9phane Ravier, qui avait ensuite rejoint le parti d\u2019\u00c9ric Zemmour \u00ab\u00a0Reconqu\u00eate!\u00a0\u00bb lors de la pr\u00e9sidentielle de 2022, avant de cr\u00e9er son propre mouvement \u00ab\u00a0Marseille d&rsquo;abord\u00a0\u00bb.<\/p>\n<p>Dans le cadre d&rsquo;une quadrangulaire, la liste RN \u00e9tait arriv\u00e9e en troisi\u00e8me position au second tour (21,18%), derri\u00e8re le candidat de l&rsquo;alliance de gauche Yannick Ohanessian (34,11%) et le maire de secteur sortant (LR) Julien Ravier (35,37%).<\/p>\n<p>&#8211; \u00ab\u00a0Soit Payan, soit moi\u00a0\u00bb &#8211;<\/p>\n<p>Interrog\u00e9 sur un possible rapprochement avec St\u00e9phane Ravier, figure la plus connue de l&rsquo;extr\u00eame droite dans la r\u00e9gion, Franck Allisio a rappel\u00e9 que ce dernier avait \u00e9t\u00e9 \u00ab\u00a0\u00e9lu et r\u00e9\u00e9lu s\u00e9nateur par les voix des \u00e9lus du RN en majorit\u00e9\u00a0\u00bb.<\/p>\n<p>\u00ab\u00a0Il a fait ce qu&rsquo;il a fait\u00a0\u00bb et pour les prochaines municipales \u00ab\u00a0il fera ce qu&rsquo;il veut\u00a0\u00bb, mais \u00ab\u00a0je connais peu de gens qui se suicident deux fois\u00a0\u00bb, a-t-il not\u00e9.<\/p>\n<p>De son c\u00f4t\u00e9, St\u00e9phane Ravier, interrog\u00e9 par l&rsquo;AFP, a appel\u00e9 \u00e0 l&rsquo;union. \u00ab\u00a0J&rsquo;en appelle \u00e0 l&rsquo;intelligence du camp national, \u00e0 ranger les flingues\u00a0\u00bb car \u00ab\u00a0l&rsquo;exp\u00e9rience nous a montr\u00e9 qu&rsquo;on ne gagnait jamais seul une ville comme celle-l\u00e0\u00a0\u00bb.<\/p>\n<p>Une alliance avec Martine Vassal, qui soulignait r\u00e9cemment aupr\u00e8s de l&rsquo;AFP son \u00ab\u00a0travail sur l&rsquo;union\u00a0\u00bb de la droite, sans indiquer toutefois si elle serait candidate &#8211;comme lors des derni\u00e8res municipales&#8211;, n&rsquo;est pas non plus \u00e0 l&rsquo;ordre du jour, selon M. Allisio.<\/p>\n<p>\u00ab\u00a0Tr\u00e8s vite, j&rsquo;ai vu qu&rsquo;elle se rapprochait beaucoup plus de M. Payan que de nous, donc (&#8230;) je leur conseille de clarifier les choses et de se mettre ensemble. D&rsquo;ailleurs je crois que M. Payan lui aussi tend la main \u00e0 Mme Vassal\u00a0\u00bb.<\/p>\n<p>Mais \u00ab\u00a0le vrai match, c&rsquo;est le second tour, c&rsquo;est soit Payan, soit moi\u00a0\u00bb, a-t-il assur\u00e9.<\/p>\n<p>Ex-PS devenu divers gauche, le maire de Marseille Beno\u00eet Payan n&rsquo;a pas encore annonc\u00e9 \u00eatre candidat \u00e0 sa succession, ce qui lui donnerait toutefois l&rsquo;opportunit\u00e9 d&rsquo;\u00eatre cette fois directement \u00e9lu. Maire depuis d\u00e9cembre 2020, il a seulement acc\u00e9d\u00e9 \u00e0 ce fauteuil apr\u00e8s le retrait, officiellement \u00ab\u00a0pour raisons de sant\u00e9\u00a0\u00bb, de l&rsquo;\u00e9lue \u00e9cologiste Mich\u00e8le Rubirola, porte drapeau de l&rsquo;alliance de gauche qui avait remport\u00e9 l&rsquo;\u00e9lection six mois plus t\u00f4t, apr\u00e8s 25 ans de r\u00e8gne de Jean-Claude Gaudin (LR).<\/p>\n<p>Mais la constitution d&rsquo;une alliance \u00e0 gauche reste plus incertaine que jamais, alors que La France insoumise, qui n&rsquo;a pas fait partie de l&rsquo;\u00e9quation en 2020 mais a gagn\u00e9 depuis en poids politique, veut pr\u00e9senter une liste distincte. Liste \u00e0 laquelle plusieurs \u00e9lus \u00e9cologistes de la majorit\u00e9 municipale pourraient se rallier, plut\u00f4t qu&rsquo;\u00e0 Beno\u00eet Payan.<\/p>\n<p>jra-san\/abl<\/p>\n","protected":false},"excerpt":{"rendered":"Premier \u00e0 se lancer officiellement dans la campagne des municipales 2026 \u00e0 Marseille, Franck Allisio, d\u00e9put\u00e9 RN des&hellip;\n","protected":false},"author":2,"featured_media":187247,"comment_status":"","ping_status":"","sticky":false,"template":"","format":"standard","meta":{"footnotes":""},"categories":[2814],"tags":[1111,11,32496,1777,674,1011,27,20529,32495,430,884,21363,12,882,1078,25,2848],"class_list":{"0":"post-187246","1":"post","2":"type-post","3":"status-publish","4":"format-standard","5":"has-post-thumbnail","7":"category-marseille","8":"tag-actu","9":"tag-actualites","10":"tag-arrondissements-de-marseille","11":"tag-eu","12":"tag-europe","13":"tag-fr","14":"tag-france","15":"tag-franck-allisio","16":"tag-maire-de-marseille","17":"tag-marine-le-pen","18":"tag-marseille","19":"tag-martine-vassal","20":"tag-news","21":"tag-provence-alpes-cote-dazur","22":"tag-rassemblement-national","23":"tag-republique-francaise","24":"tag-rn"},"share_on_mastodon":{"url":"https:\/\/pubeurope.com\/@fr\/114707477529691663","error":""},"_links":{"self":[{"href":"https:\/\/www.europesays.com\/fr\/wp-json\/wp\/v2\/posts\/187246","targetHints":{"allow":["GET"]}}],"collection":[{"href":"https:\/\/www.europesays.com\/fr\/wp-json\/wp\/v2\/posts"}],"about":[{"href":"https:\/\/www.europesays.com\/fr\/wp-json\/wp\/v2\/types\/post"}],"author":[{"embeddable":true,"href":"https:\/\/www.europesays.com\/fr\/wp-json\/wp\/v2\/users\/2"}],"replies":[{"embeddable":true,"href":"https:\/\/www.europesays.com\/fr\/wp-json\/wp\/v2\/comments?post=187246"}],"version-history":[{"count":0,"href":"https:\/\/www.europesays.com\/fr\/wp-json\/wp\/v2\/posts\/187246\/revisions"}],"wp:featuredmedia":[{"embeddable":true,"href":"https:\/\/www.europesays.com\/fr\/wp-json\/wp\/v2\/media\/187247"}],"wp:attachment":[{"href":"https:\/\/www.europesays.com\/fr\/wp-json\/wp\/v2\/media?parent=187246"}],"wp:term":[{"taxonomy":"category","embeddable":true,"href":"https:\/\/www.europesays.com\/fr\/wp-json\/wp\/v2\/categories?post=187246"},{"taxonomy":"post_tag","embeddable":true,"href":"https:\/\/www.europesays.com\/fr\/wp-json\/wp\/v2\/tags?post=187246"}],"curies":[{"name":"wp","href":"https:\/\/api.w.org\/{rel}","templated":true}]}}