{"id":187248,"date":"2025-06-19T01:39:23","date_gmt":"2025-06-19T01:39:23","guid":{"rendered":"https:\/\/www.europesays.com\/fr\/187248\/"},"modified":"2025-06-19T01:39:23","modified_gmt":"2025-06-19T01:39:23","slug":"un-homme-traine-sur-plusieurs-metres-apres-un-car-jacking","status":"publish","type":"post","link":"https:\/\/www.europesays.com\/fr\/187248\/","title":{"rendered":"un homme tra\u00een\u00e9 sur plusieurs m\u00e8tres apr\u00e8s un car-jacking"},"content":{"rendered":"<p itemprop=\"description\"><strong>Les auteurs du car-jacking sont toujours recherch\u00e9s.<\/strong><\/p>\n<p>Un homme a \u00e9t\u00e9 bless\u00e9 lundi soir aux alentours de 19 h apr\u00e8s avoir tent\u00e9 d\u2019emp\u00eacher le vol de sa voiture, rue Raspail \u00e0 Villeurbanne. L&rsquo;automobiliste a \u00e9t\u00e9 agress\u00e9 par plusieurs individus alors qu\u2019il se trouvait \u00e0 bord de son v\u00e9hicule.<\/p>\n<p>Selon le Progr\u00e8s, l\u2019un des agresseurs est mont\u00e9 au volant pour prendre la fuite. Le propri\u00e9taire du v\u00e9hicule a tent\u00e9 de s\u2019interposer, s\u2019accrochant au capot pour emp\u00eacher le d\u00e9part. Il a \u00e9t\u00e9 tra\u00een\u00e9 sur plusieurs m\u00e8tres avant de l\u00e2cher prise.<\/p>\n<p>L\u2019homme a \u00e9t\u00e9 l\u00e9g\u00e8rement bless\u00e9.\u00a0<\/p>\n<p>Il a ensuite port\u00e9 plainte. Une enqu\u00eate est en cours pour retrouver les auteurs de ce vol avec violences.<\/p>\n","protected":false},"excerpt":{"rendered":"Les auteurs du car-jacking sont toujours recherch\u00e9s. Un homme a \u00e9t\u00e9 bless\u00e9 lundi soir aux alentours de 19&hellip;\n","protected":false},"author":2,"featured_media":187249,"comment_status":"","ping_status":"","sticky":false,"template":"","format":"standard","meta":{"footnotes":""},"categories":[1889],"tags":[1111,11,2813,2190,2430,1109,251,1112,2811,1777,674,118,1011,27,1922,1110,1114,2428,2810,12,241,316,25,2812,517,800],"class_list":{"0":"post-187248","1":"post","2":"type-post","3":"status-publish","4":"format-standard","5":"has-post-thumbnail","7":"category-lyon","8":"tag-actu","9":"tag-actualites","10":"tag-article","11":"tag-asvel","12":"tag-auvergne-rhone-alpes","13":"tag-breves","14":"tag-culture","15":"tag-depeches","16":"tag-economique","17":"tag-eu","18":"tag-europe","19":"tag-faits-divers","20":"tag-fr","21":"tag-france","22":"tag-info","23":"tag-informations","24":"tag-infos","25":"tag-lyon","26":"tag-lyonmag","27":"tag-news","28":"tag-ol","29":"tag-politique","30":"tag-republique-francaise","31":"tag-sociale","32":"tag-sport","33":"tag-transports"},"share_on_mastodon":{"url":"https:\/\/pubeurope.com\/@fr\/114707481458404625","error":""},"_links":{"self":[{"href":"https:\/\/www.europesays.com\/fr\/wp-json\/wp\/v2\/posts\/187248","targetHints":{"allow":["GET"]}}],"collection":[{"href":"https:\/\/www.europesays.com\/fr\/wp-json\/wp\/v2\/posts"}],"about":[{"href":"https:\/\/www.europesays.com\/fr\/wp-json\/wp\/v2\/types\/post"}],"author":[{"embeddable":true,"href":"https:\/\/www.europesays.com\/fr\/wp-json\/wp\/v2\/users\/2"}],"replies":[{"embeddable":true,"href":"https:\/\/www.europesays.com\/fr\/wp-json\/wp\/v2\/comments?post=187248"}],"version-history":[{"count":0,"href":"https:\/\/www.europesays.com\/fr\/wp-json\/wp\/v2\/posts\/187248\/revisions"}],"wp:featuredmedia":[{"embeddable":true,"href":"https:\/\/www.europesays.com\/fr\/wp-json\/wp\/v2\/media\/187249"}],"wp:attachment":[{"href":"https:\/\/www.europesays.com\/fr\/wp-json\/wp\/v2\/media?parent=187248"}],"wp:term":[{"taxonomy":"category","embeddable":true,"href":"https:\/\/www.europesays.com\/fr\/wp-json\/wp\/v2\/categories?post=187248"},{"taxonomy":"post_tag","embeddable":true,"href":"https:\/\/www.europesays.com\/fr\/wp-json\/wp\/v2\/tags?post=187248"}],"curies":[{"name":"wp","href":"https:\/\/api.w.org\/{rel}","templated":true}]}}