{"id":187250,"date":"2025-06-19T01:40:14","date_gmt":"2025-06-19T01:40:14","guid":{"rendered":"https:\/\/www.europesays.com\/fr\/187250\/"},"modified":"2025-06-19T01:40:14","modified_gmt":"2025-06-19T01:40:14","slug":"lyon-quels-sont-les-90-projets-retenus-dans-le-budget-participatif","status":"publish","type":"post","link":"https:\/\/www.europesays.com\/fr\/187250\/","title":{"rendered":"Lyon : quels sont les 90 projets retenus dans le budget participatif ?"},"content":{"rendered":"<p>La Ville de Lyon a d\u00e9voil\u00e9, ce mercredi 18 juin, les projets retenus dans la 2e \u00e9dition du budget participatif.<\/p>\n<p>Les Lyonnaises et les Lyonnais avaient d\u00e9pos\u00e9 plus de <b>1.000 id\u00e9es. <\/b><\/p>\n<p>Ce sont <b>90 projets<\/b> qui ont \u00e9t\u00e9 retenus par la Ville de Lyon, lors de la 2e \u00e9dition du budget participatif.<\/p>\n<p><b>Parmi les projets :<\/b> l&rsquo;installation de sanitaires \u00e0 proximit\u00e9 du parc de la T\u00eate d&rsquo;Or, la remise en eau et \u00e9clairage du bassin de la place des C\u00e9lestins ou encore l&rsquo;installation de tables et assises dans les parcs et jardins du 4e.\u00a0<\/p>\n<p>Une enveloppe de <b>12,5 millions d&rsquo;euros<\/b> est d\u00e9di\u00e9e \u00e0 la r\u00e9alisation de ces id\u00e9es.<\/p>\n<p>L&rsquo;arrondissement en t\u00eate du nombre de projets est le 8e (21 projets), tandis que le 2e arrondissement arrive en queue de peloton (3 projets).\u00a0<\/p>\n<p>Dans le 1er arrondissement<\/p>\n<p>&#8211; Restauration des portes et boiseries du mus\u00e9e des Beaux-Arts <\/p>\n<p>&#8211; Une exposition interactive pour comprendre les troubles du neurod\u00e9veloppement (Dys, TDAH&#8230;) <\/p>\n<p>&#8211; Restauration et remise en place de la statue d&rsquo;Apollon dans le jardin du mus\u00e9e des Beaux-Arts. <\/p>\n<p>&#8211; Am\u00e9nagement convivial des places et parcs du Bas des Pentes <\/p>\n<p>&#8211; Remettre en eau la fontaine Ipoust\u00e9guy place de la Com\u00e9die <\/p>\n<p>&#8211; Installation d&rsquo;un thermom\u00e8tre public pour sensibiliser au changement climatique \u00e0 Lyon <\/p>\n<p>&#8211; De l&rsquo;ombre et des jardini\u00e8res pour la terrasse de l&rsquo;\u00e9cole maternelle Raoul Dufy <\/p>\n<p>&#8211; Remise en service des fontaines du jardin de la Grande C\u00f4te <\/p>\n<p>&#8211; De nouveaux am\u00e9nagements pour le jardin Croix-Paquet <\/p>\n<p>&#8211; Am\u00e9lioration de l&rsquo;\u00e9clairage dans le Bas des Pentes <\/p>\n<p>&#8211; V\u00e9g\u00e9talisation autour du gymnase Duplat <\/p>\n<p>&#8211; Restauration des mosa\u00efques de la fontaine du jardin des Chartreux <\/p>\n<p>&#8211; Am\u00e9nagement des espaces ext\u00e9rieurs de l&rsquo;\u00e9cole Victor Hugo<br \/>\u00a0 <\/p>\n<p>Dans le 2e arrondissement<\/p>\n<p>&#8211; Du mat\u00e9riel pour am\u00e9liorer l&rsquo;accueil des sans-abris <\/p>\n<p>&#8211; Remise en eau et \u00e9clairage du bassin place des C\u00e9lestins <\/p>\n<p>&#8211; Affichage sur panneaux d&rsquo;images historiques de Lyon sur la place des Archives <\/p>\n<p>Dans le 3e arrondissement<\/p>\n<p>&#8211; Des douches publiques \u00e0 la Maison de l&rsquo;Hospitalit\u00e9 <\/p>\n<p>&#8211; Des abords v\u00e9g\u00e9talis\u00e9s pour l&rsquo;avenue Lacassagne <\/p>\n<p>&#8211; Installer des nichoirs \u00e0 chauves-souris dans le quartier Villette Paul Bert <\/p>\n<p>&#8211; R\u00e9novation compl\u00e8te de l&rsquo;aire de jeux du parc Bazin <\/p>\n<p>&#8211; La piscine Charial pour toutes et tous sans obstacles <\/p>\n<p>&#8211; Am\u00e9nager le restaurant social la Tabl\u00e9e des Gones <\/p>\n<p>&#8211; De l&rsquo;ombre dans la cour de l&rsquo;\u00e9cole Jules Verne <\/p>\n<p>&#8211; Des bancs de l&rsquo;amiti\u00e9 dans les parcs Bazin et Sisley <\/p>\n<p>&#8211; Des poubelles ludiques pour encourager la propret\u00e9 au parc Bazin <\/p>\n<p>&#8211; Un grand trampoline au parc Sisley <\/p>\n<p>&#8211; Du mobilier de plein air et des v\u00e9los \u00e0 l&rsquo;\u00e9cole Rebatel <\/p>\n<p>&#8211; Un terrain de p\u00e9tanque et une pergola place Sainte-Anne <\/p>\n<p>&#8211; Am\u00e9liorer l&rsquo;\u00e9clairage du passage entre les rues Moncey et Paul Bert <\/p>\n<p>&#8211; R\u00e9nover les toilettes des Halles Paul Bocuse <\/p>\n<p>&#8211; Des panneaux en Langue des Signes Fran\u00e7aise au parc Bazin <\/p>\n<p>Dans le 4e arrondissement<\/p>\n<p>&#8211; Favoriser les d\u00e9placements des h\u00e9rissons au cimeti\u00e8re de la Croix-Rousse <\/p>\n<p>&#8211; Installation de tables et assises dans les parcs et jardins du 4\u00e8me <\/p>\n<p>&#8211; R\u00e9novation des vestiaires des douches et du hall d&rsquo;entr\u00e9e de la piscine Saint-Exup\u00e9ry <\/p>\n<p>&#8211; Acquisition d&rsquo;un kiosque \u00e0 glaces pour les r\u00e9sidents de l&rsquo;EPHAD Marius Bertrand <\/p>\n<p>&#8211; Am\u00e9lioration de l&rsquo;acoustique du gymnase Baillieu <\/p>\n<p>Dans le 5e\u00a0arrondissement<\/p>\n<p>&#8211; Remettre en service la fontaine du Trion<\/p>\n<p>&#8211; Redonner vie au terrain de sports de la Sarra <\/p>\n<p>&#8211; Accessibilit\u00e9 PMR du b\u00e2timent TCM5 (Club de tennis municipal du 5\u00e8me) <\/p>\n<p>&#8211; Du tennis de table dans le 5\u00e8me <\/p>\n<p>&#8211; Des balan\u00e7oires dans le quartier du Point du Jour <\/p>\n<p>Dans le 6e arrondissement<\/p>\n<p>&#8211; Des sanitaires \u00e0 proximit\u00e9 du parc de la T\u00eate d&rsquo;Or<\/p>\n<p>&#8211; Restauration des c\u00e9ramiques de l&#8217;embarcad\u00e8re du Parc de la T\u00eate d&rsquo;Or <\/p>\n<p>&#8211; R\u00e9novation de la statue de Jeanne d&rsquo;Arc place Puvis de Chavannes <\/p>\n<p>&#8211; De l&rsquo;ombre pour les \u00e9l\u00e8ves de l&rsquo;\u00e9cole \u00e9l\u00e9mentaire Montaigne-Ferry <\/p>\n<p>Dans le 7e arrondissement<\/p>\n<p>&#8211; Une nouvelle aire de jeux inclusive au parc Blandan <\/p>\n<p>&#8211; Un parquet de danse au parc de Gerland <\/p>\n<p>&#8211; Un v\u00e9lo cargo pour lutter contre le gaspillage de pain <\/p>\n<p>&#8211; Cr\u00e9ation d&rsquo;un Parkour Park au parc Blandan <\/p>\n<p>&#8211; Des bancs en plus au parc Blandan <\/p>\n<p>&#8211; Recr\u00e9ation des lampadaires historiques sur le pont de l&rsquo;Universit\u00e9 <\/p>\n<p>&#8211; Exp\u00e9rimentation de bornes anti-moustiques amovibles \u00e0 l&rsquo;\u00e9cole Gilbert Dru <\/p>\n<p>&#8211; Construction d&rsquo;une Baraque du Potager \u00e0 Gerland <\/p>\n<p>&#8211; Installer des jeux d&rsquo;eau pour les tout petits \u00e0 la piscine du Rh\u00f4ne (Centre Nautique Tony Bertrand) <\/p>\n<p>&#8211; Des sculptures d&rsquo;animaux sauvages qui vivent \u00e0 Lyon <\/p>\n<p>&#8211; R\u00e9novation des cours des \u00e9coles maternelle et primaire Gilbert Dru <\/p>\n<p>&#8211; R\u00e9am\u00e9nagement de l&rsquo;aire canine du parc Blandan <\/p>\n<p>&#8211; R\u00e9am\u00e9nagement du square du B\u00e9guin <\/p>\n<p>&#8211; Une nouvelle aire canine \u00e0 la Guilloti\u00e8re <\/p>\n<p>&#8211; Requalification de l&rsquo;aire de jeux des quais bas face \u00e0 l&rsquo;h\u00f4pital Saint-Joseph Saint-Luc <\/p>\n<p>&#8211; Des tables de tennis de table en plus au parc Blandan <\/p>\n<p>Dans le 8e arrondissement<\/p>\n<p>&#8211; Des nichoirs \u00e0 chauves-souris dans le parc L\u00e9on Pfeffer <\/p>\n<p>&#8211; Des nichoirs \u00e0 chauve-souris dans le square du Presbyt\u00e8re <\/p>\n<p>&#8211; De nouveaux jeux et de la fraicheur au parc du Clos Layat <\/p>\n<p>&#8211; Ombrager les cours de r\u00e9cr\u00e9ation de l&rsquo;\u00e9cole Simone Veil <\/p>\n<p>&#8211; Acquisition d&rsquo;instruments de musique pour le Centre social \u00c9tats-Unis <\/p>\n<p>&#8211; Une serre p\u00e9dagogique et un jardin potager au stade Vuillermet <\/p>\n<p>&#8211; Plus de v\u00e9los pour plus d&rsquo;enfants \u00e0 l&rsquo;\u00e9cole Lumi\u00e8re <\/p>\n<p>&#8211; Une fresque murale sur le mur du cimeti\u00e8re de la Guilloti\u00e8re <\/p>\n<p>&#8211; Un jardin de rue pour la biodiversit\u00e9 sur la promenade L\u00e9a et Napol\u00e9on Bullukian <\/p>\n<p>&#8211; Un four \u00e0 pain collectif \u00e0 Grand Trou &#8211; Moulin \u00e0 Vent &#8211; Petite Guille <\/p>\n<p>&#8211; Un espace sportif et ludique pour les jeunes devant l&rsquo;Espace 101 <\/p>\n<p>&#8211; R\u00e9am\u00e9nager la cour de l&rsquo;\u00e9cole \u00e9l\u00e9mentaire Jean Mermoz <\/p>\n<p>&#8211; Une borne anti-moustique \u00e0 la cr\u00e8che Saint-Mathieu <\/p>\n<p>&#8211; Une oasis de fra\u00eecheur au square des Combattants d&rsquo;Indochine <\/p>\n<p>&#8211; De nouvelles toilettes au parc du Clos Layat <\/p>\n<p>&#8211; Mettre en place des zones de tri et de r\u00e9emploi des d\u00e9chets au cimeti\u00e8re de la Guillotiere<\/p>\n<p>&#8211; Une ambiance lumineuse repens\u00e9e pour le quartier Moulin-\u00e0-Vent<\/p>\n<p>&#8211; Un point d&rsquo;eau pr\u00e8s du city stade de la r\u00e9sidence Eug\u00e8ne Andr\u00e9 Cazeneuve <\/p>\n<p>&#8211; Cr\u00e9er un kiosque mobile pour les projets des jeunes et des habitants <\/p>\n<p>&#8211; Acquisition de trottinettes et de v\u00e9los pour l&rsquo;\u00e9cole maternelle Jean Mermoz B <\/p>\n<p>&#8211; Installation de miroirs de danse devant l&rsquo;Espace 101 et le terrain multisports Michel Saez <\/p>\n<p>Dans le 9e arrondissement<\/p>\n<p>&#8211; Pose de stores \u00e0 l&rsquo;\u00e9cole maternelle Chapeau Rouge <\/p>\n<p>&#8211; Un chemin de dalles au Centre social de la Sauvegarde pour les personnes en situation de handicap <\/p>\n<p>&#8211; S\u00e9curisation et valorisation de la cour de l&rsquo;\u00e9cole maternelle Chapeau Rouge <\/p>\n<p>&#8211; Un panneau \u00e9ducatif sur la Langue des Signes Fran\u00e7aise devant le parvis de la m\u00e9diath\u00e8que de Vaise <\/p>\n<p>&#8211; R\u00e9am\u00e9nagement des cours maternelles de l&rsquo;\u00e9cole des Grillons <\/p>\n<p>&#8211; Installer des jeux d&rsquo;eau pour les tout-petits \u00e0 la piscine de la Duch\u00e8re <\/p>\n<p>&#8211; Achat de mat\u00e9riels de son et de lumi\u00e8re pour les lieux associatifs culturels du 9e <\/p>\n<p>arrondissement <\/p>\n<p>&#8211; R\u00e9\u00e9quipement de la cuisine p\u00e9dagogique du Centre social Sauvegarde<\/p>\n<p><img loading=\"lazy\" decoding=\"async\" src=\"https:\/\/www.europesays.com\/fr\/wp-content\/uploads\/2025\/06\/1750297214_120_img\" width=\"350\" height=\"200\" border=\"0\" title=\"La grande roue sur la place Bellecour \u00c3\u00a0 Lyon.\"\/><\/p>\n<p>\u25baSoci\u00e9t\u00e9<\/p>\n<p style=\"font-size: 22px;\"><b>Budget participatif \u00e0 Lyon : les propositions marquantes de cette deuxi\u00e8me \u00e9dition<\/b><\/p>\n<p>Tyroliennes, distributeur de ballons, salle d&rsquo;escalade&#8230;<\/p>\n<p><\/p>\n","protected":false},"excerpt":{"rendered":"La Ville de Lyon a d\u00e9voil\u00e9, ce mercredi 18 juin, les projets retenus dans la 2e \u00e9dition du&hellip;\n","protected":false},"author":2,"featured_media":187251,"comment_status":"","ping_status":"","sticky":false,"template":"","format":"standard","meta":{"footnotes":""},"categories":[1889],"tags":[32497,1111,11,2430,13655,1777,674,1011,27,2428,12,25],"class_list":{"0":"post-187250","1":"post","2":"type-post","3":"status-publish","4":"format-standard","5":"has-post-thumbnail","7":"category-lyon","8":"tag-90-projets","9":"tag-actu","10":"tag-actualites","11":"tag-auvergne-rhone-alpes","12":"tag-budget-participatif","13":"tag-eu","14":"tag-europe","15":"tag-fr","16":"tag-france","17":"tag-lyon","18":"tag-news","19":"tag-republique-francaise"},"share_on_mastodon":{"url":"https:\/\/pubeurope.com\/@fr\/114707485509106514","error":""},"_links":{"self":[{"href":"https:\/\/www.europesays.com\/fr\/wp-json\/wp\/v2\/posts\/187250","targetHints":{"allow":["GET"]}}],"collection":[{"href":"https:\/\/www.europesays.com\/fr\/wp-json\/wp\/v2\/posts"}],"about":[{"href":"https:\/\/www.europesays.com\/fr\/wp-json\/wp\/v2\/types\/post"}],"author":[{"embeddable":true,"href":"https:\/\/www.europesays.com\/fr\/wp-json\/wp\/v2\/users\/2"}],"replies":[{"embeddable":true,"href":"https:\/\/www.europesays.com\/fr\/wp-json\/wp\/v2\/comments?post=187250"}],"version-history":[{"count":0,"href":"https:\/\/www.europesays.com\/fr\/wp-json\/wp\/v2\/posts\/187250\/revisions"}],"wp:featuredmedia":[{"embeddable":true,"href":"https:\/\/www.europesays.com\/fr\/wp-json\/wp\/v2\/media\/187251"}],"wp:attachment":[{"href":"https:\/\/www.europesays.com\/fr\/wp-json\/wp\/v2\/media?parent=187250"}],"wp:term":[{"taxonomy":"category","embeddable":true,"href":"https:\/\/www.europesays.com\/fr\/wp-json\/wp\/v2\/categories?post=187250"},{"taxonomy":"post_tag","embeddable":true,"href":"https:\/\/www.europesays.com\/fr\/wp-json\/wp\/v2\/tags?post=187250"}],"curies":[{"name":"wp","href":"https:\/\/api.w.org\/{rel}","templated":true}]}}