{"id":18726,"date":"2025-04-12T01:17:09","date_gmt":"2025-04-12T01:17:09","guid":{"rendered":"https:\/\/www.europesays.com\/fr\/18726\/"},"modified":"2025-04-12T01:17:09","modified_gmt":"2025-04-12T01:17:09","slug":"on-sera-la-la-nouvelle-chanson-de-jean-jacques-goldman-pour-le-bleuet-de-france-est-disponible","status":"publish","type":"post","link":"https:\/\/www.europesays.com\/fr\/18726\/","title":{"rendered":"\u00ab\u00a0On sera l\u00e0\u00a0\u00bb, la nouvelle chanson de Jean-Jacques Goldman pour le Bleuet de France, est disponible"},"content":{"rendered":"<p>        <img decoding=\"async\" loading=\"lazy\" src=\"https:\/\/www.europesays.com\/fr\/wp-content\/uploads\/2025\/04\/f76e57a_1658681602707-5c93719a230000a5006cdd61.jpeg\"  width=\"728\" height=\"409\" alt=\"Jean-Jacques Goldman n\u2019a pas h\u00e9sit\u00e9 \u00e0 apporter sa contribution au concert du \u00ab\u00a0Bleuet de France\u00a0\u00bb.\"\/>  <\/p>\n<p>AFP<\/p>\n<p>Jean-Jacques Goldman n\u2019a pas h\u00e9sit\u00e9 \u00e0 apporter sa contribution au concert du \u00ab\u00a0Bleuet de France\u00a0\u00bb.<\/p>\n<p class=\"asset asset-text\">MUSIQUE &#8211; Quand la musique est bonne, c\u2019est bien. Quand elle l\u2019est pour la bonne cause, c\u2019est peut-\u00eatre encore mieux. Presque 10\u00a0apr\u00e8s sa retraite prise en 2016, une nouvelle chanson \u00e9crite et compos\u00e9e par <a href=\"https:\/\/www.huffingtonpost.fr\/divertissement\/article\/l-hymne-de-la-star-academy-au-bout-de-mes-reves-chante-pour-la-premieres-fois-par-les-eleves-sur-tf1_225632.html\" rel=\"nofollow noopener\" target=\"_blank\">Jean-Jacques Goldman<\/a> est sortie. Un titre intitul\u00e9 On sera l\u00e0 et chant\u00e9 par les anciens gendarmes Elo\u00efz et Yvard, tous deux li\u00e9s au <a href=\"https:\/\/www.huffingtonpost.fr\/politique\/article\/11-novembre-le-bleuet-de-france-cette-fleur-symbole-qui-refleurit-a-chaque-commemoration_225608.html\" rel=\"nofollow noopener\" target=\"_blank\">Bleuet de France<\/a>.<\/p>\n<p class=\"asset asset-text\">Il a \u00e9t\u00e9 d\u00e9voil\u00e9 pour la premi\u00e8re fois lors du concert caritatif \u00ab\u00a0Sentinelles\u00a0d\u2019un soir\u00a0\u00bb de ce jeudi 10\u00a0avril \u00e0 la salle Pleyel \u00e0 <a href=\"https:\/\/www.huffingtonpost.fr\/politique\/article\/municipales-2026-qui-sont-les-gagnants-et-les-perdants-de-la-reforme-de-la-loi-plm_248548.html\" rel=\"nofollow noopener\" target=\"_blank\">Paris<\/a>. Un \u00e9v\u00e9nement au profit des <a href=\"https:\/\/www.huffingtonpost.fr\/international\/video\/anniversaire-du-debarquement-en-normandie-emmanuel-macron-decore-11-veterans-americains-de-la-legion-d-honneur_235084.html\" rel=\"nofollow noopener\" target=\"_blank\">anciens combattants<\/a>, des victimes de guerre et du terrorisme et des pupilles de la nation.<\/p>\n<p class=\"asset asset-text\">En fin de soir\u00e9e, apr\u00e8s les prestations de nombreux invit\u00e9s dont Jacky Mascarel, ancien musicien de \u00ab\u00a0JJG\u00a0\u00bb, Gr\u00e9goire, Chim\u00e8ne Badi ou encore David Hallyday, un message enregistr\u00e9 par l\u2019interpr\u00e8te d\u2019Envole-moi\u00a0a \u00e9t\u00e9 diffus\u00e9. \u00ab\u00a0Heureux et fier de pouvoir aider le Bleuet de France, qui accompagne ceux qui nous prot\u00e8gent et leurs familles. Bon concert \u00e0 tous\u00a0\u00bb, a souhait\u00e9 Jean-Jacques Goldman selon <a href=\"https:\/\/www.leparisien.fr\/culture-loisirs\/musique\/cest-un-immense-cadeau-comment-est-nee-la-nouvelle-chanson-de-jean-jacques-goldman-on-sera-la-11-04-2025-PZHMG7NQBVGE7PNLASOTVTIQEI.php\" target=\"_blank\" rel=\"noopener nofollow\" title=\"Nouvelle fen\u00eatre\">Le Parisien<\/a> avant que la chanson in\u00e9dite ne se lance.<\/p>\n<p> La lecture de ce contenu est susceptible d\u2019entra\u00eener un d\u00e9p\u00f4t de cookies de la part de l\u2019op\u00e9rateur tiers qui l\u2019h\u00e9berge. Compte-tenu des choix que vous avez exprim\u00e9s en mati\u00e8re de d\u00e9p\u00f4t de cookies, nous avons bloqu\u00e9 l\u2019affichage de ce contenu. Si vous souhaitez y acc\u00e9der, vous devez accepter la cat\u00e9gorie de cookies \u201cContenus tiers\u201d en cliquant sur le bouton ci-dessous. <\/p>\n<p> Lire la Vid\u00e9o              <\/p>\n<p class=\"asset asset-text\">Depuis ce vendredi 11\u00a0avril, le titre est \u00e9galement disponible sur les plateformes de streaming. Tous les revenus reviendront au Bleuet de France, qui a d\u00e9cid\u00e9 d\u2019en faire son hymne.<\/p>\n<p>                     Un enregistrement supervis\u00e9 par \u00ab\u00a0JJG\u00a0\u00bb    <\/p>\n<p class=\"asset asset-text\">Au micro, deux anciens gendarmes. Elo\u00efz, r\u00e9v\u00e9l\u00e9e pour sa reprise de Figures dans La France a un incroyable talent en 2020, s\u2019est lanc\u00e9e dans la pop avec le titre Hey Bro l\u2019ann\u00e9e pass\u00e9e. Le rockeur Yvard, gendarme mobile sp\u00e9cialis\u00e9 pendant vingt-cinq ans dans l\u2019antiterrorisme a commenc\u00e9 sa nouvelle carri\u00e8re apr\u00e8s une blessure une mission.<\/p>\n<p class=\"asset asset-text\">A la retraite depuis 2016, Jean-Jacques Goldman s\u2019est rendu en personne en r\u00e9gion parisienne pour coordonner l\u2019enregistrement le mois dernier. \u00ab\u00a0(Il) est tr\u00e8s studieux\u00a0\u00bb, explique Elo\u00efz sur <a href=\"https:\/\/www.bfmtv.com\/people\/musique\/on-sera-la-une-nouvelle-chanson-de-jean-jacques-goldman-sort-ce-vendredi_AV-202504110242.html\" target=\"_blank\" rel=\"noopener nofollow\" title=\"Nouvelle fen\u00eatre\">BFM TV<\/a>. \u00ab\u00a0Il sait ce qu\u2019il veut. Il aime quand tout est carr\u00e9 et comme il l\u2019a imagin\u00e9. En revanche, il laisse vraiment libre de donner notre avis, nos retours\u00a0\u00bb, nuance-t-elle.<\/p>\n<p class=\"asset asset-text\"><strong>\u00c0 voir \u00e9galement sur\u00a0Le HuffPost\u00a0:<\/strong><\/p>\n<p> La lecture de ce contenu est susceptible d\u2019entra\u00eener un d\u00e9p\u00f4t de cookies de la part de l\u2019op\u00e9rateur tiers qui l\u2019h\u00e9berge. Compte-tenu des choix que vous avez exprim\u00e9s en mati\u00e8re de d\u00e9p\u00f4t de cookies, nous avons bloqu\u00e9 l\u2019affichage de ce contenu. Si vous souhaitez y acc\u00e9der, vous devez accepter la cat\u00e9gorie de cookies \u201cContenus tiers\u201d en cliquant sur le bouton ci-dessous. <\/p>\n<p> Lire la Vid\u00e9o                <\/p>\n","protected":false},"excerpt":{"rendered":"AFP Jean-Jacques Goldman n\u2019a pas h\u00e9sit\u00e9 \u00e0 apporter sa contribution au concert du \u00ab\u00a0Bleuet de France\u00a0\u00bb. MUSIQUE &#8211;&hellip;\n","protected":false},"author":2,"featured_media":18727,"comment_status":"","ping_status":"","sticky":false,"template":"","format":"standard","meta":{"footnotes":""},"categories":[1359],"tags":[251,58,59,1011,27,7195,7386,873,973],"class_list":{"0":"post-18726","1":"post","2":"type-post","3":"status-publish","4":"format-standard","5":"has-post-thumbnail","7":"category-people","8":"tag-culture","9":"tag-divertissement","10":"tag-entertainment","11":"tag-fr","12":"tag-france","13":"tag-jean-jacques-goldman","14":"tag-militaires-francais","15":"tag-musique","16":"tag-people"},"share_on_mastodon":{"url":"https:\/\/pubeurope.com\/@fr\/114322357794755606","error":""},"_links":{"self":[{"href":"https:\/\/www.europesays.com\/fr\/wp-json\/wp\/v2\/posts\/18726","targetHints":{"allow":["GET"]}}],"collection":[{"href":"https:\/\/www.europesays.com\/fr\/wp-json\/wp\/v2\/posts"}],"about":[{"href":"https:\/\/www.europesays.com\/fr\/wp-json\/wp\/v2\/types\/post"}],"author":[{"embeddable":true,"href":"https:\/\/www.europesays.com\/fr\/wp-json\/wp\/v2\/users\/2"}],"replies":[{"embeddable":true,"href":"https:\/\/www.europesays.com\/fr\/wp-json\/wp\/v2\/comments?post=18726"}],"version-history":[{"count":0,"href":"https:\/\/www.europesays.com\/fr\/wp-json\/wp\/v2\/posts\/18726\/revisions"}],"wp:featuredmedia":[{"embeddable":true,"href":"https:\/\/www.europesays.com\/fr\/wp-json\/wp\/v2\/media\/18727"}],"wp:attachment":[{"href":"https:\/\/www.europesays.com\/fr\/wp-json\/wp\/v2\/media?parent=18726"}],"wp:term":[{"taxonomy":"category","embeddable":true,"href":"https:\/\/www.europesays.com\/fr\/wp-json\/wp\/v2\/categories?post=18726"},{"taxonomy":"post_tag","embeddable":true,"href":"https:\/\/www.europesays.com\/fr\/wp-json\/wp\/v2\/tags?post=18726"}],"curies":[{"name":"wp","href":"https:\/\/api.w.org\/{rel}","templated":true}]}}