{"id":187261,"date":"2025-06-19T01:46:17","date_gmt":"2025-06-19T01:46:17","guid":{"rendered":"https:\/\/www.europesays.com\/fr\/187261\/"},"modified":"2025-06-19T01:46:17","modified_gmt":"2025-06-19T01:46:17","slug":"quels-concerts-voir-a-paris","status":"publish","type":"post","link":"https:\/\/www.europesays.com\/fr\/187261\/","title":{"rendered":"quels concerts voir \u00e0 Paris ?"},"content":{"rendered":"<p>La France s\u2019appr\u00eate \u00e0 c\u00e9l\u00e9brer, pour la 44e fois, l\u2019arriv\u00e9e de l\u2019\u00e9t\u00e9 en musique. Cette ann\u00e9e encore, la capitale promet son lot de surprises avec des concerts dans toutes les rues, pour tous les go\u00fbts.<\/p>\n<p>Dans l\u2019Hexagone, c\u2019est d\u00e9sormais un rituel : l\u2019\u00e9t\u00e9 s\u2019accueille en musique. Or, cette tradition populaire, gratuite, joyeuse, fait d\u00e9sormais de l\u2019\u0153il \u00e0 l\u2019\u00e9tranger. Sur TikTok, de nombreux cr\u00e9ateurs anglo-saxons expriment leur fascination pour notre F\u00eate de la musique, partagent des extraits de DJ sets parisiens et des invitations enthousiastes \u00e0 vivre cette nuit hors du temps.<\/p>\n<blockquote class=\"instagram-media\" data-instgrm-captioned=\"\" data-instgrm-permalink=\"https:\/\/www.instagram.com\/p\/DJ9jLEyoMVi\/?utm_source=ig_embed&amp;utm_campaign=loading\" data-instgrm-version=\"14\" style=\" background:#FFF; border:0; border-radius:3px; box-shadow:0 0 1px 0 rgba(0,0,0,0.5),0 1px 10px 0 rgba(0,0,0,0.15); margin: 1px; max-width:540px; min-width:326px; padding:0; width:99.375%; width:-webkit-calc(100% - 2px); width:calc(100% - 2px);\"\/>\n<p>Rebaptis\u00e9e \u00ab\u00a0World Music Day\u00a0\u00bb dans la presse \u00e9trang\u00e8re, la f\u00eate s\u00e9duit pour son caract\u00e8re inclusif, instantan\u00e9 et pour sa capacit\u00e9 \u00e0 faire vibrer les rues. Cette ann\u00e9e, la co\u00efncidence du 21 juin avec un samedi promet une \u00e9dition particuli\u00e8rement festive. D\u2019autant plus que Paris d\u00e9ploie un programme dense, \u00e9clectique et en grande partie gratuit. Tour d\u2019horizon des concerts et lieux \u00e0 ne pas manquer.<\/p>\n<p>Le Louvre joue la carte des grands noms<\/p>\n<p>C\u2019est sans doute le concert le plus attendu de cette \u00e9dition 2025 : dans le cadre de la \u00ab\u00a0France Music Week\u00a0\u00bb, les Jardins du Louvre accueilleront 35 000 spectateurs pour une soir\u00e9e exceptionnelle. D\u00e8s 21h, <a href=\"https:\/\/www.fnac.com\/Christine-And-The-Queens\/ia2553263\" target=\"_blank\" rel=\"noreferrer noopener nofollow\">Christine and the Queens<\/a>, <a href=\"https:\/\/www.fnac.com\/Jeanne-Added\/ia3644993\" target=\"_blank\" rel=\"noreferrer noopener nofollow\">Jeanne Added<\/a>, Solann et Camille se succ\u00e8deront sur sc\u00e8ne, avant que Major Lazer Soundsystem et Miss Monique ne prennent le relais derri\u00e8re les platines. L\u2019acc\u00e8s est gratuit mais sur inscription.<\/p>\n<blockquote class=\"instagram-media\" data-instgrm-captioned=\"\" data-instgrm-permalink=\"https:\/\/www.instagram.com\/reel\/DK__ojwsfmG\/?utm_source=ig_embed&amp;utm_campaign=loading\" data-instgrm-version=\"14\" style=\" background:#FFF; border:0; border-radius:3px; box-shadow:0 0 1px 0 rgba(0,0,0,0.5),0 1px 10px 0 rgba(0,0,0,0.15); margin: 1px; max-width:540px; min-width:326px; padding:0; width:99.375%; width:-webkit-calc(100% - 2px); width:calc(100% - 2px);\"\/>\n<p>France Inter renouvelle sa d\u00e9sormais traditionnelle soir\u00e9e \u00e0 l\u2019Olympia. L\u2019institution radiophonique invite cette ann\u00e9e <a href=\"https:\/\/leclaireur.fnac.com\/article\/550835-mon-sang-3-choses-a-savoir-sur-lalbum-de-clara-luciani\/\" target=\"_blank\" rel=\"noreferrer noopener nofollow\">Clara Luciani<\/a>, Benjamin Biolay, Yam\u00ea et <a href=\"https:\/\/leclaireur.fnac.com\/article\/cp54028-georgio-nous-replonge-dans-ses-annees-sauvages\/\" target=\"_blank\" rel=\"noreferrer noopener nofollow\">Georgio<\/a> \u00e0 occuper la sc\u00e8ne du mythique boulevard des Capucines. Une programmation gratuite mais accessible uniquement sur r\u00e9servation.<\/p>\n<p><strong>Sc\u00e8ne \u00e9lectro : open airs, clubs et label stars<\/strong><\/p>\n<p>C\u2019est le genre roi de cette \u00e9dition 2025. Du Marais \u00e0 Bercy, Paris r\u00e9sonnera de basses et de beats. D\u00e8s 19h, Myd s\u2019installe rue Notre-Dame-de-Nazareth, \u00e0 la boutique A.P.C., pour un DJ set en plein air. Non loin de l\u00e0, Joe &amp; The Juice (8e) devient l\u2019\u00e9picentre d\u2019une f\u00eate sign\u00e9e Ed Banger, avec Breakbot &amp; Irfane, Busy P et Tatyane Jane.<\/p>\n<blockquote class=\"instagram-media\" data-instgrm-captioned=\"\" data-instgrm-permalink=\"https:\/\/www.instagram.com\/reel\/DK9toEkK08m\/?utm_source=ig_embed&amp;utm_campaign=loading\" data-instgrm-version=\"14\" style=\" background:#FFF; border:0; border-radius:3px; box-shadow:0 0 1px 0 rgba(0,0,0,0.5),0 1px 10px 0 rgba(0,0,0,0.15); margin: 1px; max-width:540px; min-width:326px; padding:0; width:99.375%; width:-webkit-calc(100% - 2px); width:calc(100% - 2px);\"\/>\n<p>Au Djoon (13e), la soir\u00e9e se poursuit sous le m\u00e9tro a\u00e9rien avec une block party house et afro jusqu\u2019\u00e0 6h. Boiler Room, en partenariat avec Converse, investit le boulevard Diderot (12e) de 15h \u00e0 minuit avec La F\u00e8ve, Brazy et une \u00e9coute priv\u00e9e de Mustafa The Poet. Quant au collectif Omizs, il transforme la place Madeleine en dancefloor chic, avant un after jusqu\u2019\u00e0 l\u2019aube au Papillon Club.<\/p>\n<p>Musiques du monde, jazz et d\u00e9couvertes<\/p>\n<p>Plus au sud, la Cit\u00e9 Universitaire (14e) promet une f\u00eate cosmopolite d\u00e8s 15h : folk su\u00e9dois, jazz argentin, gnawa marocain\u2026 avec Livy Ben, Quinteto del Plata et Moroccan Gnawa For Life. \u00c0 partir de 22h, place \u00e0 l\u2019\u00e9lectro avec Marina Trench et le duo Breakbot &amp; Irfane, toujours eux. Dans cet esprit d\u2019ouverture, le Verre Taquin (10e) fait la part belle \u00e0 la musique br\u00e9silienne avec le collectif Preto Novo et le retour attendu de Bonde das Maravilhas.<\/p>\n<blockquote class=\"instagram-media\" data-instgrm-captioned=\"\" data-instgrm-permalink=\"https:\/\/www.instagram.com\/p\/DKusaEQx_qI\/?utm_source=ig_embed&amp;utm_campaign=loading\" data-instgrm-version=\"14\" style=\" background:#FFF; border:0; border-radius:3px; box-shadow:0 0 1px 0 rgba(0,0,0,0.5),0 1px 10px 0 rgba(0,0,0,0.15); margin: 1px; max-width:540px; min-width:326px; padding:0; width:99.375%; width:-webkit-calc(100% - 2px); width:calc(100% - 2px);\"\/>\n<p>Pour les amateurs de guitares et de textes cisel\u00e9s, la Block Party Super Bock d\u00e9ploie ses sc\u00e8nes dans une quarantaine de lieux. Mention sp\u00e9ciale \u00e0 la BAE Party rue Oberkampf, au concert de Capitaine Roshi dans le XVIIIe et au duo J\u00e4de-Nelick dans le XXe. \u00c0 l\u2019Impasse Saint-S\u00e9bastien (11e), une hip-hop block party c\u00e9l\u00e8bre le groove, le funk et le rap old school avec DJ Ced Swift, DJ Real et Walter Wallace.<\/p>\n<p>Ambiance guinguette et bal musette<\/p>\n<p>Enfin, pour ceux qui pr\u00e9f\u00e8rent la valse et les accord\u00e9ons aux machines, le Rosa Bonheur sur Seine (7e) propose une apr\u00e8s-midi bal musette sur les quais, de 14h \u00e0 20h. Un moment interg\u00e9n\u00e9rationnel, joyeux, entre tango, madison et chansons populaires. Preuve que la F\u00eate de la musique n\u2019oublie jamais personne.<\/p>\n<p><strong class=\"small\">En stock<\/strong><\/p>\n<p>        Acheter sur Fnac.com<\/p>\n<p>Officiellement lanc\u00e9 en 1982 \u00e0 l\u2019initiative de Jack Lang et Maurice Fleuret, cet \u00e9v\u00e9nement fran\u00e7ais s\u2019inspire \u00e0 l\u2019origine des \u00ab\u00a0Saturnales\u00a0\u00bb musicales propos\u00e9es en 1976 par Jo\u00ebl Cohen. Depuis, cet appel \u00e0 \u00ab\u00a0faire de la musique\u00a0\u00bb le 21 juin s\u2019est transform\u00e9 en moment quasi mondial, c\u00e9l\u00e9br\u00e9 dans plus de 120 pays. Et si nos voisins y trouvent un peu de jalousie ou d\u2019envie, c\u2019est peut-\u00eatre qu\u2019ils ont raison : consacrer le jour le plus long de l\u2019ann\u00e9e \u00e0 la musique, \u00e0 l\u2019art et \u00e0 la rue, c\u2019est c\u00e9l\u00e9brer ce que l\u2019\u00e9t\u00e9 a de plus essentiel.<\/p>\n<p>        <script async src=\"\/\/www.instagram.com\/embed.js\"><\/script><\/p>\n","protected":false},"excerpt":{"rendered":"La France s\u2019appr\u00eate \u00e0 c\u00e9l\u00e9brer, pour la 44e fois, l\u2019arriv\u00e9e de l\u2019\u00e9t\u00e9 en musique. Cette ann\u00e9e encore, la&hellip;\n","protected":false},"author":2,"featured_media":187262,"comment_status":"","ping_status":"","sticky":false,"template":"","format":"standard","meta":{"footnotes":""},"categories":[1888],"tags":[11,7036,24805,22007,1697,1777,674,1011,27,12,626,25],"class_list":{"0":"post-187261","1":"post","2":"type-post","3":"status-publish","4":"format-standard","5":"has-post-thumbnail","7":"category-paris","8":"tag-actualites","9":"tag-benjamin-biolay","10":"tag-christine-and-the-queens","11":"tag-clara-luciani","12":"tag-concert","13":"tag-eu","14":"tag-europe","15":"tag-fr","16":"tag-france","17":"tag-news","18":"tag-paris","19":"tag-republique-francaise"},"share_on_mastodon":{"url":"https:\/\/pubeurope.com\/@fr\/114707509299452821","error":""},"_links":{"self":[{"href":"https:\/\/www.europesays.com\/fr\/wp-json\/wp\/v2\/posts\/187261","targetHints":{"allow":["GET"]}}],"collection":[{"href":"https:\/\/www.europesays.com\/fr\/wp-json\/wp\/v2\/posts"}],"about":[{"href":"https:\/\/www.europesays.com\/fr\/wp-json\/wp\/v2\/types\/post"}],"author":[{"embeddable":true,"href":"https:\/\/www.europesays.com\/fr\/wp-json\/wp\/v2\/users\/2"}],"replies":[{"embeddable":true,"href":"https:\/\/www.europesays.com\/fr\/wp-json\/wp\/v2\/comments?post=187261"}],"version-history":[{"count":0,"href":"https:\/\/www.europesays.com\/fr\/wp-json\/wp\/v2\/posts\/187261\/revisions"}],"wp:featuredmedia":[{"embeddable":true,"href":"https:\/\/www.europesays.com\/fr\/wp-json\/wp\/v2\/media\/187262"}],"wp:attachment":[{"href":"https:\/\/www.europesays.com\/fr\/wp-json\/wp\/v2\/media?parent=187261"}],"wp:term":[{"taxonomy":"category","embeddable":true,"href":"https:\/\/www.europesays.com\/fr\/wp-json\/wp\/v2\/categories?post=187261"},{"taxonomy":"post_tag","embeddable":true,"href":"https:\/\/www.europesays.com\/fr\/wp-json\/wp\/v2\/tags?post=187261"}],"curies":[{"name":"wp","href":"https:\/\/api.w.org\/{rel}","templated":true}]}}