{"id":187271,"date":"2025-06-19T01:51:08","date_gmt":"2025-06-19T01:51:08","guid":{"rendered":"https:\/\/www.europesays.com\/fr\/187271\/"},"modified":"2025-06-19T01:51:08","modified_gmt":"2025-06-19T01:51:08","slug":"allemagne-bochum-apres-la-fermeture-de-lusine-opel-regarder-le-documentaire-complet","status":"publish","type":"post","link":"https:\/\/www.europesays.com\/fr\/187271\/","title":{"rendered":"Allemagne : Bochum apr\u00e8s la fermeture de l&rsquo;usine Opel &#8211; Regarder le documentaire complet"},"content":{"rendered":"<p>La ville de Bochum, situ\u00e9e dans l&rsquo;ouest de l&rsquo;Allemagne, a longtemps \u00e9t\u00e9 le symbole du constructeur de voitures Opel&#8230; Jusqu&rsquo;\u00e0 la fermeture de son usine et la perte de pr\u00e8s de 3 000 emplois en 2014. Aujourd&rsquo;hui, la ville accueille des laboratoires de recherche, un makerspace ou encore des entreprises sp\u00e9cialis\u00e9es dans la cybers\u00e9curit\u00e9. Un exemple de transition r\u00e9ussie.<\/p>\n","protected":false},"excerpt":{"rendered":"La ville de Bochum, situ\u00e9e dans l&rsquo;ouest de l&rsquo;Allemagne, a longtemps \u00e9t\u00e9 le symbole du constructeur de voitures&hellip;\n","protected":false},"author":2,"featured_media":187272,"comment_status":"","ping_status":"","sticky":false,"template":"","format":"standard","meta":{"footnotes":""},"categories":[1587],"tags":[11,672,1804,1805,1803,1777,674,1801,12,1802],"class_list":{"0":"post-187271","1":"post","2":"type-post","3":"status-publish","4":"format-standard","5":"has-post-thumbnail","7":"category-allemagne","8":"tag-actualites","9":"tag-allemagne","10":"tag-bundesrepublik-deutschland","11":"tag-de","12":"tag-deutschland","13":"tag-eu","14":"tag-europe","15":"tag-germany","16":"tag-news","17":"tag-republique-federale-dallemagne"},"share_on_mastodon":{"url":"https:\/\/pubeurope.com\/@fr\/114707528642150249","error":""},"_links":{"self":[{"href":"https:\/\/www.europesays.com\/fr\/wp-json\/wp\/v2\/posts\/187271","targetHints":{"allow":["GET"]}}],"collection":[{"href":"https:\/\/www.europesays.com\/fr\/wp-json\/wp\/v2\/posts"}],"about":[{"href":"https:\/\/www.europesays.com\/fr\/wp-json\/wp\/v2\/types\/post"}],"author":[{"embeddable":true,"href":"https:\/\/www.europesays.com\/fr\/wp-json\/wp\/v2\/users\/2"}],"replies":[{"embeddable":true,"href":"https:\/\/www.europesays.com\/fr\/wp-json\/wp\/v2\/comments?post=187271"}],"version-history":[{"count":0,"href":"https:\/\/www.europesays.com\/fr\/wp-json\/wp\/v2\/posts\/187271\/revisions"}],"wp:featuredmedia":[{"embeddable":true,"href":"https:\/\/www.europesays.com\/fr\/wp-json\/wp\/v2\/media\/187272"}],"wp:attachment":[{"href":"https:\/\/www.europesays.com\/fr\/wp-json\/wp\/v2\/media?parent=187271"}],"wp:term":[{"taxonomy":"category","embeddable":true,"href":"https:\/\/www.europesays.com\/fr\/wp-json\/wp\/v2\/categories?post=187271"},{"taxonomy":"post_tag","embeddable":true,"href":"https:\/\/www.europesays.com\/fr\/wp-json\/wp\/v2\/tags?post=187271"}],"curies":[{"name":"wp","href":"https:\/\/api.w.org\/{rel}","templated":true}]}}