{"id":187277,"date":"2025-06-19T01:54:10","date_gmt":"2025-06-19T01:54:10","guid":{"rendered":"https:\/\/www.europesays.com\/fr\/187277\/"},"modified":"2025-06-19T01:54:10","modified_gmt":"2025-06-19T01:54:10","slug":"la-justice-ordonne-un-interrogatoire-de-sa-grand-tante-en-vue-dune-possible-mise-en-examen","status":"publish","type":"post","link":"https:\/\/www.europesays.com\/fr\/187277\/","title":{"rendered":"la justice ordonne un interrogatoire de sa grand-tante en vue d&rsquo;une possible mise en examen"},"content":{"rendered":"<p>La justice a ordonn\u00e9 ce mercredi 18 juin un nouvel interrogatoire de la grand-tante du <a href=\"https:\/\/www.laprovence.com\/article\/faits-divers-justice\/8009280388755114\/affaire-du-petit-gregory-les-nouvelles-expertises-adn-nont-pas-apporte-delements-significatifs\" target=\"_blank\" rel=\"noopener\">petit Gr\u00e9gory Villemin<\/a>, tu\u00e9 en 1984, en vue de sa possible mise en examen pour \u00ab\u00a0association de malfaiteur criminelle\u00a0\u00bb, a indiqu\u00e9 le procureur g\u00e9n\u00e9ral de la Cour d&rsquo;appel de Dijon.<\/p>\n<p>La convocation de Jacqueline Jacob, qu&rsquo;une expertise en graphologie a d\u00e9sign\u00e9 comme l&rsquo;auteur d&rsquo;une lettre anonyme mena\u00e7ante adress\u00e9e en 1983 aux parents du petit Gr\u00e9gory, \u00ab\u00a0ne devrait pas intervenir avant quelques mois\u00a0\u00bb, pr\u00e9cise Philippe Astruc dans un communiqu\u00e9.<\/p>\n","protected":false},"excerpt":{"rendered":"La justice a ordonn\u00e9 ce mercredi 18 juin un nouvel interrogatoire de la grand-tante du petit Gr\u00e9gory Villemin,&hellip;\n","protected":false},"author":2,"featured_media":187278,"comment_status":"","ping_status":"","sticky":false,"template":"","format":"standard","meta":{"footnotes":""},"categories":[2],"tags":[17,11,13060,274,1011,27,15705,1988,32499,303,12,11759,25,13373],"class_list":{"0":"post-187277","1":"post","2":"type-post","3":"status-publish","4":"format-standard","5":"has-post-thumbnail","7":"category-actualites","8":"tag-17","9":"tag-actualites","10":"tag-affaire","11":"tag-faits-divers-justice","12":"tag-fr","13":"tag-france","14":"tag-grand-tante","15":"tag-gregory","16":"tag-interrogatoire","17":"tag-justice","18":"tag-news","19":"tag-ordonne","20":"tag-republique-francaise","21":"tag-vue"},"share_on_mastodon":{"url":"https:\/\/pubeurope.com\/@fr\/114707540439825748","error":""},"_links":{"self":[{"href":"https:\/\/www.europesays.com\/fr\/wp-json\/wp\/v2\/posts\/187277","targetHints":{"allow":["GET"]}}],"collection":[{"href":"https:\/\/www.europesays.com\/fr\/wp-json\/wp\/v2\/posts"}],"about":[{"href":"https:\/\/www.europesays.com\/fr\/wp-json\/wp\/v2\/types\/post"}],"author":[{"embeddable":true,"href":"https:\/\/www.europesays.com\/fr\/wp-json\/wp\/v2\/users\/2"}],"replies":[{"embeddable":true,"href":"https:\/\/www.europesays.com\/fr\/wp-json\/wp\/v2\/comments?post=187277"}],"version-history":[{"count":0,"href":"https:\/\/www.europesays.com\/fr\/wp-json\/wp\/v2\/posts\/187277\/revisions"}],"wp:featuredmedia":[{"embeddable":true,"href":"https:\/\/www.europesays.com\/fr\/wp-json\/wp\/v2\/media\/187278"}],"wp:attachment":[{"href":"https:\/\/www.europesays.com\/fr\/wp-json\/wp\/v2\/media?parent=187277"}],"wp:term":[{"taxonomy":"category","embeddable":true,"href":"https:\/\/www.europesays.com\/fr\/wp-json\/wp\/v2\/categories?post=187277"},{"taxonomy":"post_tag","embeddable":true,"href":"https:\/\/www.europesays.com\/fr\/wp-json\/wp\/v2\/tags?post=187277"}],"curies":[{"name":"wp","href":"https:\/\/api.w.org\/{rel}","templated":true}]}}