{"id":18728,"date":"2025-04-12T01:18:25","date_gmt":"2025-04-12T01:18:25","guid":{"rendered":"https:\/\/www.europesays.com\/fr\/18728\/"},"modified":"2025-04-12T01:18:25","modified_gmt":"2025-04-12T01:18:25","slug":"voici-les-nouvelles-fresques-ephemeres-dinspirations-urbaines","status":"publish","type":"post","link":"https:\/\/www.europesays.com\/fr\/18728\/","title":{"rendered":"voici les nouvelles fresques \u00e9ph\u00e9m\u00e8res d\u2019Inspirations urbaines"},"content":{"rendered":"<p> Dans le cadre de l\u2019op\u00e9ration \u00ab\u00a0Inspirations urbaines\u00a0\u00bb, organis\u00e9e d\u00e9but avril conjointement par l\u2019association commer\u00e7ante et la Ville, dix devantures de commerces vacants du centre-ville de Saint-Marcellin ont pris des couleurs \u00e0 la faveur de l\u2019intervention de quinze artistes du collectif Sorry Graffiti. Visite guid\u00e9e des \u0153uvres une fois termin\u00e9es.<\/p>\n","protected":false},"excerpt":{"rendered":"Dans le cadre de l\u2019op\u00e9ration \u00ab\u00a0Inspirations urbaines\u00a0\u00bb, organis\u00e9e d\u00e9but avril conjointement par l\u2019association commer\u00e7ante et la Ville, dix&hellip;\n","protected":false},"author":2,"featured_media":18729,"comment_status":"","ping_status":"","sticky":false,"template":"","format":"standard","meta":{"footnotes":""},"categories":[1358],"tags":[1348,1384,1385,4406,1687,1386,58,114,59,1011,27,2798,108,7387,7388],"class_list":{"0":"post-18728","1":"post","2":"type-post","3":"status-publish","4":"format-standard","5":"has-post-thumbnail","7":"category-arts-et-design","8":"tag-arts","9":"tag-arts-and-design","10":"tag-arts-et-design","11":"tag-commerce-et-services","12":"tag-culture-loisirs","13":"tag-design","14":"tag-divertissement","15":"tag-edition-voiron-saint-marcellin","16":"tag-entertainment","17":"tag-fr","18":"tag-france","19":"tag-galerie-photo","20":"tag-isere","21":"tag-saint-marcellin","22":"tag-saint-marcellin-bassin"},"share_on_mastodon":{"url":"https:\/\/pubeurope.com\/@fr\/114322361795723006","error":""},"_links":{"self":[{"href":"https:\/\/www.europesays.com\/fr\/wp-json\/wp\/v2\/posts\/18728","targetHints":{"allow":["GET"]}}],"collection":[{"href":"https:\/\/www.europesays.com\/fr\/wp-json\/wp\/v2\/posts"}],"about":[{"href":"https:\/\/www.europesays.com\/fr\/wp-json\/wp\/v2\/types\/post"}],"author":[{"embeddable":true,"href":"https:\/\/www.europesays.com\/fr\/wp-json\/wp\/v2\/users\/2"}],"replies":[{"embeddable":true,"href":"https:\/\/www.europesays.com\/fr\/wp-json\/wp\/v2\/comments?post=18728"}],"version-history":[{"count":0,"href":"https:\/\/www.europesays.com\/fr\/wp-json\/wp\/v2\/posts\/18728\/revisions"}],"wp:featuredmedia":[{"embeddable":true,"href":"https:\/\/www.europesays.com\/fr\/wp-json\/wp\/v2\/media\/18729"}],"wp:attachment":[{"href":"https:\/\/www.europesays.com\/fr\/wp-json\/wp\/v2\/media?parent=18728"}],"wp:term":[{"taxonomy":"category","embeddable":true,"href":"https:\/\/www.europesays.com\/fr\/wp-json\/wp\/v2\/categories?post=18728"},{"taxonomy":"post_tag","embeddable":true,"href":"https:\/\/www.europesays.com\/fr\/wp-json\/wp\/v2\/tags?post=18728"}],"curies":[{"name":"wp","href":"https:\/\/api.w.org\/{rel}","templated":true}]}}