{"id":187295,"date":"2025-06-19T02:06:11","date_gmt":"2025-06-19T02:06:11","guid":{"rendered":"https:\/\/www.europesays.com\/fr\/187295\/"},"modified":"2025-06-19T02:06:11","modified_gmt":"2025-06-19T02:06:11","slug":"mariage-surprise-dans-les-rangs-de-tpmp-une-ancienne-chroniqueuse-a-dit-oui-a-son-cheri","status":"publish","type":"post","link":"https:\/\/www.europesays.com\/fr\/187295\/","title":{"rendered":"Mariage surprise dans les rangs de TPMP : une ancienne chroniqueuse a dit \u00ab\u00a0oui\u00a0\u00bb \u00e0 son ch\u00e9ri"},"content":{"rendered":"<p>      R\u00e9sum\u00e9<\/p>\n<p>Meriem Debbagh, ancienne chroniqueuse de TPMP, a r\u00e9cemment officialis\u00e9 son mariage avec son compagnon lors d\u2019une publication sobre et \u00e9mouvante sur Instagram.<\/p>\n<p>        Sommaire<\/p>\n<p>C&rsquo;est une bien jolie surprise que Meriem Debbagh a r\u00e9serv\u00e9 \u00e0 ses abonn\u00e9s ce mercredi 18 juin 2025. L&rsquo;ancienne chroniqueuse de <a href=\"https:\/\/www.public.fr\/tag\/touche-pas-a-mon-poste\" target=\"_blank\" rel=\"noopener\">Touche Pas \u00e0 Mon Poste <\/a>(TPMP) vient en effet de franchir un cap important dans sa vie personnelle. <strong>Elle a dit \u00ab\u00a0oui\u00a0\u00bb \u00e0 l&rsquo;homme qui partage sa vie<\/strong> !<\/p>\n<p>Sur <a href=\"https:\/\/www.instagram.com\/meriemdebbagh\/\" target=\"_blank\" rel=\"noreferrer noopener\">Instagram<\/a>, la jeune femme a partag\u00e9 une photo pleine d&rsquo;\u00e9motion sur laquelle elle pose au bras de son d\u00e9sormais mari. C\u00f4te \u00e0 c\u00f4te dans des tenues assorties, le couple respire le bonheur. <\/p>\n<p>En l\u00e9gende, Meriem a simplement \u00e9crit : \u00ab\u00a0<strong>Mr &amp; Mrs Ch<\/strong>\u00a0\u00bb suivi de plusieurs \u00e9mojis dont un c\u0153ur et une alliance. Une mani\u00e8re bien \u00e0 elle d&rsquo;officialiser leur union avec pudeur et \u00e9l\u00e9gance. <\/p>\n<p>Tr\u00e8s discr\u00e8te sur sa vie priv\u00e9e, c&rsquo;est la toute premi\u00e8re fois que la jeune femme d\u00e9voile le visage de son cher et tendre. Et le moins que l&rsquo;on puisse dire, c&rsquo;est que ses abonn\u00e9s ont appr\u00e9ci\u00e9 le geste. En moins de 30 minutes, la jolie blonde avait d\u00e9j\u00e0 r\u00e9colt\u00e9 <strong>plus de 30 000 likes<\/strong>. Preuve que son couple ne manque pas de faire r\u00eaver les internautes. <\/p>\n<p>Meriem Debbagh fait scandale dans TPMP<\/p>\n<p>Bien qu&rsquo;\u00e9loign\u00e9e des projecteurs, Meriem Debbagh avait fait sensation lors de son passage sur le plateau de Touche pas \u00e0 mon poste en 2020.<\/p>\n<p>Invit\u00e9e par Cyril Hanouna \u00e0 rejoindre l&rsquo;\u00e9quipe, elle s&rsquo;\u00e9tait illustr\u00e9e par <strong>ses propos tranch\u00e9s concernant le remix d&rsquo;un hadith, un texte religieux musulman, diffus\u00e9 lors du d\u00e9fil\u00e9 Savage x Fenty de la chanteuse Rihanna<\/strong>. <\/p>\n<p>\u00ab\u00a0Moi, je trouve que limite\u00a0<strong>j&rsquo;ai envie de la tuer&#8230;<\/strong> parce que \u00e7a ne se fait pas du tout. D\u00e9j\u00e0\u00a0son d\u00e9fil\u00e9 c&rsquo;est de la merde, son d\u00e9fil\u00e9 est catastrophique et la lingerie est\u00a0nulle \u00e0 chier\u00a0! En plus, elle sortait avec un prince saoudien avant, donc elle sait ce qu&rsquo;elle a mis dans son show !\u00a0\u00bb, avait-elle lanc\u00e9. Un avis qui avait rapidement d\u00e9cha\u00een\u00e9 les passions et pouss\u00e9 le trublion du PAF \u00e0 r\u00e9agir. <\/p>\n<p>      Mentionn\u00e9s dans cet article<\/p>\n<p>\u00c0 lire aussi<\/p>\n<p><script async src=\"\/\/www.instagram.com\/embed.js\"><\/script><\/p>\n","protected":false},"excerpt":{"rendered":"R\u00e9sum\u00e9 Meriem Debbagh, ancienne chroniqueuse de TPMP, a r\u00e9cemment officialis\u00e9 son mariage avec son compagnon lors d\u2019une publication&hellip;\n","protected":false},"author":2,"featured_media":187296,"comment_status":"","ping_status":"","sticky":false,"template":"","format":"standard","meta":{"footnotes":""},"categories":[1359],"tags":[58,59,1011,27,1930,973,549],"class_list":{"0":"post-187295","1":"post","2":"type-post","3":"status-publish","4":"format-standard","5":"has-post-thumbnail","7":"category-people","8":"tag-divertissement","9":"tag-entertainment","10":"tag-fr","11":"tag-france","12":"tag-mariage","13":"tag-people","14":"tag-touche-pas-a-mon-poste"},"share_on_mastodon":{"url":"https:\/\/pubeurope.com\/@fr\/114707587678261853","error":""},"_links":{"self":[{"href":"https:\/\/www.europesays.com\/fr\/wp-json\/wp\/v2\/posts\/187295","targetHints":{"allow":["GET"]}}],"collection":[{"href":"https:\/\/www.europesays.com\/fr\/wp-json\/wp\/v2\/posts"}],"about":[{"href":"https:\/\/www.europesays.com\/fr\/wp-json\/wp\/v2\/types\/post"}],"author":[{"embeddable":true,"href":"https:\/\/www.europesays.com\/fr\/wp-json\/wp\/v2\/users\/2"}],"replies":[{"embeddable":true,"href":"https:\/\/www.europesays.com\/fr\/wp-json\/wp\/v2\/comments?post=187295"}],"version-history":[{"count":0,"href":"https:\/\/www.europesays.com\/fr\/wp-json\/wp\/v2\/posts\/187295\/revisions"}],"wp:featuredmedia":[{"embeddable":true,"href":"https:\/\/www.europesays.com\/fr\/wp-json\/wp\/v2\/media\/187296"}],"wp:attachment":[{"href":"https:\/\/www.europesays.com\/fr\/wp-json\/wp\/v2\/media?parent=187295"}],"wp:term":[{"taxonomy":"category","embeddable":true,"href":"https:\/\/www.europesays.com\/fr\/wp-json\/wp\/v2\/categories?post=187295"},{"taxonomy":"post_tag","embeddable":true,"href":"https:\/\/www.europesays.com\/fr\/wp-json\/wp\/v2\/tags?post=187295"}],"curies":[{"name":"wp","href":"https:\/\/api.w.org\/{rel}","templated":true}]}}