{"id":187297,"date":"2025-06-19T02:07:12","date_gmt":"2025-06-19T02:07:12","guid":{"rendered":"https:\/\/www.europesays.com\/fr\/187297\/"},"modified":"2025-06-19T02:07:12","modified_gmt":"2025-06-19T02:07:12","slug":"il-leur-insufflait-des-sentiments-august-schenck-le-peintre-animalier-oublie-qui-humanisait-les-moutons","status":"publish","type":"post","link":"https:\/\/www.europesays.com\/fr\/187297\/","title":{"rendered":"\u00ab\u00a0Il leur insufflait des sentiments\u00a0\u00bb\u00a0: August Schenck, le peintre animalier oubli\u00e9 qui humanisait les moutons"},"content":{"rendered":"<p class=\"paragraph text_align_left\">Aujourd\u2019hui, son nom ne r\u00e9sonne pas aussi fort que celui de <a href=\"https:\/\/www.leparisien.fr\/seine-et-marne-77\/bicentenaire-de-la-naissance-de-rosa-bonheur-404-000-visiteurs-a-lexposition-evenement-a-bordeaux-et-a-paris-21-01-2023-DFVKMO7SEZBWVEBNTT2TQTVM4A.php\" target=\"_self\" rel=\"nofollow noopener\">Rosa Bonheur<\/a>. Pourtant, en son temps, August Friedrich Schenck, \u00e9galement peintre animalier, a lui aussi marqu\u00e9 son \u00e9poque et sans aucun doute la ville <a href=\"https:\/\/www.leparisien.fr\/val-d-oise-95\/ecouen-95440\/\" target=\"_self\" rel=\"nofollow noopener\">d\u2019\u00c9couen <\/a>(Val-d\u2019Oise) dans laquelle il a v\u00e9cu quarante ans, jusqu\u2019\u00e0 sa mort en 1901.<\/p>\n<p class=\"paragraph text_align_left\">\u00ab Il a beaucoup vendu et expos\u00e9, jusqu\u2019au Metropolitan Museum of Art (MET) de New York o\u00f9 Salvador Dali d\u00e9couvrira une de ses toiles dans les ann\u00e9es 1940 et en fera m\u00eame une adaptation \u00bb, souligne <a href=\"https:\/\/www.leparisien.fr\/val-d-oise-95\/il-veut-faire-rentrer-les-peintres-d-ecouen-au-musee-d-orsay-10-05-2018-7709160.php\" target=\"_self\" rel=\"nofollow noopener\">Christian Dauchel,<\/a> pr\u00e9sident de l\u2019association l\u2019\u00c9cole des <a href=\"https:\/\/www.leparisien.fr\/val-d-oise-95\/ecouen-95440\/a-la-decouverte-des-peintres-du-xixeme-siecle-a-ecouen-28-03-2017-6804294.php\" target=\"_self\" rel=\"nofollow noopener\">peintres d\u2019\u00c9couen au XIXe si\u00e8cle<\/a>. Il est aussi le coauteur de la toute premi\u00e8re monographie qui vient de sortir au sujet de cet artiste (\u00c9ditions Cinabre), quelque peu oubli\u00e9 d\u00e9sormais malgr\u00e9 un destin singulier.<\/p>\n","protected":false},"excerpt":{"rendered":"Aujourd\u2019hui, son nom ne r\u00e9sonne pas aussi fort que celui de Rosa Bonheur. Pourtant, en son temps, August&hellip;\n","protected":false},"author":2,"featured_media":187298,"comment_status":"","ping_status":"","sticky":false,"template":"","format":"standard","meta":{"footnotes":""},"categories":[1358],"tags":[1348,1384,1385,872,1386,58,32500,59,1011,27,1944,6601],"class_list":{"0":"post-187297","1":"post","2":"type-post","3":"status-publish","4":"format-standard","5":"has-post-thumbnail","7":"category-arts-et-design","8":"tag-arts","9":"tag-arts-and-design","10":"tag-arts-et-design","11":"tag-culture-et-loisirs","12":"tag-design","13":"tag-divertissement","14":"tag-ecouen-95440","15":"tag-entertainment","16":"tag-fr","17":"tag-france","18":"tag-ma-ville","19":"tag-val-d-oise"},"share_on_mastodon":{"url":"https:\/\/pubeurope.com\/@fr\/114707591599660737","error":""},"_links":{"self":[{"href":"https:\/\/www.europesays.com\/fr\/wp-json\/wp\/v2\/posts\/187297","targetHints":{"allow":["GET"]}}],"collection":[{"href":"https:\/\/www.europesays.com\/fr\/wp-json\/wp\/v2\/posts"}],"about":[{"href":"https:\/\/www.europesays.com\/fr\/wp-json\/wp\/v2\/types\/post"}],"author":[{"embeddable":true,"href":"https:\/\/www.europesays.com\/fr\/wp-json\/wp\/v2\/users\/2"}],"replies":[{"embeddable":true,"href":"https:\/\/www.europesays.com\/fr\/wp-json\/wp\/v2\/comments?post=187297"}],"version-history":[{"count":0,"href":"https:\/\/www.europesays.com\/fr\/wp-json\/wp\/v2\/posts\/187297\/revisions"}],"wp:featuredmedia":[{"embeddable":true,"href":"https:\/\/www.europesays.com\/fr\/wp-json\/wp\/v2\/media\/187298"}],"wp:attachment":[{"href":"https:\/\/www.europesays.com\/fr\/wp-json\/wp\/v2\/media?parent=187297"}],"wp:term":[{"taxonomy":"category","embeddable":true,"href":"https:\/\/www.europesays.com\/fr\/wp-json\/wp\/v2\/categories?post=187297"},{"taxonomy":"post_tag","embeddable":true,"href":"https:\/\/www.europesays.com\/fr\/wp-json\/wp\/v2\/tags?post=187297"}],"curies":[{"name":"wp","href":"https:\/\/api.w.org\/{rel}","templated":true}]}}