{"id":18730,"date":"2025-04-12T01:19:09","date_gmt":"2025-04-12T01:19:09","guid":{"rendered":"https:\/\/www.europesays.com\/fr\/18730\/"},"modified":"2025-04-12T01:19:09","modified_gmt":"2025-04-12T01:19:09","slug":"un-livre-pour-percer-les-secrets-de-la-gatine-en-samusant","status":"publish","type":"post","link":"https:\/\/www.europesays.com\/fr\/18730\/","title":{"rendered":"un livre pour percer les secrets de la G\u00e2tine en s\u2019amusant"},"content":{"rendered":"<p>D\u2019o\u00f9 vient le nom G\u00e2tine\u00a0? C\u2019est quoi, le Nombril du monde\u00a0? Et la grimolle\u00a0? Jean Rouzi\u00e8s et Laetitia Landois l\u00e8vent un voile sur ces myst\u00e8res dans un livre pour les enfants qui vient de para\u00eetre chez La Geste, Les p\u2019tits secrets de la G\u00e2tine. Un ouvrage ludique qui, en une trentaine de pages, permet d\u2019explorer en s\u2019amusant ce territoire des Deux-S\u00e8vres\u00a0: Ciboulette la chouette y r\u00e9pond aux questions que lui pose son amie P\u00e2querette, dont la curiosit\u00e9 est sans limite.<\/p>\n<p>Jean Rouzi\u00e8s a exerc\u00e9 la profession de journaliste en grande partie au sein de La Nouvelle R\u00e9publique dans les Deux-S\u00e8vres. Il vit aujourd\u2019hui \u00e0 Ardin. En 2022, il avait d\u00e9j\u00e0 fait para\u00eetre <a target=\"_self\" href=\"https:\/\/www.lanouvellerepublique.fr\/niort\/les-deux-sevres-contees-aux-5-10-ans\" rel=\"noopener\">un livre pour les 5-10\u00a0ans<\/a>, un guide d\u00e9couverte consacr\u00e9 aux P\u2019tits secrets des Deux-S\u00e8vres : on y d\u00e9couvrait ainsi l\u2019histoire des dragons de Niort ou de Gargantua dans le Marais poitevin. L\u2019auteur a \u00e9galement sign\u00e9 Les Deux-S\u00e8vres remarquables, associ\u00e9 au photographe Michel Paradinas, et un ouvrage proposant seize circuits de randonn\u00e9e \u00e0 faire \u00e0 pied, \u00e0 v\u00e9lo ou \u00e0 cheval \u00e0 travers la G\u00e2tine.<\/p>\n<p>L\u2019illustratrice Laetitia Landois vit \u00e0 Toulouse. Elle a exerc\u00e9 durant quatorze ans comme maquettiste dans la presse sp\u00e9cialis\u00e9e et l\u2019\u00e9dition, puis comme graphiste dans la communication. Les personnages et les univers color\u00e9s sont sa marque de fabrique.<\/p>\n<p>\u00ab\u00a0Les p\u2019tits secrets de la G\u00e2tine\u00a0\u00bb, Petit Geste, 32 pages, 9,90\u00a0\u20ac.<\/p>\n","protected":false},"excerpt":{"rendered":"D\u2019o\u00f9 vient le nom G\u00e2tine\u00a0? C\u2019est quoi, le Nombril du monde\u00a0? Et la grimolle\u00a0? Jean Rouzi\u00e8s et Laetitia&hellip;\n","protected":false},"author":2,"featured_media":18731,"comment_status":"","ping_status":"","sticky":false,"template":"","format":"standard","meta":{"footnotes":""},"categories":[1357],"tags":[1392,1379,2545,58,59,1011,27,1380,1393,2551],"class_list":{"0":"post-18730","1":"post","2":"type-post","3":"status-publish","4":"format-standard","5":"has-post-thumbnail","7":"category-livres","8":"tag-a-la-une-local","9":"tag-books","10":"tag-deux-sevres","11":"tag-divertissement","12":"tag-entertainment","13":"tag-fr","14":"tag-france","15":"tag-livres","16":"tag-loisirs","17":"tag-patrimoine"},"share_on_mastodon":{"url":"https:\/\/pubeurope.com\/@fr\/114322365766937911","error":""},"_links":{"self":[{"href":"https:\/\/www.europesays.com\/fr\/wp-json\/wp\/v2\/posts\/18730","targetHints":{"allow":["GET"]}}],"collection":[{"href":"https:\/\/www.europesays.com\/fr\/wp-json\/wp\/v2\/posts"}],"about":[{"href":"https:\/\/www.europesays.com\/fr\/wp-json\/wp\/v2\/types\/post"}],"author":[{"embeddable":true,"href":"https:\/\/www.europesays.com\/fr\/wp-json\/wp\/v2\/users\/2"}],"replies":[{"embeddable":true,"href":"https:\/\/www.europesays.com\/fr\/wp-json\/wp\/v2\/comments?post=18730"}],"version-history":[{"count":0,"href":"https:\/\/www.europesays.com\/fr\/wp-json\/wp\/v2\/posts\/18730\/revisions"}],"wp:featuredmedia":[{"embeddable":true,"href":"https:\/\/www.europesays.com\/fr\/wp-json\/wp\/v2\/media\/18731"}],"wp:attachment":[{"href":"https:\/\/www.europesays.com\/fr\/wp-json\/wp\/v2\/media?parent=18730"}],"wp:term":[{"taxonomy":"category","embeddable":true,"href":"https:\/\/www.europesays.com\/fr\/wp-json\/wp\/v2\/categories?post=18730"},{"taxonomy":"post_tag","embeddable":true,"href":"https:\/\/www.europesays.com\/fr\/wp-json\/wp\/v2\/tags?post=18730"}],"curies":[{"name":"wp","href":"https:\/\/api.w.org\/{rel}","templated":true}]}}