{"id":187301,"date":"2025-06-19T02:09:16","date_gmt":"2025-06-19T02:09:16","guid":{"rendered":"https:\/\/www.europesays.com\/fr\/187301\/"},"modified":"2025-06-19T02:09:16","modified_gmt":"2025-06-19T02:09:16","slug":"qui-est-dans-le-sas-premier-clash-dans-secret-story-ethan-atomise-theo","status":"publish","type":"post","link":"https:\/\/www.europesays.com\/fr\/187301\/","title":{"rendered":"\u00ab\u00a0Qui est dans le sas ?\u00a0\u00bb : premier clash dans \u00ab\u00a0Secret Story\u00a0\u00bb, Ethan atomise Th\u00e9o"},"content":{"rendered":"<p>      R\u00e9sum\u00e9<\/p>\n<p>Dans Secret Story, un premier conflit \u00e9clate entre Ethan et Th\u00e9o, r\u00e9v\u00e9lant tensions et strat\u00e9gies au sein des candidats lors des nominations.<\/p>\n<p>        Sommaire<\/p>\n<p>A Secret Story, les clashs sont rois. <strong>Et il ne fallait pas attendre longtemps pour que les premi\u00e8res inimiti\u00e9s \u00e9mergent<\/strong>. Depuis <a href=\"https:\/\/vsd.fr\/82077-secret-story-danciens-candidats-mettent-en-garde-les-futurs-habitants-de-la-maison-des-secrets\/\" rel=\"nofollow noopener\" target=\"_blank\">le d\u00e9but de la saison 13<\/a>, Th\u00e9o ne cache pas son affinit\u00e9 avec Pimprenelle et Noah&#8230; mais il ne cache pas non plus l&rsquo;inimiti\u00e9 qu&rsquo;il porte envers Ethan. Si le jeune homme est persuad\u00e9 d&rsquo;avoir trouv\u00e9 son secret et a effectivement bien devin\u00e9 <a href=\"https:\/\/www.public.fr\/secret-story-2025-une-video-dethan-le-frere-deden-hazard-enfant-ressurgit-et-un-detail-interpelle\" rel=\"nofollow noopener\" target=\"_blank\">qu&rsquo;il \u00e9tait le petit fr\u00e8re d&rsquo;Eden Hazard<\/a>, il ne le porte pour autant pas dans son c\u0153ur&#8230;<\/p>\n<p>Ce mercredi, dans la quotidienne de Secret Story, <strong>Ethan lui a bien rendu<\/strong>&#8230; En effet, apr\u00e8s avoir r\u00e9ussi une \u00e9nigme que lui a envoy\u00e9e La Voix, le jeune homme a r\u00e9ussi \u00e0 se sauver de la nomination, et a permis \u00e9galement \u00e0 Mayer de revenir dans la maison des secrets. <strong>Il a choisi en \u00e9change Pimprenelle et Th\u00e9o<\/strong>, qui ont donc rejoint Marianne sur le banc des nomm\u00e9s. Une nouvelle que Th\u00e9o a eu du mal \u00e0 encaisser&#8230;<\/p>\n<p>Pour Th\u00e9o, Ethan est un dormeur&#8230;<\/p>\n<p>Le soir venu, Secret Story a propos\u00e9 une soir\u00e9e questions-r\u00e9ponses aux habitants, avec toute la v\u00e9rit\u00e9, et rien que la v\u00e9rit\u00e9. Et forc\u00e9ment, lorsque la question pos\u00e9e \u00e0 Ethan portait sur les raisons de son choix, le jeune footballeur a assum\u00e9 vouloir <strong>casser le bin\u00f4me de Pimprenelle et Th\u00e9o<\/strong>, qu&rsquo;il juge trop puissant et strat\u00e8ge&#8230; De quoi agacer Th\u00e9o qui, enferm\u00e9 dans la maison de cristal, a lanc\u00e9 les hostilit\u00e9s.<\/p>\n<p><strong>\u00ab\u00a0Je me dis que \u00e7a aide de dormir\u00a0\u00bb a tanc\u00e9 Th\u00e9o<\/strong>&#8230; Le jeune homme a fait r\u00e9f\u00e9rence au d\u00e9but d&rsquo;aventure d&rsquo;Ethan, qui a eu du mal \u00e0 s&rsquo;int\u00e9grer \u00e0 Secret Story. Mais depuis quelques jours, Ethan s&rsquo;est rapproch\u00e9 de plusieurs candidats, <a href=\"https:\/\/www.public.fr\/secret-story-2025-ethan-le-petit-frere-deden-hazard-devient-le-chouchou-des-telespectateurs\" rel=\"nofollow noopener\" target=\"_blank\">et s&rsquo;est parfaitement int\u00e9gr\u00e9<\/a>. De quoi \u00e9veiller la jalousie de Th\u00e9o, qui s&rsquo;est fait <strong>rapidement envoyer sur les roses par son ennemi<\/strong> :<strong> \u00ab\u00a0Qui est dans le sas ?\u00a0\u00bb<\/strong><\/p>\n<p>Les fans de \u00ab\u00a0Secret Story\u00a0\u00bb soutiennent Ethan<\/p>\n<p>Sur la Toile, les fans de Secret Story n&rsquo;ont pas perdu une miette de ce petit clash&#8230; <strong>Et sans surprise, tout le monde a donn\u00e9 raison \u00e0 Ethan<\/strong>. \u00ab\u00a0Ethan qui a r\u00e9solu l\u2019\u00e9nigme et qui envoie Th\u00e9o dans la maison de cristal on stream\u00a0\u00bb s&rsquo;est r\u00e9joui l&rsquo;un d&rsquo;entre eux, suivi par des dizaines d&rsquo;autres : \u00ab\u00a0Ethan qui remet Th\u00e9o \u00e0 sa place\u00a0\u00bb, \u00ab\u00a0Vous avez vu comment Th\u00e9o fait grave le mec envers Ethan, mais il ferme bien sa gueule avec les autres ? Comportement d&rsquo;harceleur si on me demande\u00a0\u00bb, \u00ab\u00a0<strong>Th\u00e9o qui disait qu&rsquo;Ethan \u00e9tait un joueur faible, mais c&rsquo;est lui qui termine dans le sas<\/strong>\u00ab\u00a0\u2026<\/p>\n<p>Ethan va-t-il asseoir sa vengeance et <strong>provoquer l&rsquo;\u00e9limination de Th\u00e9o<\/strong> face \u00e0 ses amies Pimprenelle et Marianne ? Pour le savoir, le premier prime de Secret Story sera diffus\u00e9 ce jeudi 19 juin sur TFX, d\u00e8s 21h10.<\/p>\n<p>      Mentionn\u00e9s dans cet article<\/p>\n<p>\u00c0 lire aussi<\/p>\n","protected":false},"excerpt":{"rendered":"R\u00e9sum\u00e9 Dans Secret Story, un premier conflit \u00e9clate entre Ethan et Th\u00e9o, r\u00e9v\u00e9lant tensions et strat\u00e9gies au sein&hellip;\n","protected":false},"author":2,"featured_media":187302,"comment_status":"","ping_status":"","sticky":false,"template":"","format":"standard","meta":{"footnotes":""},"categories":[1356],"tags":[5410,12232,58,59,1011,27,29901,252,1364],"class_list":{"0":"post-187301","1":"post","2":"type-post","3":"status-publish","4":"format-standard","5":"has-post-thumbnail","7":"category-television","8":"tag-christophe-beaugrand","9":"tag-clash","10":"tag-divertissement","11":"tag-entertainment","12":"tag-fr","13":"tag-france","14":"tag-secret-story","15":"tag-television","16":"tag-tv"},"share_on_mastodon":{"url":"https:\/\/pubeurope.com\/@fr\/114707599576839584","error":""},"_links":{"self":[{"href":"https:\/\/www.europesays.com\/fr\/wp-json\/wp\/v2\/posts\/187301","targetHints":{"allow":["GET"]}}],"collection":[{"href":"https:\/\/www.europesays.com\/fr\/wp-json\/wp\/v2\/posts"}],"about":[{"href":"https:\/\/www.europesays.com\/fr\/wp-json\/wp\/v2\/types\/post"}],"author":[{"embeddable":true,"href":"https:\/\/www.europesays.com\/fr\/wp-json\/wp\/v2\/users\/2"}],"replies":[{"embeddable":true,"href":"https:\/\/www.europesays.com\/fr\/wp-json\/wp\/v2\/comments?post=187301"}],"version-history":[{"count":0,"href":"https:\/\/www.europesays.com\/fr\/wp-json\/wp\/v2\/posts\/187301\/revisions"}],"wp:featuredmedia":[{"embeddable":true,"href":"https:\/\/www.europesays.com\/fr\/wp-json\/wp\/v2\/media\/187302"}],"wp:attachment":[{"href":"https:\/\/www.europesays.com\/fr\/wp-json\/wp\/v2\/media?parent=187301"}],"wp:term":[{"taxonomy":"category","embeddable":true,"href":"https:\/\/www.europesays.com\/fr\/wp-json\/wp\/v2\/categories?post=187301"},{"taxonomy":"post_tag","embeddable":true,"href":"https:\/\/www.europesays.com\/fr\/wp-json\/wp\/v2\/tags?post=187301"}],"curies":[{"name":"wp","href":"https:\/\/api.w.org\/{rel}","templated":true}]}}