{"id":187303,"date":"2025-06-19T02:10:14","date_gmt":"2025-06-19T02:10:14","guid":{"rendered":"https:\/\/www.europesays.com\/fr\/187303\/"},"modified":"2025-06-19T02:10:14","modified_gmt":"2025-06-19T02:10:14","slug":"trois-fils-des-beatles-devoilent-un-morceau-inedit-baptise-rip-off","status":"publish","type":"post","link":"https:\/\/www.europesays.com\/fr\/187303\/","title":{"rendered":"Trois fils des Beatles d\u00e9voilent un morceau in\u00e9dit baptis\u00e9 \u00ab\u00a0Rip Off\u00a0\u00bb"},"content":{"rendered":"<ul class=\"jsx-862013697 ArticleChapo__List\">\n<li class=\"jsx-862013697 ArticleChapo__List_Item flex\">Les enfants de Ringo Starr, John Lennon et Paul McCartney ont enregistr\u00e9 ensemble un morceau in\u00e9dit baptis\u00e9 \u00ab\u00a0Rip Off\u00a0\u00bb.<\/li>\n<li class=\"jsx-862013697 ArticleChapo__List_Item flex\">Le trio, qui ne souhaite pas fonder un groupe, a indiqu\u00e9 que cela restait une collaboration ponctuelle.<\/li>\n<li class=\"jsx-862013697 ArticleChapo__List_Item flex\">En avril dernier, Sean Ono Lennon et James McCartney avaient d\u00e9j\u00e0 collabor\u00e9 ensemble.<\/li>\n<\/ul>\n<p data-module=\"article-paragraph\" class=\"jsx-3046738180 Paragraph Paragraph__End\">La rel\u00e8ve des Beatles est assur\u00e9e. Les enfants de Ringo Starr, John Lennon et Paul McCartney ont enregistr\u00e9 tous les trois un morceau in\u00e9dit baptis\u00e9 \u00ab\u00a0Rip Off\u00a0\u00bb. Zak Starkey, le fils de Ringo Starr, batteur (comme son c\u00e9l\u00e8bre p\u00e8re) du groupe Mantra of the Cosmos, a d\u00e9voil\u00e9 sur son compte Instagram ce titre en collaboration avec Sean Ono Lennon, le fils de John Lennon et de Yoko Ono, et James McCartney, le quatri\u00e8me enfant de Paul McCartney. Seul manque \u00e0 l&rsquo;appel Dhani Harrison, le fils de George Harrison.<\/p>\n<blockquote class=\"jsx-2786790838 Quote__Text\"><p>Ce n&rsquo;est pas une chanson des Beatles&#8230; C&rsquo;est plut\u00f4t un peu Mantra of the Cosmos avec un peu d&rsquo;eux<\/p><\/blockquote>\n<p>Zak Starkey<\/p>\n<p data-module=\"article-paragraph\" class=\"jsx-3046738180 Paragraph Paragraph__End\">Le trio, qui ne souhaite toutefois pas fonder un groupe, a indiqu\u00e9 que cela restait une collaboration ponctuelle. Pour Zak Starkey, cette chanson est un hommage aux Beatles. \u00ab\u00a0Ce n\u2019est pas une chanson des Beatles&#8230; C\u2019est plut\u00f4t un peu Mantra of the Cosmos avec un peu d\u2019eux\u00a0\u00bb a-t-il confi\u00e9 \u00e0 <a href=\"https:\/\/www.telegraph.co.uk\/music\/interviews\/zak-starkey-interview-ringo-starr\/\" target=\"_blank\" rel=\"noopener\">The Telegraph (nouvelle fen\u00eatre)<\/a>.\u00a0<\/p>\n<p><a href=\"https:\/\/www.tf1info.fr\/culture\/biopic-des-beatles-on-connait-enfin-le-casting-des-quatre-films-realises-par-sam-mendes-2362694.html\" rel=\"noopener\" class=\"jsx-3308031228 Link flex\" target=\"_blank\"><img decoding=\"async\" src=\"https:\/\/www.europesays.com\/fr\/wp-content\/uploads\/2025\/06\/the-beatles-film-sam-mendes-94e957-0@1x.jpeg\" alt=\"De gauche \u00e0 droite : Sam Mendes, Joseph Quinn, Barry Keoghan, Harris Dickinson et Paul Mescal.\" loading=\"lazy\" importance=\"low\" fetchpriority=\"low\" class=\"\"\/><\/p>\n<p class=\"jsx-3657663356 ReadMoreArticle__Title\">Lire aussi<\/p>\n<p class=\"jsx-3657663356\">Biopic des Beatles : on connait enfin le casting des quatre films r\u00e9alis\u00e9s par Sam Mendes <\/p>\n<p><\/a><\/p>\n<p data-module=\"article-paragraph\" class=\"jsx-3046738180 Paragraph Paragraph__End\">\u00ab\u00a0Si nous avions pass\u00e9 trois ans \u00e0 dormir sur des matelas infest\u00e9s de puces dans l&rsquo;arri\u00e8re-salle d&rsquo;un club de Hambourg, il y aurait peut-\u00eatre eu une alchimie\u00a0\u00bb, avait-il \u00e9galement d\u00e9clar\u00e9 avec humour en 2023 <a href=\"https:\/\/www.nme.com\/news\/music\/fans-love-the-way-ringo-starrs-son-zak-starkey-shut-down-the-chances-of-beatles-childrens-supergroup-3547866\" target=\"_blank\" rel=\"nofollow noopener\">dans le m\u00e9dia NME (nouvelle fen\u00eatre)<\/a>. \u00ab\u00a0Mais on a grandi dans la soie et des maisons si grandes qu&rsquo;il fallait faire des kilom\u00e8tres pour se faire une tartine, vous voyez\u00a0\u00bb, avait-il ajout\u00e9.\u00a0<\/p>\n<p data-module=\"article-paragraph\" class=\"jsx-3046738180 Paragraph Paragraph__End\">Ce n&rsquo;est pas la premi\u00e8re fois que les enfants des Beatles se r\u00e9unissent. En avril dernier, Sean Ono Lennon et James McCartney avaient d\u00e9j\u00e0 collabor\u00e9 ensemble pour le titre \u00ab\u00a0Primrose Hill\u00a0\u00bb, une chanson acoustique \u00e9crite par les deux artistes et interpr\u00e9t\u00e9e par James McCartney.<\/p>\n<p>Rania HOBALLAH<\/p>\n","protected":false},"excerpt":{"rendered":"Les enfants de Ringo Starr, John Lennon et Paul McCartney ont enregistr\u00e9 ensemble un morceau in\u00e9dit baptis\u00e9 \u00ab\u00a0Rip&hellip;\n","protected":false},"author":2,"featured_media":187304,"comment_status":"","ping_status":"","sticky":false,"template":"","format":"standard","meta":{"footnotes":""},"categories":[1355],"tags":[1111,11,1921,58,59,1011,27,1922,6246,500,2041,1361,873,32501,973,133,2040],"class_list":{"0":"post-187303","1":"post","2":"type-post","3":"status-publish","4":"format-standard","5":"has-post-thumbnail","7":"category-musique","8":"tag-actu","9":"tag-actualites","10":"tag-article-video","11":"tag-divertissement","12":"tag-entertainment","13":"tag-fr","14":"tag-france","15":"tag-info","16":"tag-john-lennon","17":"tag-medias","18":"tag-medias-et-divertissement","19":"tag-music","20":"tag-musique","21":"tag-paul-mccartney","22":"tag-people","23":"tag-video","24":"tag-video-culture"},"share_on_mastodon":{"url":"https:\/\/pubeurope.com\/@fr\/114707603517599945","error":""},"_links":{"self":[{"href":"https:\/\/www.europesays.com\/fr\/wp-json\/wp\/v2\/posts\/187303","targetHints":{"allow":["GET"]}}],"collection":[{"href":"https:\/\/www.europesays.com\/fr\/wp-json\/wp\/v2\/posts"}],"about":[{"href":"https:\/\/www.europesays.com\/fr\/wp-json\/wp\/v2\/types\/post"}],"author":[{"embeddable":true,"href":"https:\/\/www.europesays.com\/fr\/wp-json\/wp\/v2\/users\/2"}],"replies":[{"embeddable":true,"href":"https:\/\/www.europesays.com\/fr\/wp-json\/wp\/v2\/comments?post=187303"}],"version-history":[{"count":0,"href":"https:\/\/www.europesays.com\/fr\/wp-json\/wp\/v2\/posts\/187303\/revisions"}],"wp:featuredmedia":[{"embeddable":true,"href":"https:\/\/www.europesays.com\/fr\/wp-json\/wp\/v2\/media\/187304"}],"wp:attachment":[{"href":"https:\/\/www.europesays.com\/fr\/wp-json\/wp\/v2\/media?parent=187303"}],"wp:term":[{"taxonomy":"category","embeddable":true,"href":"https:\/\/www.europesays.com\/fr\/wp-json\/wp\/v2\/categories?post=187303"},{"taxonomy":"post_tag","embeddable":true,"href":"https:\/\/www.europesays.com\/fr\/wp-json\/wp\/v2\/tags?post=187303"}],"curies":[{"name":"wp","href":"https:\/\/api.w.org\/{rel}","templated":true}]}}