{"id":187307,"date":"2025-06-19T02:12:15","date_gmt":"2025-06-19T02:12:15","guid":{"rendered":"https:\/\/www.europesays.com\/fr\/187307\/"},"modified":"2025-06-19T02:12:15","modified_gmt":"2025-06-19T02:12:15","slug":"vivre-isole-est-aussi-mauvais-pour-la-sante-que-fumer-quinze-cigarettes-par-jour","status":"publish","type":"post","link":"https:\/\/www.europesays.com\/fr\/187307\/","title":{"rendered":"\u00abVivre isol\u00e9 est aussi mauvais pour la sant\u00e9 que fumer quinze cigarettes par jour\u00bb"},"content":{"rendered":"<p><strong>VU D\u2019AILLEURS <\/strong>&#8211; Les personnes atteintes de maladies auto-immunes sont souvent des personnes qui ont d\u00fb refouler leurs \u00e9motions, selon Gabor Mat\u00e9, m\u00e9decin renomm\u00e9 et chercheur sp\u00e9cialis\u00e9 en traumatologie.<\/p>\n<p class=\"fig-paragraph\">Par Agnieska Jucewicz (Gazeta Wyborcza)<\/p>\n<p class=\"fig-paragraph\">\u00abC\u2019est lui, l\u2019homme des traumatismes\u00a0?\u00bb m\u2019a-t-on demand\u00e9 lorsque j\u2019ai annonc\u00e9 que j\u2019allais interviewer\u00a0<a href=\"http:\/\/madame.lefigaro.fr\/celebrites\/actu-people\/qui-est-le-dr-gabor-mate-le-mysterieux-medecin-qui-doit-interviewer-le-prince-harry-ce-week-end-20230302\" data-fig-type=\"Article\" data-gtm-custom-categorie=\"navigation\" data-gtm-custom-action=\"crossclick\" data-gtm-custom-label=\"Contextuel\" data-gtm-event=\"customEventSPE\" data-fig-domain=\"MADAME\" target=\"_blank\" rel=\"noopener\">Gabor Mat\u00e9<\/a>. L\u2019expression \u00ab l\u2019homme des traumatisme\u00a0\u00bb appara\u00eet en effet parfois \u00e0 c\u00f4t\u00e9 du nom de ce c\u00e9l\u00e8bre m\u00e9decin canadien. Et selon qui la prononce, elle peut exprimer du respect, de l\u2019admiration, de la gratitude, de la distance, ou parfois du sarcasme.<\/p>\n<p class=\"fig-paragraph\">Pionnier pour les uns, simple m\u00e9decin pour les autres, Mat\u00e9 est aussi un auteur qui propose un regard singulier sur les addictions (Les d\u00e9pendances, ces fant\u00f4mes insatiables), les effets du stress chronique (Quand le corps dit non), le\u00a0<a href=\"http:\/\/sante.lefigaro.fr\/medecine\/les-enfants-de-meres-diabetiques-ont-davantage-de-risque-de-souffrir-d-autisme-ou-de-tdah-20250408\" data-fig-type=\"NewsFlash\" data-gtm-custom-categorie=\"navigation\" data-gtm-custom-action=\"crossclick\" data-gtm-custom-label=\"Contextuel\" data-gtm-event=\"customEventSPE\" data-fig-domain=\"SANTE\" target=\"_blank\" rel=\"noopener\">TDAH\u00a0<\/a>(L\u2019esprit dispers\u00e9), ou encore l\u2019influence des conditions sociales, \u00e9conomiques et politiques sur la sant\u00e9 \u2013 une th\u00e9matique qu\u2019il explore dans son dernier ouvrage, co\u00e9crit avec son fils Daniel\u00a0: Le mythe de la normalit\u00e9. Le traumatisme, la maladie et la gu\u00e9rison dans une culture toxique.<\/p>\n<p class=\"fig-body-link\">\n            \u00c0 lire aussi<br \/>\n        <a class=\"fig-body-link__link fig-premium-mark\" href=\"http:\/\/www.lefigaro.fr\/langue-francaise\/actu-des-mots\/dyslexie-dyspraxie-tdah-les-enseignants-desarmes-face-a-l-explosion-des-diagnostics-20250309\" data-fig-type=\"Article\" data-gtm-custom-categorie=\"navigation\" data-gtm-custom-action=\"crossclick\" data-gtm-custom-label=\"Contextuel\" data-gtm-event=\"customEventSPE\" data-fig-domain=\"LEFIGARO\" target=\"_blank\" rel=\"noopener\">Dyslexie, dyspraxie, TDAH\u2026 Les enseignants d\u00e9sarm\u00e9s face \u00e0 l\u2019explosion des diagnostics<br \/>\n    <\/a>\n<\/p>\n<p>C\u00e9r\u00e9monies d\u2019ayahuasca avec des chamans d\u2019Amazonie<\/p>\n<p class=\"fig-paragraph\">Les critiques ne manquent pas non plus. Certains lui reprochent\u2026<\/p>\n<p class=\"fig-premium-paywall__infos\">\n        Cet article est r\u00e9serv\u00e9 aux abonn\u00e9s.        Il vous reste 98% \u00e0 d\u00e9couvrir.\n    <\/p>\n<p>                <img  data- alt=\"Le Figaro\" class=\"fig-img--complete fig-img\"\/><\/p>\n<p class=\"fig-premium-paywall__title\">Vente Flash<\/p>\n<p class=\"fig-premium-paywall__subtitle\">3,99\u20ac par mois pendant 12 mois. Sans engagement.<\/p>\n<p class=\"fig-premium-paywall__connect\">\n                D\u00e9j\u00e0 abonn\u00e9\u00a0?                <a class=\"fig-premium-paywall__connect-link\" href=\"https:\/\/connect.lefigaro.fr\/login?client=horizon_web&amp;type=main&amp;redirect_uri=https%3A%2F%2Fwww.lefigaro.fr%2Fdemain%2Fsante%2Fvivre-isole-est-aussi-mauvais-pour-la-sante-que-fumer-quinze-cigarettes-par-jour-20250618\" data-js-gtm=\"{&quot;customCategorie&quot;: &quot;conversion&quot;, &quot;customAction&quot;: &quot;before_Landing_Connexion_paywall_auto&quot;, &quot;customLabel&quot;: &quot;bGVmaWdhcm8uZnJfXzFmMDRiOTMyLTViYTEtNmRmMC1hNzE1LWM3NjEwZDhkOWU0Zl9fQXJ0aWNsZQ==_\u00abVivre isol\u00e9 est aussi mauvais pour la sant\u00e9 que fumer quinze cigarettes par jour\u00bb_59&quot;, &quot;customIDSPE&quot;: &quot;bGVmaWdhcm8uZnJfXzFmMDRiOTMyLTViYTEtNmRmMC1hNzE1LWM3NjEwZDhkOWU0Zl9fQXJ0aWNsZQ==&quot;, &quot;event&quot;: &quot;customEventSPE&quot;}\" target=\"_blank\" rel=\"noopener\"><br \/>\n                    Connectez-vous<br \/>\n                <\/a>\n            <\/p>\n","protected":false},"excerpt":{"rendered":"VU D\u2019AILLEURS &#8211; Les personnes atteintes de maladies auto-immunes sont souvent des personnes qui ont d\u00fb refouler leurs&hellip;\n","protected":false},"author":2,"featured_media":187308,"comment_status":"","ping_status":"","sticky":false,"template":"","format":"standard","meta":{"footnotes":""},"categories":[10],"tags":[12424,1011,27,1943,72,32502,224,71,15563],"class_list":{"0":"post-187307","1":"post","2":"type-post","3":"status-publish","4":"format-standard","5":"has-post-thumbnail","7":"category-sante","8":"tag-figaro-demain","9":"tag-fr","10":"tag-france","11":"tag-handicap","12":"tag-health","13":"tag-maladie-chronique","14":"tag-medecine","15":"tag-sante","16":"tag-solitude"},"share_on_mastodon":{"url":"https:\/\/pubeurope.com\/@fr\/114707611261043653","error":""},"_links":{"self":[{"href":"https:\/\/www.europesays.com\/fr\/wp-json\/wp\/v2\/posts\/187307","targetHints":{"allow":["GET"]}}],"collection":[{"href":"https:\/\/www.europesays.com\/fr\/wp-json\/wp\/v2\/posts"}],"about":[{"href":"https:\/\/www.europesays.com\/fr\/wp-json\/wp\/v2\/types\/post"}],"author":[{"embeddable":true,"href":"https:\/\/www.europesays.com\/fr\/wp-json\/wp\/v2\/users\/2"}],"replies":[{"embeddable":true,"href":"https:\/\/www.europesays.com\/fr\/wp-json\/wp\/v2\/comments?post=187307"}],"version-history":[{"count":0,"href":"https:\/\/www.europesays.com\/fr\/wp-json\/wp\/v2\/posts\/187307\/revisions"}],"wp:featuredmedia":[{"embeddable":true,"href":"https:\/\/www.europesays.com\/fr\/wp-json\/wp\/v2\/media\/187308"}],"wp:attachment":[{"href":"https:\/\/www.europesays.com\/fr\/wp-json\/wp\/v2\/media?parent=187307"}],"wp:term":[{"taxonomy":"category","embeddable":true,"href":"https:\/\/www.europesays.com\/fr\/wp-json\/wp\/v2\/categories?post=187307"},{"taxonomy":"post_tag","embeddable":true,"href":"https:\/\/www.europesays.com\/fr\/wp-json\/wp\/v2\/tags?post=187307"}],"curies":[{"name":"wp","href":"https:\/\/api.w.org\/{rel}","templated":true}]}}