{"id":187309,"date":"2025-06-19T02:13:16","date_gmt":"2025-06-19T02:13:16","guid":{"rendered":"https:\/\/www.europesays.com\/fr\/187309\/"},"modified":"2025-06-19T02:13:16","modified_gmt":"2025-06-19T02:13:16","slug":"psg-ousmane-dembele-sentraine-toujours-a-part","status":"publish","type":"post","link":"https:\/\/www.europesays.com\/fr\/187309\/","title":{"rendered":"PSG \u2013 Ousmane Demb\u00e9l\u00e9 s\u2019entra\u00eene toujours \u00e0 part &#8211;"},"content":{"rendered":"<p><img width=\"700\" height=\"350\" src=\"https:\/\/www.europesays.com\/fr\/wp-content\/uploads\/2025\/06\/Dembele-1.jpg\" class=\"attachment-jannah-image-post size-jannah-image-post wp-post-image\" alt=\"Demb\u00e9l\u00e9\" is_main_img=\"1\" decoding=\"async\" fetchpriority=\"high\"  \/><br \/>\n Image :<br \/>\npsg.fr<\/p>\n<p>\u00c0 la veille d\u2019affronter Botafogo pour le compte de la<br \/>\ndeuxi\u00e8me journ\u00e9e de la phase de poules de la Coupe du monde des<br \/>\nclubs, le PSG s\u2019entra\u00eenait une derni\u00e8re fois. Ousmane Demb\u00e9l\u00e9 a<br \/>\npoursuivi son travail en individuel.\u00a0<\/p>\n<p>Touch\u00e9 aux quadriceps de la cuisse gauche lors du rassemblement<br \/>\nde l\u2019<strong>\u00e9quipe de France<\/strong>, <strong>Ousmane<br \/>\nDemb\u00e9l\u00e9<\/strong> a manqu\u00e9 le premier match de la phase de poules de<br \/>\nla <strong>Coupe du monde des clubs<\/strong> contre<br \/>\nl\u2019<strong>Atl\u00e9tico de Madrid<\/strong> dimanche soir (4-0). Selon<br \/>\nles derni\u00e8res indiscr\u00e9tions, il devrait d\u00e9clarer forfait pour la<br \/>\nrencontre contre <a href=\"https:\/\/canal-supporters.com\/cdm-des-clubs-avant-daffronter-le-psg-botafogo-simpose-face-a-seattle-sounders\/\" title=\"\" target=\"_blank\" rel=\"noopener\"><strong>Botafogo<\/strong><\/a> demain, mais possiblement<br \/>\nfaire son retour contre <strong>Seattle<\/strong> lundi. Ce<br \/>\nmercredi, le <strong>PSG<\/strong> s\u2019est entra\u00een\u00e9 une derni\u00e8re fois<br \/>\navant d\u2019affronter les Br\u00e9siliens.<\/p>\n<p>A voir aussi : <a href=\"https:\/\/canal-supporters.com\/toko-ekambi-dembele-on-devrait-tous-etre-derriere-lui\/\" title=\"\" target=\"_blank\" rel=\"noopener\">Toko-Ekambi : \u00ab\u00a0Demb\u00e9l\u00e9, on devrait tous \u00eatre<br \/>\nderri\u00e8re lui\u00a0\u00bb<\/a><\/p>\n<p><a href=\"https:\/\/x.com\/CanalSupporters\" target=\"_blank\" rel=\"noopener\" title=\"\">canalsupporters.com<\/a><\/p>\n<p>Bradley Barcola<br \/>\nbien pr\u00e9sent \u00e0 l\u2019entra\u00eenement collectif<\/p>\n<p>Et sans surprise, le num\u00e9ro 10 du <strong>PSG<\/strong> a<br \/>\npoursuivi son\u00a0<a href=\"https:\/\/canal-supporters.com\/barcola-present-a-lentrainement-dembele-toujours-a-part\/\" target=\"_blank\" rel=\"noopener\">travail<br \/>\nen individuel<\/a>, comme le rapporte <strong><a href=\"https:\/\/x.com\/Adrientp\/status\/1935407332944490575\" target=\"_blank\" rel=\"noopener\" title=\"\">Adrien Chantegrelet<\/a><\/strong>,<br \/>\njournaliste sp\u00e9cialiste des Rouge &amp; Bleu pour Le Parisien.<br \/>\n\u00c9galement bless\u00e9, lui, au genou, lors du rassemblement des<br \/>\n<strong>Bleus<\/strong>, <strong>Bradley Barcola<\/strong>, comme ces<br \/>\nderniers jours, \u00e9tait bien pr\u00e9sent \u00e0 l\u2019entra\u00eenement collectif du<br \/>\n<strong>PSG<\/strong> ce mercredi. Il postule donc pour une place<br \/>\ndans le groupe de <strong>Luis Enrique<\/strong> pour la rencontre<br \/>\ncontre <strong>Botafogo<\/strong>. Il pourrait ainsi faire ses<br \/>\nd\u00e9buts en <strong>Coupe du monde des<br \/>\nclubs<\/strong>.\u00a0<strong>Presnel Kimpembe<\/strong> et<br \/>\n<strong>Gabriel Moscardo<\/strong> \u00e9taient \u00e9galement pr\u00e9sents lors<br \/>\nde la s\u00e9ance collective.<\/p><\/p>\n","protected":false},"excerpt":{"rendered":"Image : psg.fr \u00c0 la veille d\u2019affronter Botafogo pour le compte de la deuxi\u00e8me journ\u00e9e de la phase&hellip;\n","protected":false},"author":2,"featured_media":187310,"comment_status":"","ping_status":"","sticky":false,"template":"","format":"standard","meta":{"footnotes":""},"categories":[9],"tags":[12460,9707,81,7151,787,12732,6769,32503,5046,32504,1011,27,2782,626,91,92,93,60,96],"class_list":{"0":"post-187309","1":"post","2":"type-post","3":"status-publish","4":"format-standard","5":"has-post-thumbnail","7":"category-sports","8":"tag-barcola","9":"tag-bradley-barcola","10":"tag-canal-supporters","11":"tag-coupe-du-monde-des-clubs","12":"tag-cs","13":"tag-dembele","14":"tag-entrainement","15":"tag-entrainement-a-part","16":"tag-entrainement-collectif","17":"tag-entrainement-individuel","18":"tag-fr","19":"tag-france","20":"tag-ousmane-dembele","21":"tag-paris","22":"tag-paris-saint-germain","23":"tag-paris-sg","24":"tag-psg","25":"tag-sports","26":"tag-une"},"share_on_mastodon":{"url":"https:\/\/pubeurope.com\/@fr\/114707615206752957","error":""},"_links":{"self":[{"href":"https:\/\/www.europesays.com\/fr\/wp-json\/wp\/v2\/posts\/187309","targetHints":{"allow":["GET"]}}],"collection":[{"href":"https:\/\/www.europesays.com\/fr\/wp-json\/wp\/v2\/posts"}],"about":[{"href":"https:\/\/www.europesays.com\/fr\/wp-json\/wp\/v2\/types\/post"}],"author":[{"embeddable":true,"href":"https:\/\/www.europesays.com\/fr\/wp-json\/wp\/v2\/users\/2"}],"replies":[{"embeddable":true,"href":"https:\/\/www.europesays.com\/fr\/wp-json\/wp\/v2\/comments?post=187309"}],"version-history":[{"count":0,"href":"https:\/\/www.europesays.com\/fr\/wp-json\/wp\/v2\/posts\/187309\/revisions"}],"wp:featuredmedia":[{"embeddable":true,"href":"https:\/\/www.europesays.com\/fr\/wp-json\/wp\/v2\/media\/187310"}],"wp:attachment":[{"href":"https:\/\/www.europesays.com\/fr\/wp-json\/wp\/v2\/media?parent=187309"}],"wp:term":[{"taxonomy":"category","embeddable":true,"href":"https:\/\/www.europesays.com\/fr\/wp-json\/wp\/v2\/categories?post=187309"},{"taxonomy":"post_tag","embeddable":true,"href":"https:\/\/www.europesays.com\/fr\/wp-json\/wp\/v2\/tags?post=187309"}],"curies":[{"name":"wp","href":"https:\/\/api.w.org\/{rel}","templated":true}]}}