{"id":187315,"date":"2025-06-19T02:16:10","date_gmt":"2025-06-19T02:16:10","guid":{"rendered":"https:\/\/www.europesays.com\/fr\/187315\/"},"modified":"2025-06-19T02:16:10","modified_gmt":"2025-06-19T02:16:10","slug":"les-etats-unis-approuvent-un-nouveau-traitement-preventif-contre-le-vih","status":"publish","type":"post","link":"https:\/\/www.europesays.com\/fr\/187315\/","title":{"rendered":"Les Etats-Unis approuvent un nouveau traitement pr\u00e9ventif contre le VIH"},"content":{"rendered":"<p>Un traitement pr\u00e9ventif contre le <a href=\"https:\/\/www.20minutes.fr\/dossier\/sida\" target=\"_blank\" class=\"color-ultramarine c-link\" rel=\"noopener\">VIH<\/a> administr\u00e9 seulement deux fois par an vient d\u2019obtenir le feu vert des autorit\u00e9s sanitaires am\u00e9ricaines. D\u00e9velopp\u00e9 par le laboratoire <a href=\"https:\/\/fr.wikipedia.org\/wiki\/Gilead_Sciences\" rel=\"nofollow noopener\" target=\"_blank\" class=\"color-ultramarine c-link\">Gilead<\/a>, Yeztugo pourrait marquer un tournant historique dans la lutte contre le sida, en facilitant largement l\u2019acc\u00e8s et l\u2019observance \u00e0 la prophylaxie pr\u00e9-exposition (PrEP).<\/p>\n<p>Contrairement aux <a href=\"https:\/\/www.20minutes.fr\/dossier\/medicament\" target=\"_blank\" class=\"color-ultramarine c-link\" rel=\"noopener\">m\u00e9dicaments<\/a> pr\u00e9ventifs actuels, qui n\u00e9cessitent une prise quotidienne, Yeztugo repose sur une formule injectable biannuelle. Il s\u2019adresse aux adultes et adolescents pesant au moins 35 kg, qu\u2019ils soient expos\u00e9s au virus ou d\u00e9sireux de b\u00e9n\u00e9ficier d\u2019une protection renforc\u00e9e.<\/p>\n<p>Une strat\u00e9gie de pr\u00e9vention simple et durable<\/p>\n<p>\u00ab\u00a0C\u2019est un jour historique dans la lutte contre le VIH\u00a0\u00bb, a salu\u00e9 Daniel O\u2019Day, directeur g\u00e9n\u00e9ral de Gilead, dans un communiqu\u00e9. Le laboratoire mise sur le <a href=\"https:\/\/www.20minutes.fr\/sante\/4129736-20241217-vih-lenacapavir-medicament-efficacite-precedent-encore-trop-cher\" target=\"_blank\" class=\"color-ultramarine c-link\" rel=\"noopener\">lenacapavir<\/a>, une mol\u00e9cule d\u00e9j\u00e0 pr\u00e9sente dans son traitement anti-r\u00e9troviral Sunlenca, autoris\u00e9 depuis\u00a02022. Selon les chercheurs, cette mol\u00e9cule promet une efficacit\u00e9 in\u00e9gal\u00e9e, susceptible de \u00ab\u00a0changer la donne\u00a0\u00bb dans la pr\u00e9vention du <a href=\"https:\/\/www.20minutes.fr\/dossier\/virus\" target=\"_blank\" class=\"color-ultramarine c-link\" rel=\"noopener\">virus<\/a>.<\/p>\n<\/p>\n<p>Yeztugo arrive apr\u00e8s l\u2019Apretude, premier injectable approuv\u00e9 en\u00a02021 par la <a href=\"https:\/\/www.fda.gov\" rel=\"nofollow noopener\" target=\"_blank\" class=\"color-ultramarine c-link\">FDA<\/a> et mis au point par ViiV Healthcare. Mais l\u2019approbation du traitement de Gilead renforce les perspectives d\u2019une strat\u00e9gie de pr\u00e9vention plus simple, plus durable, et donc potentiellement plus efficace \u00e0 grande \u00e9chelle.<\/p>\n<p>L\u2019obstacle du prix\u00a0?<\/p>\n<p>L\u2019enthousiasme est toutefois temp\u00e9r\u00e9 par des inqui\u00e9tudes sur le co\u00fbt du traitement. Si le prix exact n\u2019a pas \u00e9t\u00e9 communiqu\u00e9, les analystes tablent sur un tarif de 25.000 dollars par an aux <a href=\"https:\/\/www.20minutes.fr\/monde\/etats-unis\/\" target=\"_blank\" class=\"color-ultramarine c-link\" rel=\"noopener\">Etats-Unis<\/a>. Une somme jug\u00e9e prohibitive, en particulier pour les pays \u00e0 faibles revenus. Des ONG et des experts exhortent Gilead \u00e0 permettre une production g\u00e9n\u00e9rique afin de garantir un acc\u00e8s \u00e9quitable.<\/p>\n<p><a href=\"https:\/\/www.20minutes.fr\/dossier\/sida\" target=\"_blank\" class=\"c-link c-btn c-btn--primary\" rel=\"noopener\">Notre dossier sur les VIH<\/a><\/p>\n<p>La directrice ex\u00e9cutive de l\u2019Onusida, Winnie Byanyima, avait d\u00e9j\u00e0 appel\u00e9 en mars \u00e0 un d\u00e9ploiement mondial ambitieux de cette innovation, qualifiant le lenacapavir \u00ab\u00a0d\u2019outil miracle\u00a0\u00bb et estimant que le monde \u00e9tait \u00ab\u00a0\u00e0 l\u2019aube d\u2019une nouvelle r\u00e9volution dans le traitement pr\u00e9ventif\u00a0\u00bb.<\/p>\n","protected":false},"excerpt":{"rendered":"Un traitement pr\u00e9ventif contre le VIH administr\u00e9 seulement deux fois par an vient d\u2019obtenir le feu vert des&hellip;\n","protected":false},"author":2,"featured_media":187316,"comment_status":"","ping_status":"","sticky":false,"template":"","format":"standard","meta":{"footnotes":""},"categories":[6],"tags":[47,35,33,34,73,1011,27,32505,7141,225,71,20167,227,5336],"class_list":{"0":"post-187315","1":"post","2":"type-post","3":"status-publish","4":"format-standard","5":"has-post-thumbnail","7":"category-economie","8":"tag-actualite","9":"tag-business","10":"tag-economie","11":"tag-economy","12":"tag-etats-unis","13":"tag-fr","14":"tag-france","15":"tag-industrie-pharmaceutique","16":"tag-laboratoire","17":"tag-medicament","18":"tag-sante","19":"tag-sida","20":"tag-traitement","21":"tag-virus"},"share_on_mastodon":{"url":"https:\/\/pubeurope.com\/@fr\/114707626963462797","error":""},"_links":{"self":[{"href":"https:\/\/www.europesays.com\/fr\/wp-json\/wp\/v2\/posts\/187315","targetHints":{"allow":["GET"]}}],"collection":[{"href":"https:\/\/www.europesays.com\/fr\/wp-json\/wp\/v2\/posts"}],"about":[{"href":"https:\/\/www.europesays.com\/fr\/wp-json\/wp\/v2\/types\/post"}],"author":[{"embeddable":true,"href":"https:\/\/www.europesays.com\/fr\/wp-json\/wp\/v2\/users\/2"}],"replies":[{"embeddable":true,"href":"https:\/\/www.europesays.com\/fr\/wp-json\/wp\/v2\/comments?post=187315"}],"version-history":[{"count":0,"href":"https:\/\/www.europesays.com\/fr\/wp-json\/wp\/v2\/posts\/187315\/revisions"}],"wp:featuredmedia":[{"embeddable":true,"href":"https:\/\/www.europesays.com\/fr\/wp-json\/wp\/v2\/media\/187316"}],"wp:attachment":[{"href":"https:\/\/www.europesays.com\/fr\/wp-json\/wp\/v2\/media?parent=187315"}],"wp:term":[{"taxonomy":"category","embeddable":true,"href":"https:\/\/www.europesays.com\/fr\/wp-json\/wp\/v2\/categories?post=187315"},{"taxonomy":"post_tag","embeddable":true,"href":"https:\/\/www.europesays.com\/fr\/wp-json\/wp\/v2\/tags?post=187315"}],"curies":[{"name":"wp","href":"https:\/\/api.w.org\/{rel}","templated":true}]}}