{"id":187317,"date":"2025-06-19T02:17:10","date_gmt":"2025-06-19T02:17:10","guid":{"rendered":"https:\/\/www.europesays.com\/fr\/187317\/"},"modified":"2025-06-19T02:17:10","modified_gmt":"2025-06-19T02:17:10","slug":"layatollah-khamenei-previent-que-liran-ne-se-rendra-jamais-et-menace-les-etats-unis","status":"publish","type":"post","link":"https:\/\/www.europesays.com\/fr\/187317\/","title":{"rendered":"L\u2019ayatollah Khamenei pr\u00e9vient que l\u2019Iran \u00ab\u00a0ne se rendra jamais\u00a0\u00bb et menace les Etats-Unis"},"content":{"rendered":"<p>Le guide supr\u00eame d\u2019<a href=\"https:\/\/www.20minutes.fr\/monde\/iran\/\" class=\"color-ultramarine c-link\" rel=\"nofollow noopener\" target=\"_blank\">Iran<\/a>, Ali Khamenei, a proclam\u00e9 mercredi que son pays \u00ab\u00a0ne se rendra jamais\u00a0\u00bb. Il a mis en garde les <a href=\"https:\/\/www.20minutes.fr\/monde\/etats-unis\/\" class=\"color-ultramarine c-link\" rel=\"nofollow noopener\" target=\"_blank\">Etats-Unis<\/a> contre des \u00ab\u00a0dommages irr\u00e9parables\u00a0\u00bb en cas d\u2019intervention dans le conflit entre la R\u00e9publique islamique et <a href=\"https:\/\/www.20minutes.fr\/monde\/israel\/\" class=\"color-ultramarine c-link\" rel=\"nofollow noopener\" target=\"_blank\">Isra\u00ebl<\/a>. L\u2019ayatollah Khamenei, au pouvoir depuis\u00a01989, r\u00e9agissait aux menaces du pr\u00e9sident am\u00e9ricain <a href=\"https:\/\/www.20minutes.fr\/dossier\/donald_trump\" class=\"color-ultramarine c-link\" rel=\"nofollow noopener\" target=\"_blank\">Donald Trump<\/a>. L\u2019alli\u00e9 d\u2019Isra\u00ebl a appel\u00e9 mardi l\u2019Iran \u00ab\u00a0\u00e0 capituler sans conditions\u00a0\u00bb et affirm\u00e9 que les <a href=\"https:\/\/www.20minutes.fr\/monde\/etats-unis\/\" class=\"color-ultramarine c-link\" rel=\"nofollow noopener\" target=\"_blank\">Etats-Unis<\/a> pouvaient tuer le guide supr\u00eame.<\/p>\n<p>\u00ab\u00a0La nation iranienne s\u2019oppose fermement \u00e0 une guerre impos\u00e9e, tout comme elle s\u2019opposera fermement \u00e0 une paix impos\u00e9e. Cette nation ne se rendra jamais (sous la pression) de qui que ce soit\u00a0\u00bb, a dit l\u2019ayatollah Khamenei dans une d\u00e9claration lue \u00e0 la t\u00e9l\u00e9vision d\u2019Etat. \u00ab\u00a0Les Am\u00e9ricains doivent savoir que toute intervention militaire de leur part entra\u00eenera assur\u00e9ment des d\u00e9g\u00e2ts irr\u00e9parables\u00a0\u00bb, a-t-il ajout\u00e9, en fustigeant des propos \u00ab\u00a0inacceptables\u00a0\u00bb de Trump.<\/p>\n<p>\u00ab\u00a0Capitulation sans condition\u00a0\u00bb<\/p>\n<p>Alors que les sp\u00e9culations s\u2019intensifient sur une \u00e9ventuelle participation directe des Etats-Unis au conflit, Donald Trump a d\u00e9clar\u00e9 mardi\u00a0: les Etats-Unis \u00ab\u00a0savent exactement o\u00f9 se cache le soi-disant \u00ab\u00a0guide supr\u00eame\u00a0\u00bb\u00a0\u00bb mais ne comptent pas \u00ab\u00a0l\u2019\u00e9liminer (le tuer\u00a0!), du moins pour le moment\u00a0\u00bb. \u00ab\u00a0Capitulation sans condition\u00a0\u00bb, a-t-il encore dit sur son r\u00e9seau Truth Social, se pr\u00e9valant du contr\u00f4le total de l\u2019espace a\u00e9rien iranien. Selon des responsables am\u00e9ricains, M.\u00a0Trump n\u2019a pas encore pris de d\u00e9cision et garde toutes les options sur la table.<\/p>\n<p>Les Occidentaux et Isra\u00ebl soup\u00e7onnent l\u2019Iran de chercher \u00e0 se doter de la bombe atomique, ce que T\u00e9h\u00e9ran d\u00e9ment, d\u00e9fendant son droit \u00e0 un programme nucl\u00e9aire civil.<\/p>\n<\/p>\n<p>Les Etats-Unis ont dit renforcer leur \u00ab\u00a0dispositif d\u00e9fensif\u00a0\u00bb au Moyen-Orient, et y envoyer leur porte-avions Nimitz. Ils ont annonc\u00e9 mardi la fermeture de leur ambassade situ\u00e9e \u00e0 J\u00e9rusalem jusqu\u2019\u00e0 vendredi.<\/p>\n<p><a href=\"https:\/\/www.20minutes.fr\/monde\/iran\/\" class=\"c-link c-btn c-btn--primary\" rel=\"nofollow noopener\" target=\"_blank\">Notre dossier sur l&rsquo;Iran<\/a><\/p>\n<p>Si Donald Trump choisissait d\u2019engager son pays dans le conflit, une puissante bombe anti-bunker am\u00e9ricaine, la GBU-57, la seule \u00e0 m\u00eame de d\u00e9truire les installations nucl\u00e9aires iraniennes profond\u00e9ment enfouies, pourrait constituer une arme strat\u00e9gique de choix, selon les experts.<\/p>\n","protected":false},"excerpt":{"rendered":"Le guide supr\u00eame d\u2019Iran, Ali Khamenei, a proclam\u00e9 mercredi que son pays \u00ab\u00a0ne se rendra jamais\u00a0\u00bb. Il a&hellip;\n","protected":false},"author":2,"featured_media":187318,"comment_status":"","ping_status":"","sticky":false,"template":"","format":"standard","meta":{"footnotes":""},"categories":[5],"tags":[47,11,75,73,1011,27,14,3019,664,74,3257,12,10734,28],"class_list":{"0":"post-187317","1":"post","2":"type-post","3":"status-publish","4":"format-standard","5":"has-post-thumbnail","7":"category-international","8":"tag-actualite","9":"tag-actualites","10":"tag-donald-trump","11":"tag-etats-unis","12":"tag-fr","13":"tag-france","14":"tag-international","15":"tag-iran","16":"tag-israel","17":"tag-monde","18":"tag-moyen-orient","19":"tag-news","20":"tag-teheran","21":"tag-world"},"share_on_mastodon":{"url":"https:\/\/pubeurope.com\/@fr\/114707630909354689","error":""},"_links":{"self":[{"href":"https:\/\/www.europesays.com\/fr\/wp-json\/wp\/v2\/posts\/187317","targetHints":{"allow":["GET"]}}],"collection":[{"href":"https:\/\/www.europesays.com\/fr\/wp-json\/wp\/v2\/posts"}],"about":[{"href":"https:\/\/www.europesays.com\/fr\/wp-json\/wp\/v2\/types\/post"}],"author":[{"embeddable":true,"href":"https:\/\/www.europesays.com\/fr\/wp-json\/wp\/v2\/users\/2"}],"replies":[{"embeddable":true,"href":"https:\/\/www.europesays.com\/fr\/wp-json\/wp\/v2\/comments?post=187317"}],"version-history":[{"count":0,"href":"https:\/\/www.europesays.com\/fr\/wp-json\/wp\/v2\/posts\/187317\/revisions"}],"wp:featuredmedia":[{"embeddable":true,"href":"https:\/\/www.europesays.com\/fr\/wp-json\/wp\/v2\/media\/187318"}],"wp:attachment":[{"href":"https:\/\/www.europesays.com\/fr\/wp-json\/wp\/v2\/media?parent=187317"}],"wp:term":[{"taxonomy":"category","embeddable":true,"href":"https:\/\/www.europesays.com\/fr\/wp-json\/wp\/v2\/categories?post=187317"},{"taxonomy":"post_tag","embeddable":true,"href":"https:\/\/www.europesays.com\/fr\/wp-json\/wp\/v2\/tags?post=187317"}],"curies":[{"name":"wp","href":"https:\/\/api.w.org\/{rel}","templated":true}]}}